{"id":377,"date":"2022-09-22T02:36:23","date_gmt":"2022-09-22T02:36:23","guid":{"rendered":"https:\/\/pornuestrolaredo.com\/?p=377"},"modified":"2022-09-22T05:28:00","modified_gmt":"2022-09-22T05:28:00","slug":"proponen-duplicar-las-vacaciones","status":"publish","type":"post","link":"https:\/\/pornuestrolaredo.com\/?p=377","title":{"rendered":"Proponen duplicar las vacaciones"},"content":{"rendered":"\n<p class=\"wp-block-paragraph\"><strong><em>CIUDAD DE M\u00c9XICO.-<\/em><\/strong> La Comisi\u00f3n de Trabajo y Previsi\u00f3n Social en el Senado se dispone a dictaminar una reforma para que se duplique el periodo de vacaciones pagadas para los trabajadores, las cuales pasar\u00edan de 6 a 12 d\u00edas en el primer a\u00f1o laborado.<\/p>\n\n\n\n<p class=\"wp-block-paragraph\">La propuesta, presentada por la senadora de Movimiento Ciudadano, Patricia Mercado, plantea que en los primeros cinco a\u00f1os este periodo aumente dos d\u00edas de forma anual y a partir del sexto a\u00f1o dos d\u00edas por cada cinco de servicio.<\/p>\n\n\n\n<p class=\"wp-block-paragraph\">Conforme la exposici\u00f3n de motivos, la Organizaci\u00f3n Mundial de la Salud estima que M\u00e9xico tiene un 75 por ciento de prevalencia de estr\u00e9s en su fuerza laboral, que lo coloca en el primer lugar por encima de las primeras econom\u00edas del mundo, como China con un 73 por ciento y EU con un 59 por ciento.<\/p>\n\n\n\n<p class=\"wp-block-paragraph\">La iniciativa se\u00f1ala que M\u00e9xico tambi\u00e9n es el Pa\u00eds en el que m\u00e1s horas se trabaja a nivel mundial, con 2 mil 124 horas al a\u00f1o sobre el promedio de la OCDE de mil 687 horas.<\/p>\n\n\n\n<p class=\"wp-block-paragraph\">A pesar de ello, advierte, el \u00cdndice de Competitividad Internacional del IMCO coloca a M\u00e9xico en la posici\u00f3n 37 de 43 pa\u00edses evaluados.<\/p>\n\n\n\n<p class=\"wp-block-paragraph\">La iniciativa, sin embargo, preocupa al sector privado.<\/p>\n\n\n\n<blockquote class=\"wp-block-quote is-layout-flow wp-block-quote-is-layout-flow\"><p>Cada vez se le dan m\u00e1s grav\u00e1menes a la formalidad y m\u00e1s incentivos a la informalidad. Dar m\u00e1s d\u00edas de vacaciones significa una carga para efectos patronales y el Gobierno no asume ninguna parte econ\u00f3mica, como ocurre con las licencias de paternidad&#8221;, se\u00f1al\u00f3 Jorge Sales, abogado laboral. <\/p><\/blockquote>\n\n\n\n<p class=\"wp-block-paragraph\">Miguel \u00c1ngel Tavares, integrante de la Comisi\u00f3n T\u00e9cnica Fiscal del Colegio de Contadores P\u00fablicos, argument\u00f3 que no hay condiciones para un cambio de ese tipo, pues la Ley del ISR actual da 15 d\u00edas de exenci\u00f3n para los patrones en cuesti\u00f3n de vacaciones y todo lo que exceda de ese tiempo paga impuestos.<\/p>\n","protected":false},"excerpt":{"rendered":"<p>CIUDAD DE M\u00c9XICO.- La Comisi\u00f3n de Trabajo y Previsi\u00f3n Social en el Senado se dispone a dictaminar una<\/p>\n","protected":false},"author":1,"featured_media":381,"comment_status":"closed","ping_status":"closed","sticky":false,"template":"","format":"standard","meta":{"_crdt_document":"","_jetpack_memberships_contains_paid_content":false,"footnotes":"","jetpack_publicize_message":"Comisi\u00f3n del Senado considera que en lugar de 6 d\u00edas al primer a\u00f1o se den 12","jetpack_publicize_feature_enabled":true,"jetpack_social_post_already_shared":true,"jetpack_social_options":{"image_generator_settings":{"template":"highway","default_image_id":0,"font":"","enabled":false},"version":2},"_wpas_customize_per_network":false},"categories":[9],"tags":[],"class_list":["post-377","post","type-post","status-publish","format-standard","has-post-thumbnail","hentry","category-el-mundo"],"magazineBlocksPostFeaturedMedia":{"thumbnail":"https:\/\/pornuestrolaredo.com\/wp-content\/uploads\/2022\/09\/PNL-20220922-1-150x150.jpeg","medium":"https:\/\/pornuestrolaredo.com\/wp-content\/uploads\/2022\/09\/PNL-20220922-1-300x169.jpeg","medium_large":"https:\/\/pornuestrolaredo.com\/wp-content\/uploads\/2022\/09\/PNL-20220922-1-768x432.jpeg","large":"https:\/\/pornuestrolaredo.com\/wp-content\/uploads\/2022\/09\/PNL-20220922-1-1024x576.jpeg","1536x1536":"https:\/\/pornuestrolaredo.com\/wp-content\/uploads\/2022\/09\/PNL-20220922-1-1536x864.jpeg","2048x2048":"https:\/\/pornuestrolaredo.com\/wp-content\/uploads\/2022\/09\/PNL-20220922-1.jpeg","morenews-large":"https:\/\/pornuestrolaredo.com\/wp-content\/uploads\/2022\/09\/PNL-20220922-1.jpeg","morenews-medium":"https:\/\/pornuestrolaredo.com\/wp-content\/uploads\/2022\/09\/PNL-20220922-1.jpeg"},"magazineBlocksPostAuthor":{"name":"Redactor","avatar":"https:\/\/pornuestrolaredo.com\/wp-content\/litespeed\/avatar\/dca1d7ec750c399f025f23b0b314f4cf.jpg?ver=1777007253"},"magazineBlocksPostCommentsNumber":false,"magazineBlocksPostExcerpt":"CIUDAD DE M\u00c9XICO.- La Comisi\u00f3n de Trabajo y Previsi\u00f3n Social en el Senado se dispone a dictaminar una","magazineBlocksPostCategories":["El Mundo"],"magazineBlocksPostViewCount":139,"magazineBlocksPostReadTime":2,"magazine_blocks_featured_image_url":{"full":["https:\/\/pornuestrolaredo.com\/wp-content\/uploads\/2022\/09\/PNL-20220922-1.jpeg",1920,1080,false],"medium":["https:\/\/pornuestrolaredo.com\/wp-content\/uploads\/2022\/09\/PNL-20220922-1-300x169.jpeg",300,169,true],"thumbnail":["https:\/\/pornuestrolaredo.com\/wp-content\/uploads\/2022\/09\/PNL-20220922-1-150x150.jpeg",150,150,true]},"magazine_blocks_author":{"display_name":"Redactor","author_link":"https:\/\/pornuestrolaredo.com\/?author=1"},"magazine_blocks_comment":0,"magazine_blocks_author_image":"https:\/\/pornuestrolaredo.com\/wp-content\/litespeed\/avatar\/dca1d7ec750c399f025f23b0b314f4cf.jpg?ver=1777007253","magazine_blocks_category":"<a href=\"#\" class=\"category-link category-link-9\">El Mundo<\/a>","jetpack_publicize_connections":[],"featured_image_urls":{"full":["https:\/\/pornuestrolaredo.com\/wp-content\/uploads\/2022\/09\/PNL-20220922-1.jpeg",1920,1080,false],"thumbnail":["https:\/\/pornuestrolaredo.com\/wp-content\/uploads\/2022\/09\/PNL-20220922-1-150x150.jpeg",150,150,true],"medium":["https:\/\/pornuestrolaredo.com\/wp-content\/uploads\/2022\/09\/PNL-20220922-1-300x169.jpeg",300,169,true],"medium_large":["https:\/\/pornuestrolaredo.com\/wp-content\/uploads\/2022\/09\/PNL-20220922-1-768x432.jpeg",640,360,true],"large":["https:\/\/pornuestrolaredo.com\/wp-content\/uploads\/2022\/09\/PNL-20220922-1-1024x576.jpeg",640,360,true],"1536x1536":["https:\/\/pornuestrolaredo.com\/wp-content\/uploads\/2022\/09\/PNL-20220922-1-1536x864.jpeg",1536,864,true],"2048x2048":["https:\/\/pornuestrolaredo.com\/wp-content\/uploads\/2022\/09\/PNL-20220922-1.jpeg",1920,1080,false],"morenews-large":["https:\/\/pornuestrolaredo.com\/wp-content\/uploads\/2022\/09\/PNL-20220922-1.jpeg",825,464,false],"morenews-medium":["https:\/\/pornuestrolaredo.com\/wp-content\/uploads\/2022\/09\/PNL-20220922-1.jpeg",590,332,false]},"author_info":{"info":["Redactor"]},"category_info":"<a href=\"https:\/\/pornuestrolaredo.com\/?cat=9\" rel=\"category\">El Mundo<\/a>","tag_info":"El Mundo","comment_count":"0","jetpack_featured_media_url":"https:\/\/pornuestrolaredo.com\/wp-content\/uploads\/2022\/09\/PNL-20220922-1.jpeg","jetpack_sharing_enabled":true,"_links":{"self":[{"href":"https:\/\/pornuestrolaredo.com\/index.php?rest_route=\/wp\/v2\/posts\/377","targetHints":{"allow":["GET"]}}],"collection":[{"href":"https:\/\/pornuestrolaredo.com\/index.php?rest_route=\/wp\/v2\/posts"}],"about":[{"href":"https:\/\/pornuestrolaredo.com\/index.php?rest_route=\/wp\/v2\/types\/post"}],"author":[{"embeddable":true,"href":"https:\/\/pornuestrolaredo.com\/index.php?rest_route=\/wp\/v2\/users\/1"}],"replies":[{"embeddable":true,"href":"https:\/\/pornuestrolaredo.com\/index.php?rest_route=%2Fwp%2Fv2%2Fcomments&post=377"}],"version-history":[{"count":1,"href":"https:\/\/pornuestrolaredo.com\/index.php?rest_route=\/wp\/v2\/posts\/377\/revisions"}],"predecessor-version":[{"id":379,"href":"https:\/\/pornuestrolaredo.com\/index.php?rest_route=\/wp\/v2\/posts\/377\/revisions\/379"}],"wp:featuredmedia":[{"embeddable":true,"href":"https:\/\/pornuestrolaredo.com\/index.php?rest_route=\/wp\/v2\/media\/381"}],"wp:attachment":[{"href":"https:\/\/pornuestrolaredo.com\/index.php?rest_route=%2Fwp%2Fv2%2Fmedia&parent=377"}],"wp:term":[{"taxonomy":"category","embeddable":true,"href":"https:\/\/pornuestrolaredo.com\/index.php?rest_route=%2Fwp%2Fv2%2Fcategories&post=377"},{"taxonomy":"post_tag","embeddable":true,"href":"https:\/\/pornuestrolaredo.com\/index.php?rest_route=%2Fwp%2Fv2%2Ftags&post=377"}],"curies":[{"name":"wp","href":"https:\/\/api.w.org\/{rel}","templated":true}]}}