{"id":3778,"date":"2024-02-05T03:36:56","date_gmt":"2024-02-05T03:36:56","guid":{"rendered":"https:\/\/pornuestrolaredo.com\/?p=3778"},"modified":"2024-02-05T03:36:56","modified_gmt":"2024-02-05T03:36:56","slug":"incendios-en-chile-matan-a-112-personas","status":"publish","type":"post","link":"https:\/\/pornuestrolaredo.com\/?p=3778","title":{"rendered":"Incendios en Chile matan a 112 personas"},"content":{"rendered":"<p><strong><em>SANTIAGO.-<\/em> <\/strong>Un total de 112 personas han fallecido por los incendios que desde el viernes asolan la regi\u00f3n de Valpara\u00edso en Chile, anunci\u00f3 el domingo el subsecretario Manuel Monsalve en el \u00faltimo parte de la noche, utilizando cifras del Servicio M\u00e9dico Legal.<\/p>\n<p>El presidente Gabriel Boric decret\u00f3 dos d\u00edas de duelo oficial a partir del lunes.<\/p>\n<p>En su visita a la regi\u00f3n el domingo para encabezar el comit\u00e9 de emergencia, Boric advirti\u00f3 que la cifra de fallecidos iba \u201ca crecer significativamente \u201d, y se\u00f1al\u00f3 que esta es la peor tragedia que ha vivido el pa\u00eds en lo que respecta a n\u00famero de v\u00edctimas desde el terremoto del 27 de febrero de 2010.<\/p>\n<p>Dijo que tan s\u00f3lo en la zona de Quilpu\u00e9, desde donde hablaba, hab\u00eda m\u00e1s de mil 300 casas destruidas, y que en otras zonas, como en la ciudad de Vi\u00f1a del Mar \u2014una de las m\u00e1s grandes y pobladas golpeadas por el fuego\u2014 el n\u00famero de viviendas afectadas podr\u00eda ser mayor.<\/p>\n<p>El subsecretario Manuel Monsalve dijo en la jornada previa que las viviendas afectadas superaban las 3 mil.<\/p>\n<p>En d\u00edas recientes Chile ha vivido una ola de calor que ha batido r\u00e9cords para esta \u00e9poca del a\u00f1o.<\/p>\n<p>Las autoridades han se\u00f1alado que en una jornada como el domingo, cuando la neblina de la vaguada costera hace m\u00e1s f\u00e1cil combatir el fuego, la prioridad ser\u00e1 recoger los cad\u00e1veres de las v\u00edctimas que a\u00fan yacen en las calles o en sus casas en lugares de dif\u00edcil acceso, una de las exigencias de los vecinos afectados.<\/p>\n<blockquote><p>Una de las urgencias m\u00e1s acuciantes es recuperar los cuerpos de las personas que han fallecido\u201d, algo prioritario, ya que es una angustia para los familiares y para aquellos que al trabajar en tareas de rescate se encuentran con el cuerpo de una persona, declar\u00f3 Boric.<\/p><\/blockquote>\n<p>El palacio presidencial de Cerro Castillo, ubicado en Vi\u00f1a del Mar, ser\u00e1 utilizado para actividades con ni\u00f1os y adolescentes v\u00edctimas de la tragedia, y en \u00e9l se contar\u00e1 con monitores para actividades y contenci\u00f3n emocional, anunci\u00f3 el mandatario.<\/p>\n<p>En las comunas de Vi\u00f1a del Mar, Quilpu\u00e9, Limache y Villa Alemana \u2014las m\u00e1s afectadas por los fuegos\u2014 reg\u00eda un toque de queda para facilitar las evacuaciones. En Chile, las comunas corresponden a la unidad b\u00e1sica de la administraci\u00f3n local.<\/p>\n<p>Boric \u2014que el viernes declar\u00f3 estado de excepci\u00f3n por cat\u00e1strofe en la zona, lo que permite movilizar recursos con mayor rapidez\u2014 se\u00f1al\u00f3 que la prioridad sigue siendo salvar vidas y controlar los focos que siguen activos. En total hay 34 incendios activos en todo el pa\u00eds; 43 adicionales ya han sido controlados.<\/p>\n<p>M\u00e1s de mil 300 efectivos militares han sido desplegados para realizar distintas tareas en la zona. Unas mil 600 personas permanec\u00edan alojadas en albergues.<\/p>\n","protected":false},"excerpt":{"rendered":"<p>Decreta el presidente Gabriel Boric dos d\u00edas de duelo a partir de este lunes<\/p>\n","protected":false},"author":1,"featured_media":3780,"comment_status":"closed","ping_status":"closed","sticky":false,"template":"","format":"standard","meta":{"_crdt_document":"","_jetpack_memberships_contains_paid_content":false,"footnotes":"","jetpack_publicize_message":"","jetpack_publicize_feature_enabled":true,"jetpack_social_post_already_shared":true,"jetpack_social_options":{"image_generator_settings":{"template":"highway","default_image_id":0,"font":"","enabled":false},"version":2},"_wpas_customize_per_network":false},"categories":[9],"tags":[],"class_list":["post-3778","post","type-post","status-publish","format-standard","has-post-thumbnail","hentry","category-el-mundo"],"magazineBlocksPostFeaturedMedia":{"thumbnail":"https:\/\/pornuestrolaredo.com\/wp-content\/uploads\/2024\/02\/Stere91-20230204-1-150x150.jpg","medium":"https:\/\/pornuestrolaredo.com\/wp-content\/uploads\/2024\/02\/Stere91-20230204-1-300x200.jpg","medium_large":"https:\/\/pornuestrolaredo.com\/wp-content\/uploads\/2024\/02\/Stere91-20230204-1-768x512.jpg","large":"https:\/\/pornuestrolaredo.com\/wp-content\/uploads\/2024\/02\/Stere91-20230204-1.jpg","1536x1536":"https:\/\/pornuestrolaredo.com\/wp-content\/uploads\/2024\/02\/Stere91-20230204-1.jpg","2048x2048":"https:\/\/pornuestrolaredo.com\/wp-content\/uploads\/2024\/02\/Stere91-20230204-1.jpg","morenews-large":"https:\/\/pornuestrolaredo.com\/wp-content\/uploads\/2024\/02\/Stere91-20230204-1.jpg","morenews-medium":"https:\/\/pornuestrolaredo.com\/wp-content\/uploads\/2024\/02\/Stere91-20230204-1.jpg"},"magazineBlocksPostAuthor":{"name":"Redactor","avatar":"https:\/\/pornuestrolaredo.com\/wp-content\/litespeed\/avatar\/dca1d7ec750c399f025f23b0b314f4cf.jpg?ver=1777612120"},"magazineBlocksPostCommentsNumber":false,"magazineBlocksPostExcerpt":"Decreta el presidente Gabriel Boric dos d\u00edas de duelo a partir de este lunes","magazineBlocksPostCategories":["El Mundo"],"magazineBlocksPostViewCount":125,"magazineBlocksPostReadTime":3,"magazine_blocks_featured_image_url":{"full":["https:\/\/pornuestrolaredo.com\/wp-content\/uploads\/2024\/02\/Stere91-20230204-1.jpg",980,653,false],"medium":["https:\/\/pornuestrolaredo.com\/wp-content\/uploads\/2024\/02\/Stere91-20230204-1-300x200.jpg",300,200,true],"thumbnail":["https:\/\/pornuestrolaredo.com\/wp-content\/uploads\/2024\/02\/Stere91-20230204-1-150x150.jpg",150,150,true]},"magazine_blocks_author":{"display_name":"Redactor","author_link":"https:\/\/pornuestrolaredo.com\/?author=1"},"magazine_blocks_comment":0,"magazine_blocks_author_image":"https:\/\/pornuestrolaredo.com\/wp-content\/litespeed\/avatar\/dca1d7ec750c399f025f23b0b314f4cf.jpg?ver=1777612120","magazine_blocks_category":"<a href=\"#\" class=\"category-link category-link-9\">El Mundo<\/a>","jetpack_publicize_connections":[],"featured_image_urls":{"full":["https:\/\/pornuestrolaredo.com\/wp-content\/uploads\/2024\/02\/Stere91-20230204-1.jpg",980,653,false],"thumbnail":["https:\/\/pornuestrolaredo.com\/wp-content\/uploads\/2024\/02\/Stere91-20230204-1-150x150.jpg",150,150,true],"medium":["https:\/\/pornuestrolaredo.com\/wp-content\/uploads\/2024\/02\/Stere91-20230204-1-300x200.jpg",300,200,true],"medium_large":["https:\/\/pornuestrolaredo.com\/wp-content\/uploads\/2024\/02\/Stere91-20230204-1-768x512.jpg",640,427,true],"large":["https:\/\/pornuestrolaredo.com\/wp-content\/uploads\/2024\/02\/Stere91-20230204-1.jpg",640,426,false],"1536x1536":["https:\/\/pornuestrolaredo.com\/wp-content\/uploads\/2024\/02\/Stere91-20230204-1.jpg",980,653,false],"2048x2048":["https:\/\/pornuestrolaredo.com\/wp-content\/uploads\/2024\/02\/Stere91-20230204-1.jpg",980,653,false],"morenews-large":["https:\/\/pornuestrolaredo.com\/wp-content\/uploads\/2024\/02\/Stere91-20230204-1.jpg",825,550,false],"morenews-medium":["https:\/\/pornuestrolaredo.com\/wp-content\/uploads\/2024\/02\/Stere91-20230204-1.jpg",590,393,false]},"author_info":{"info":["Redactor"]},"category_info":"<a href=\"https:\/\/pornuestrolaredo.com\/?cat=9\" rel=\"category\">El Mundo<\/a>","tag_info":"El Mundo","comment_count":"0","jetpack_featured_media_url":"https:\/\/pornuestrolaredo.com\/wp-content\/uploads\/2024\/02\/Stere91-20230204-1.jpg","jetpack_sharing_enabled":true,"_links":{"self":[{"href":"https:\/\/pornuestrolaredo.com\/index.php?rest_route=\/wp\/v2\/posts\/3778","targetHints":{"allow":["GET"]}}],"collection":[{"href":"https:\/\/pornuestrolaredo.com\/index.php?rest_route=\/wp\/v2\/posts"}],"about":[{"href":"https:\/\/pornuestrolaredo.com\/index.php?rest_route=\/wp\/v2\/types\/post"}],"author":[{"embeddable":true,"href":"https:\/\/pornuestrolaredo.com\/index.php?rest_route=\/wp\/v2\/users\/1"}],"replies":[{"embeddable":true,"href":"https:\/\/pornuestrolaredo.com\/index.php?rest_route=%2Fwp%2Fv2%2Fcomments&post=3778"}],"version-history":[{"count":2,"href":"https:\/\/pornuestrolaredo.com\/index.php?rest_route=\/wp\/v2\/posts\/3778\/revisions"}],"predecessor-version":[{"id":3781,"href":"https:\/\/pornuestrolaredo.com\/index.php?rest_route=\/wp\/v2\/posts\/3778\/revisions\/3781"}],"wp:featuredmedia":[{"embeddable":true,"href":"https:\/\/pornuestrolaredo.com\/index.php?rest_route=\/wp\/v2\/media\/3780"}],"wp:attachment":[{"href":"https:\/\/pornuestrolaredo.com\/index.php?rest_route=%2Fwp%2Fv2%2Fmedia&parent=3778"}],"wp:term":[{"taxonomy":"category","embeddable":true,"href":"https:\/\/pornuestrolaredo.com\/index.php?rest_route=%2Fwp%2Fv2%2Fcategories&post=3778"},{"taxonomy":"post_tag","embeddable":true,"href":"https:\/\/pornuestrolaredo.com\/index.php?rest_route=%2Fwp%2Fv2%2Ftags&post=3778"}],"curies":[{"name":"wp","href":"https:\/\/api.w.org\/{rel}","templated":true}]}}