{"id":3782,"date":"2024-02-05T04:15:44","date_gmt":"2024-02-05T04:15:44","guid":{"rendered":"https:\/\/pornuestrolaredo.com\/?p=3782"},"modified":"2024-02-05T04:15:44","modified_gmt":"2024-02-05T04:15:44","slug":"quiere-paris-echar-fuera-las-camionetas-suv","status":"publish","type":"post","link":"https:\/\/pornuestrolaredo.com\/?p=3782","title":{"rendered":"Quiere Par\u00eds echar fuera las camionetas SUV"},"content":{"rendered":"<p><strong><em>PAR\u00cdS.-<\/em><\/strong> Los parisinos votaban el domingo si quer\u00edan sacar las camionetas SUV de las calles de la capital francesa haciendo que estacionarlas sea mucho m\u00e1s caro, la \u00faltima iniciativa de la alcaldesa socialista Anne Hidalgo para hacer que la ciudad anfitriona de los Juegos Ol\u00edmpicos de este a\u00f1o sea m\u00e1s ecol\u00f3gica y respetuosa con los peatones y los ciclistas.<\/p>\n<p>Hidalgo busca el apoyo de los votantes para una propuesta que triplica las tarifas de estacionamiento para los conductores de camionetas procedentes de fuera de la ciudad.<\/p>\n<p>En su campa\u00f1a electoral en las redes sociales, Hidalgo argument\u00f3 que las camionetas SUV ocupan demasiado espacio en las estrechas calles parisinas, son demasiado contaminantes y \u201camenazan nuestra salud y nuestro planeta\u201d, y causan m\u00e1s accidentes de tr\u00e1fico que los coches m\u00e1s peque\u00f1os.<\/p>\n<blockquote><p>Ha llegado el momento de romper con esta tendencia a que los coches sean siempre m\u00e1s grandes, m\u00e1s altos, m\u00e1s anchos\u201d, dijo. \u201cTen\u00e9is el poder de recuperar la propiedad de nuestras calles\u201d.<\/p><\/blockquote>\n<p>El costo para los no residentes de estacionar las camionetas en los distritos centrales de Par\u00eds, en los distritos numerados del 1 al 11, se disparar\u00eda a 18 euros (19,5 d\u00f3lares) por hora durante las dos primeras horas, frente a los 6 euros por hora para los coches m\u00e1s peque\u00f1os.<\/p>\n<p>A partir de entonces, el estacionamiento ser\u00e1 cada vez m\u00e1s caro. Una estancia de seis horas con una camioneta -suficiente, por ejemplo, para ir a un espect\u00e1culo y a un restaurante- costar\u00eda 225 euros (243 d\u00f3lares), frente a los 75 euros de los veh\u00edculos m\u00e1s peque\u00f1os.<\/p>\n<p>Lejos del centro de la ciudad, en los distritos perif\u00e9ricos de Par\u00eds, del 12 al 20, el conductor de un todoterreno pagar\u00eda 12 euros por hora durante las dos primeras horas, y aumentar\u00eda progresivamente hasta 150 euros por seis horas.<\/p>\n","protected":false},"excerpt":{"rendered":"<p>Alcaldesa Anne Hidalgo considera que son demasiado grandes, causan m\u00e1s accidentes y son m\u00e1s contaminantes<\/p>\n","protected":false},"author":1,"featured_media":3783,"comment_status":"closed","ping_status":"closed","sticky":false,"template":"","format":"standard","meta":{"_crdt_document":"","_jetpack_memberships_contains_paid_content":false,"footnotes":"","jetpack_publicize_message":"","jetpack_publicize_feature_enabled":true,"jetpack_social_post_already_shared":true,"jetpack_social_options":{"image_generator_settings":{"template":"highway","default_image_id":0,"font":"","enabled":false},"version":2},"_wpas_customize_per_network":false},"categories":[9],"tags":[],"class_list":["post-3782","post","type-post","status-publish","format-standard","has-post-thumbnail","hentry","category-el-mundo"],"magazineBlocksPostFeaturedMedia":{"thumbnail":"https:\/\/pornuestrolaredo.com\/wp-content\/uploads\/2024\/02\/Stere91-20230204-5-150x150.jpg","medium":"https:\/\/pornuestrolaredo.com\/wp-content\/uploads\/2024\/02\/Stere91-20230204-5-300x200.jpg","medium_large":"https:\/\/pornuestrolaredo.com\/wp-content\/uploads\/2024\/02\/Stere91-20230204-5-768x512.jpg","large":"https:\/\/pornuestrolaredo.com\/wp-content\/uploads\/2024\/02\/Stere91-20230204-5.jpg","1536x1536":"https:\/\/pornuestrolaredo.com\/wp-content\/uploads\/2024\/02\/Stere91-20230204-5.jpg","2048x2048":"https:\/\/pornuestrolaredo.com\/wp-content\/uploads\/2024\/02\/Stere91-20230204-5.jpg","morenews-large":"https:\/\/pornuestrolaredo.com\/wp-content\/uploads\/2024\/02\/Stere91-20230204-5.jpg","morenews-medium":"https:\/\/pornuestrolaredo.com\/wp-content\/uploads\/2024\/02\/Stere91-20230204-5.jpg"},"magazineBlocksPostAuthor":{"name":"Redactor","avatar":"https:\/\/pornuestrolaredo.com\/wp-content\/litespeed\/avatar\/dca1d7ec750c399f025f23b0b314f4cf.jpg?ver=1777612120"},"magazineBlocksPostCommentsNumber":false,"magazineBlocksPostExcerpt":"Alcaldesa Anne Hidalgo considera que son demasiado grandes, causan m\u00e1s accidentes y son m\u00e1s contaminantes","magazineBlocksPostCategories":["El Mundo"],"magazineBlocksPostViewCount":129,"magazineBlocksPostReadTime":2,"magazine_blocks_featured_image_url":{"full":["https:\/\/pornuestrolaredo.com\/wp-content\/uploads\/2024\/02\/Stere91-20230204-5.jpg",980,653,false],"medium":["https:\/\/pornuestrolaredo.com\/wp-content\/uploads\/2024\/02\/Stere91-20230204-5-300x200.jpg",300,200,true],"thumbnail":["https:\/\/pornuestrolaredo.com\/wp-content\/uploads\/2024\/02\/Stere91-20230204-5-150x150.jpg",150,150,true]},"magazine_blocks_author":{"display_name":"Redactor","author_link":"https:\/\/pornuestrolaredo.com\/?author=1"},"magazine_blocks_comment":0,"magazine_blocks_author_image":"https:\/\/pornuestrolaredo.com\/wp-content\/litespeed\/avatar\/dca1d7ec750c399f025f23b0b314f4cf.jpg?ver=1777612120","magazine_blocks_category":"<a href=\"#\" class=\"category-link category-link-9\">El Mundo<\/a>","jetpack_publicize_connections":[],"featured_image_urls":{"full":["https:\/\/pornuestrolaredo.com\/wp-content\/uploads\/2024\/02\/Stere91-20230204-5.jpg",980,653,false],"thumbnail":["https:\/\/pornuestrolaredo.com\/wp-content\/uploads\/2024\/02\/Stere91-20230204-5-150x150.jpg",150,150,true],"medium":["https:\/\/pornuestrolaredo.com\/wp-content\/uploads\/2024\/02\/Stere91-20230204-5-300x200.jpg",300,200,true],"medium_large":["https:\/\/pornuestrolaredo.com\/wp-content\/uploads\/2024\/02\/Stere91-20230204-5-768x512.jpg",640,427,true],"large":["https:\/\/pornuestrolaredo.com\/wp-content\/uploads\/2024\/02\/Stere91-20230204-5.jpg",640,426,false],"1536x1536":["https:\/\/pornuestrolaredo.com\/wp-content\/uploads\/2024\/02\/Stere91-20230204-5.jpg",980,653,false],"2048x2048":["https:\/\/pornuestrolaredo.com\/wp-content\/uploads\/2024\/02\/Stere91-20230204-5.jpg",980,653,false],"morenews-large":["https:\/\/pornuestrolaredo.com\/wp-content\/uploads\/2024\/02\/Stere91-20230204-5.jpg",825,550,false],"morenews-medium":["https:\/\/pornuestrolaredo.com\/wp-content\/uploads\/2024\/02\/Stere91-20230204-5.jpg",590,393,false]},"author_info":{"info":["Redactor"]},"category_info":"<a href=\"https:\/\/pornuestrolaredo.com\/?cat=9\" rel=\"category\">El Mundo<\/a>","tag_info":"El Mundo","comment_count":"0","jetpack_featured_media_url":"https:\/\/pornuestrolaredo.com\/wp-content\/uploads\/2024\/02\/Stere91-20230204-5.jpg","jetpack_sharing_enabled":true,"_links":{"self":[{"href":"https:\/\/pornuestrolaredo.com\/index.php?rest_route=\/wp\/v2\/posts\/3782","targetHints":{"allow":["GET"]}}],"collection":[{"href":"https:\/\/pornuestrolaredo.com\/index.php?rest_route=\/wp\/v2\/posts"}],"about":[{"href":"https:\/\/pornuestrolaredo.com\/index.php?rest_route=\/wp\/v2\/types\/post"}],"author":[{"embeddable":true,"href":"https:\/\/pornuestrolaredo.com\/index.php?rest_route=\/wp\/v2\/users\/1"}],"replies":[{"embeddable":true,"href":"https:\/\/pornuestrolaredo.com\/index.php?rest_route=%2Fwp%2Fv2%2Fcomments&post=3782"}],"version-history":[{"count":1,"href":"https:\/\/pornuestrolaredo.com\/index.php?rest_route=\/wp\/v2\/posts\/3782\/revisions"}],"predecessor-version":[{"id":3784,"href":"https:\/\/pornuestrolaredo.com\/index.php?rest_route=\/wp\/v2\/posts\/3782\/revisions\/3784"}],"wp:featuredmedia":[{"embeddable":true,"href":"https:\/\/pornuestrolaredo.com\/index.php?rest_route=\/wp\/v2\/media\/3783"}],"wp:attachment":[{"href":"https:\/\/pornuestrolaredo.com\/index.php?rest_route=%2Fwp%2Fv2%2Fmedia&parent=3782"}],"wp:term":[{"taxonomy":"category","embeddable":true,"href":"https:\/\/pornuestrolaredo.com\/index.php?rest_route=%2Fwp%2Fv2%2Fcategories&post=3782"},{"taxonomy":"post_tag","embeddable":true,"href":"https:\/\/pornuestrolaredo.com\/index.php?rest_route=%2Fwp%2Fv2%2Ftags&post=3782"}],"curies":[{"name":"wp","href":"https:\/\/api.w.org\/{rel}","templated":true}]}}