{"id":3791,"date":"2024-02-07T06:09:01","date_gmt":"2024-02-07T06:09:01","guid":{"rendered":"https:\/\/pornuestrolaredo.com\/?p=3791"},"modified":"2024-02-07T06:09:01","modified_gmt":"2024-02-07T06:09:01","slug":"invita-alcaldesa-carmen-lilia-a-reapertura-del-parque-viveros","status":"publish","type":"post","link":"https:\/\/pornuestrolaredo.com\/?p=3791","title":{"rendered":"Invita alcaldesa Carmen Lilia a reapertura del Parque Viveros"},"content":{"rendered":"<p><strong><em>NUEVO LAREDO.-<\/em> <\/strong>Un parque Viveros completamente remodelado tendr\u00e1 la poblaci\u00f3n a partir de este s\u00e1bado 10 de febrero, d\u00eda en el que se realizar\u00e1 su reapertura para que los ni\u00f1os, j\u00f3venes y adultos tengan otro lugar en el cual divertirse.<\/p>\n<p>En conferencia de prensa de Nuevo Laredo Comunica, la alcaldesa Carmen Lilia Canturosas Villarreal destac\u00f3 que es una obra insignia del gobierno municipal que se busc\u00f3 realizar para brindar a los ciudadanos lugares dignos.<\/p>\n<blockquote><p>Ustedes saben que en esta administraci\u00f3n hemos trabajado incansablemente por el rescate de espacios p\u00fablicos, es por eso que me da mucho gusto compartir con la ciudadan\u00eda que este fin de semana estaremos entregando la remodelaci\u00f3n completa de uno de los parques m\u00e1s importantes y representativos de la ciudad\u201d, se\u00f1al\u00f3 Canturosas, presidenta municipal.<\/p><\/blockquote>\n<p>La presidenta municipal dio a conocer que ahora podr\u00e1n disfrutar de mejores juegos infantiles, nuevos andadores adoquinados, palapas, nuevos asadores reci\u00e9n instalados, la siembra de 100 \u00e1rboles en su mayor\u00eda encinos y una mejor iluminaci\u00f3n.<\/p>\n<blockquote><p>Estoy segura van a disfrutar al m\u00e1ximo, un \u00e1rea de chapoteadero con muchas atracciones para los ni\u00f1os y desde luego una nueva fachada que representa la evoluci\u00f3n de este ic\u00f3nico lugar en el que ahora podr\u00e1n guardar bellos recuerdos con sus familias\u201d, destac\u00f3 la alcaldesa Carmen Lilia.<\/p><\/blockquote>\n<p>El arquitecto Carlos de Anda Hern\u00e1ndez, secretario de Obras P\u00fablicas explic\u00f3 que se eligi\u00f3 el color amarillo porque va de acuerdo a las actividades l\u00fadicas con lo que se genera empat\u00eda con la ni\u00f1ez.<\/p>\n<p>Adem\u00e1s que se est\u00e1 trabajando en el adoqu\u00edn de la parte de enfrente, \u00e1reas de protecci\u00f3n, una canasta con fuente y espejo de agua la cual estar\u00e1 iluminada con diferentes colores.<\/p>\n<p>Por \u00faltimo la presidenta municipal invit\u00f3 a la ciudadan\u00eda a que sean parte del momento de la reapertura el s\u00e1bado a las 2:00 de la tarde.<\/p>\n","protected":false},"excerpt":{"rendered":"<p>La ciudadan\u00eda podr\u00e1 disfrutar de mejores juegos infantiles, nuevos andadores adoquinados, palapas y asadores reci\u00e9n instalados<\/p>\n","protected":false},"author":1,"featured_media":3792,"comment_status":"closed","ping_status":"closed","sticky":false,"template":"","format":"standard","meta":{"_crdt_document":"","_jetpack_memberships_contains_paid_content":false,"footnotes":"","jetpack_publicize_message":"","jetpack_publicize_feature_enabled":true,"jetpack_social_post_already_shared":true,"jetpack_social_options":{"image_generator_settings":{"template":"highway","default_image_id":0,"font":"","enabled":false},"version":2},"_wpas_customize_per_network":false},"categories":[4],"tags":[],"class_list":["post-3791","post","type-post","status-publish","format-standard","has-post-thumbnail","hentry","category-los-dos-laredos"],"magazineBlocksPostFeaturedMedia":{"thumbnail":"https:\/\/pornuestrolaredo.com\/wp-content\/uploads\/2024\/02\/Stereo91-20240206-5-150x150.jpeg","medium":"https:\/\/pornuestrolaredo.com\/wp-content\/uploads\/2024\/02\/Stereo91-20240206-5-300x183.jpeg","medium_large":"https:\/\/pornuestrolaredo.com\/wp-content\/uploads\/2024\/02\/Stereo91-20240206-5-768x469.jpeg","large":"https:\/\/pornuestrolaredo.com\/wp-content\/uploads\/2024\/02\/Stereo91-20240206-5-1000x611.jpeg","1536x1536":"https:\/\/pornuestrolaredo.com\/wp-content\/uploads\/2024\/02\/Stereo91-20240206-5.jpeg","2048x2048":"https:\/\/pornuestrolaredo.com\/wp-content\/uploads\/2024\/02\/Stereo91-20240206-5.jpeg","morenews-large":"https:\/\/pornuestrolaredo.com\/wp-content\/uploads\/2024\/02\/Stereo91-20240206-5.jpeg","morenews-medium":"https:\/\/pornuestrolaredo.com\/wp-content\/uploads\/2024\/02\/Stereo91-20240206-5.jpeg"},"magazineBlocksPostAuthor":{"name":"Redactor","avatar":"https:\/\/pornuestrolaredo.com\/wp-content\/litespeed\/avatar\/dca1d7ec750c399f025f23b0b314f4cf.jpg?ver=1777612120"},"magazineBlocksPostCommentsNumber":false,"magazineBlocksPostExcerpt":"La ciudadan\u00eda podr\u00e1 disfrutar de mejores juegos infantiles, nuevos andadores adoquinados, palapas y asadores reci\u00e9n instalados","magazineBlocksPostCategories":["Los dos Laredos"],"magazineBlocksPostViewCount":128,"magazineBlocksPostReadTime":2,"magazine_blocks_featured_image_url":{"full":["https:\/\/pornuestrolaredo.com\/wp-content\/uploads\/2024\/02\/Stereo91-20240206-5.jpeg",1280,782,false],"medium":["https:\/\/pornuestrolaredo.com\/wp-content\/uploads\/2024\/02\/Stereo91-20240206-5-300x183.jpeg",300,183,true],"thumbnail":["https:\/\/pornuestrolaredo.com\/wp-content\/uploads\/2024\/02\/Stereo91-20240206-5-150x150.jpeg",150,150,true]},"magazine_blocks_author":{"display_name":"Redactor","author_link":"https:\/\/pornuestrolaredo.com\/?author=1"},"magazine_blocks_comment":0,"magazine_blocks_author_image":"https:\/\/pornuestrolaredo.com\/wp-content\/litespeed\/avatar\/dca1d7ec750c399f025f23b0b314f4cf.jpg?ver=1777612120","magazine_blocks_category":"<a href=\"#\" class=\"category-link category-link-4\">Los dos Laredos<\/a>","jetpack_publicize_connections":[],"featured_image_urls":{"full":["https:\/\/pornuestrolaredo.com\/wp-content\/uploads\/2024\/02\/Stereo91-20240206-5.jpeg",1280,782,false],"thumbnail":["https:\/\/pornuestrolaredo.com\/wp-content\/uploads\/2024\/02\/Stereo91-20240206-5-150x150.jpeg",150,150,true],"medium":["https:\/\/pornuestrolaredo.com\/wp-content\/uploads\/2024\/02\/Stereo91-20240206-5-300x183.jpeg",300,183,true],"medium_large":["https:\/\/pornuestrolaredo.com\/wp-content\/uploads\/2024\/02\/Stereo91-20240206-5-768x469.jpeg",640,391,true],"large":["https:\/\/pornuestrolaredo.com\/wp-content\/uploads\/2024\/02\/Stereo91-20240206-5-1000x611.jpeg",640,391,true],"1536x1536":["https:\/\/pornuestrolaredo.com\/wp-content\/uploads\/2024\/02\/Stereo91-20240206-5.jpeg",1280,782,false],"2048x2048":["https:\/\/pornuestrolaredo.com\/wp-content\/uploads\/2024\/02\/Stereo91-20240206-5.jpeg",1280,782,false],"morenews-large":["https:\/\/pornuestrolaredo.com\/wp-content\/uploads\/2024\/02\/Stereo91-20240206-5.jpeg",825,504,false],"morenews-medium":["https:\/\/pornuestrolaredo.com\/wp-content\/uploads\/2024\/02\/Stereo91-20240206-5.jpeg",590,360,false]},"author_info":{"info":["Redactor"]},"category_info":"<a href=\"https:\/\/pornuestrolaredo.com\/?cat=4\" rel=\"category\">Los dos Laredos<\/a>","tag_info":"Los dos Laredos","comment_count":"0","jetpack_featured_media_url":"https:\/\/pornuestrolaredo.com\/wp-content\/uploads\/2024\/02\/Stereo91-20240206-5.jpeg","jetpack_sharing_enabled":true,"_links":{"self":[{"href":"https:\/\/pornuestrolaredo.com\/index.php?rest_route=\/wp\/v2\/posts\/3791","targetHints":{"allow":["GET"]}}],"collection":[{"href":"https:\/\/pornuestrolaredo.com\/index.php?rest_route=\/wp\/v2\/posts"}],"about":[{"href":"https:\/\/pornuestrolaredo.com\/index.php?rest_route=\/wp\/v2\/types\/post"}],"author":[{"embeddable":true,"href":"https:\/\/pornuestrolaredo.com\/index.php?rest_route=\/wp\/v2\/users\/1"}],"replies":[{"embeddable":true,"href":"https:\/\/pornuestrolaredo.com\/index.php?rest_route=%2Fwp%2Fv2%2Fcomments&post=3791"}],"version-history":[{"count":1,"href":"https:\/\/pornuestrolaredo.com\/index.php?rest_route=\/wp\/v2\/posts\/3791\/revisions"}],"predecessor-version":[{"id":3793,"href":"https:\/\/pornuestrolaredo.com\/index.php?rest_route=\/wp\/v2\/posts\/3791\/revisions\/3793"}],"wp:featuredmedia":[{"embeddable":true,"href":"https:\/\/pornuestrolaredo.com\/index.php?rest_route=\/wp\/v2\/media\/3792"}],"wp:attachment":[{"href":"https:\/\/pornuestrolaredo.com\/index.php?rest_route=%2Fwp%2Fv2%2Fmedia&parent=3791"}],"wp:term":[{"taxonomy":"category","embeddable":true,"href":"https:\/\/pornuestrolaredo.com\/index.php?rest_route=%2Fwp%2Fv2%2Fcategories&post=3791"},{"taxonomy":"post_tag","embeddable":true,"href":"https:\/\/pornuestrolaredo.com\/index.php?rest_route=%2Fwp%2Fv2%2Ftags&post=3791"}],"curies":[{"name":"wp","href":"https:\/\/api.w.org\/{rel}","templated":true}]}}