{"id":3796,"date":"2024-02-08T05:17:49","date_gmt":"2024-02-08T05:17:49","guid":{"rendered":"https:\/\/pornuestrolaredo.com\/?p=3796"},"modified":"2024-02-08T05:17:49","modified_gmt":"2024-02-08T05:17:49","slug":"expresidente-chileno-dio-su-vida-por-tres-pasajeros","status":"publish","type":"post","link":"https:\/\/pornuestrolaredo.com\/?p=3796","title":{"rendered":"Expresidente chileno dio su vida por tres pasajeros"},"content":{"rendered":"<p><strong>SANTIAGO.-<\/strong> El expresidente chileno Sebasti\u00e1n Pi\u00f1era muri\u00f3 de \u201casfixia por sumersi\u00f3n\u201d, seg\u00fan confirm\u00f3 el mi\u00e9rcoles la fiscal\u00eda, un d\u00eda despu\u00e9s de que perdi\u00f3 la vida al desplomarse el helic\u00f3ptero en que viajaba con otras tres personas.<\/p>\n<p>El presidente Gabriel Boric declar\u00f3 tres d\u00edas de luto nacional en una jornada llena de homenajes y muestras de afecto de miles de chilenos. Las muestras de aprecio llegaron desde diversos puntos del planeta: decenas de mandatarios expresaron sus condolencias y destacaron su figura.<\/p>\n<p>El que fuera dos veces presidente de Chile (2010-2014 y 2018-2022) ser\u00e1 despedido en un funeral de Estado. Durante sus dos mandatos tuvo que enfrentar la reconstrucci\u00f3n tras el terremoto de magnitud 8,8 que golpe\u00f3 el sur del pa\u00eds en 2010, el rescate de 33 mineros luego de pasar 69 d\u00edas atrapados en una mina del desierto de Atacama, la pandemia de COVID-19 y el estallido social de 2019.<\/p>\n<blockquote><p>Estoy muy agradecido, fue un placer conocerlo&#8221;, declar\u00f3 Jimmy S\u00e1nchez, uno de los 33 mineros rescatados, una de sus haza\u00f1as m\u00e1s populares y \u00e9picas como presidente. \u201cNos devolvi\u00f3 la vida\u201d.<\/p><\/blockquote>\n<p>El cuerpo del exmandatario fue trasladado al Servicio M\u00e9dico Legal de Valdivia el martes en la noche, donde se le practic\u00f3 una autopsia. El mi\u00e9rcoles por la ma\u00f1ana fue recibido en el aeropuerto de Santiago por Boric, quien estuvo acompa\u00f1ado de la viuda, Cecilia Morel, y otros familiares.<\/p>\n<p>Por la tarde lleg\u00f3 al antiguo Congreso chileno, en un trayecto seguido por centenares de personas. Una multitud de gente de diversas edades lo visit\u00f3 con banderas, flores, retratos acompa\u00f1ados de las palabras \u201cgracias por todo\u201d y la consigna \u201cChi-chi-chi le-le-le\u201d, en una despedida sorprendentemente masiva.<\/p>\n<p>Uno de los momentos m\u00e1s emotivos del homenaje ocurri\u00f3 cuando varios de los ministros de Estado del gobierno de Boric hicieron guardia de honor al lado del f\u00e9retro del exmandatario, en una muestra de respeto m\u00e1s all\u00e1 de diferencias ideol\u00f3gicas.<\/p>\n<p>La investigaci\u00f3n de la fiscal\u00eda de la regi\u00f3n de Los R\u00edos \u2014donde ocurri\u00f3 el suceso bajo malas condiciones clim\u00e1ticas\u2014 incluye peritajes a la aeronave para conocer las causas precisas de la ca\u00edda, la cual se produjo poco despu\u00e9s del despegue en un trayecto corto sobre el Lago de Ranco, m\u00e1s de 900 kil\u00f3metros al sur de Santiago. El exmandatario conoc\u00eda bien la zona, ya que ah\u00ed ten\u00eda una residencia de verano que frecuentaba para practicar deportes de aventura.<\/p>\n<p>Mientras cientos de personas le rend\u00edan homenaje en Santiago, Valdivia y la zona del Lago de Ranco, muchas se agolparon en la puerta de su casa en un barrio acomodado de la capital chilena. Tambi\u00e9n se concentraron cerca del Servicio M\u00e9dico Legal de Valdivia.<\/p>\n<p>El Congreso volver\u00e1 a abrir sus puertas todo el jueves para que el p\u00fablico se acerque a despedirse. El viernes se llevar\u00e1 a cabo el funeral de Estado.<\/p>\n<p>Pi\u00f1era era un experimentado piloto de helic\u00f3pteros, seg\u00fan declar\u00f3 el martes su exministro de Defensa, Alberto Espina, y piloteaba la aeronave. Los otros tres pasajeros s\u00ed pudieron salvarse.<\/p>\n<p>Existe la versi\u00f3n de que Pi\u00f1era dio su vida para salvar la de sus tres pasajeros. Baj\u00f3 tanto como pudo para que pudieran saltar antes de seguir adelante para evitar que el helic\u00f3ptero les hiciera da\u00f1o.<\/p>\n<p>Karla Rubilar, quien fue ministra en varios puestos durante el segundo mandato de Pi\u00f1era, dijo a medios chilenos que en el helic\u00f3ptero viajaba una hermana del expresidente. \u00c9sta habr\u00eda declarado que sus \u00faltimas palabras fueron: \u201csalten ustedes del helic\u00f3ptero porque si yo salto les va a caer encima\u201d, una expresi\u00f3n que para la exministra resume el car\u00e1cter de Pi\u00f1era.<\/p>\n<p>Su partido de centroderecha Renovaci\u00f3n Nacional destac\u00f3 la importancia de su figura el martes por la noche, colocando su nombre y su a\u00f1o de nacimiento en el acceso a sus instalaciones. Tambi\u00e9n abri\u00f3 un libro de condolencias.<\/p>\n<p>Pi\u00f1era fue el primer gobernante de derecha en dirigir el pa\u00eds desde el retorno de la democracia en 1990. Encarn\u00f3 una derecha m\u00e1s renovada que pudo ejercer una autocr\u00edtica sobre el papel de la dictadura de Augusto Pinochet (1973-1990), y fue uno de los dirigentes derechistas que vot\u00f3 \u201cno\u201d en el plebiscito que puso fin a la dictadura.<\/p>\n","protected":false},"excerpt":{"rendered":"<p>Muere al estrellar su helic\u00f3ptero en un lago, pero antes pide a sus acompa\u00f1antes que salten al agua<\/p>\n","protected":false},"author":1,"featured_media":3797,"comment_status":"closed","ping_status":"closed","sticky":false,"template":"","format":"standard","meta":{"_crdt_document":"","_jetpack_memberships_contains_paid_content":false,"footnotes":"","jetpack_publicize_message":"","jetpack_publicize_feature_enabled":true,"jetpack_social_post_already_shared":true,"jetpack_social_options":{"image_generator_settings":{"template":"highway","default_image_id":0,"font":"","enabled":false},"version":2},"_wpas_customize_per_network":false},"categories":[9],"tags":[],"class_list":["post-3796","post","type-post","status-publish","format-standard","has-post-thumbnail","hentry","category-el-mundo"],"magazineBlocksPostFeaturedMedia":{"thumbnail":"https:\/\/pornuestrolaredo.com\/wp-content\/uploads\/2024\/02\/PNL-20240207-4-150x150.jpg","medium":"https:\/\/pornuestrolaredo.com\/wp-content\/uploads\/2024\/02\/PNL-20240207-4-300x200.jpg","medium_large":"https:\/\/pornuestrolaredo.com\/wp-content\/uploads\/2024\/02\/PNL-20240207-4-768x512.jpg","large":"https:\/\/pornuestrolaredo.com\/wp-content\/uploads\/2024\/02\/PNL-20240207-4-1000x667.jpg","1536x1536":"https:\/\/pornuestrolaredo.com\/wp-content\/uploads\/2024\/02\/PNL-20240207-4.jpg","2048x2048":"https:\/\/pornuestrolaredo.com\/wp-content\/uploads\/2024\/02\/PNL-20240207-4.jpg","morenews-large":"https:\/\/pornuestrolaredo.com\/wp-content\/uploads\/2024\/02\/PNL-20240207-4.jpg","morenews-medium":"https:\/\/pornuestrolaredo.com\/wp-content\/uploads\/2024\/02\/PNL-20240207-4.jpg"},"magazineBlocksPostAuthor":{"name":"Redactor","avatar":"https:\/\/pornuestrolaredo.com\/wp-content\/litespeed\/avatar\/dca1d7ec750c399f025f23b0b314f4cf.jpg?ver=1777612120"},"magazineBlocksPostCommentsNumber":false,"magazineBlocksPostExcerpt":"Muere al estrellar su helic\u00f3ptero en un lago, pero antes pide a sus acompa\u00f1antes que salten al agua","magazineBlocksPostCategories":["El Mundo"],"magazineBlocksPostViewCount":125,"magazineBlocksPostReadTime":4,"magazine_blocks_featured_image_url":{"full":["https:\/\/pornuestrolaredo.com\/wp-content\/uploads\/2024\/02\/PNL-20240207-4.jpg",1440,960,false],"medium":["https:\/\/pornuestrolaredo.com\/wp-content\/uploads\/2024\/02\/PNL-20240207-4-300x200.jpg",300,200,true],"thumbnail":["https:\/\/pornuestrolaredo.com\/wp-content\/uploads\/2024\/02\/PNL-20240207-4-150x150.jpg",150,150,true]},"magazine_blocks_author":{"display_name":"Redactor","author_link":"https:\/\/pornuestrolaredo.com\/?author=1"},"magazine_blocks_comment":0,"magazine_blocks_author_image":"https:\/\/pornuestrolaredo.com\/wp-content\/litespeed\/avatar\/dca1d7ec750c399f025f23b0b314f4cf.jpg?ver=1777612120","magazine_blocks_category":"<a href=\"#\" class=\"category-link category-link-9\">El Mundo<\/a>","jetpack_publicize_connections":[],"featured_image_urls":{"full":["https:\/\/pornuestrolaredo.com\/wp-content\/uploads\/2024\/02\/PNL-20240207-4.jpg",1440,960,false],"thumbnail":["https:\/\/pornuestrolaredo.com\/wp-content\/uploads\/2024\/02\/PNL-20240207-4-150x150.jpg",150,150,true],"medium":["https:\/\/pornuestrolaredo.com\/wp-content\/uploads\/2024\/02\/PNL-20240207-4-300x200.jpg",300,200,true],"medium_large":["https:\/\/pornuestrolaredo.com\/wp-content\/uploads\/2024\/02\/PNL-20240207-4-768x512.jpg",640,427,true],"large":["https:\/\/pornuestrolaredo.com\/wp-content\/uploads\/2024\/02\/PNL-20240207-4-1000x667.jpg",640,427,true],"1536x1536":["https:\/\/pornuestrolaredo.com\/wp-content\/uploads\/2024\/02\/PNL-20240207-4.jpg",1440,960,false],"2048x2048":["https:\/\/pornuestrolaredo.com\/wp-content\/uploads\/2024\/02\/PNL-20240207-4.jpg",1440,960,false],"morenews-large":["https:\/\/pornuestrolaredo.com\/wp-content\/uploads\/2024\/02\/PNL-20240207-4.jpg",825,550,false],"morenews-medium":["https:\/\/pornuestrolaredo.com\/wp-content\/uploads\/2024\/02\/PNL-20240207-4.jpg",590,393,false]},"author_info":{"info":["Redactor"]},"category_info":"<a href=\"https:\/\/pornuestrolaredo.com\/?cat=9\" rel=\"category\">El Mundo<\/a>","tag_info":"El Mundo","comment_count":"0","jetpack_featured_media_url":"https:\/\/pornuestrolaredo.com\/wp-content\/uploads\/2024\/02\/PNL-20240207-4.jpg","jetpack_sharing_enabled":true,"_links":{"self":[{"href":"https:\/\/pornuestrolaredo.com\/index.php?rest_route=\/wp\/v2\/posts\/3796","targetHints":{"allow":["GET"]}}],"collection":[{"href":"https:\/\/pornuestrolaredo.com\/index.php?rest_route=\/wp\/v2\/posts"}],"about":[{"href":"https:\/\/pornuestrolaredo.com\/index.php?rest_route=\/wp\/v2\/types\/post"}],"author":[{"embeddable":true,"href":"https:\/\/pornuestrolaredo.com\/index.php?rest_route=\/wp\/v2\/users\/1"}],"replies":[{"embeddable":true,"href":"https:\/\/pornuestrolaredo.com\/index.php?rest_route=%2Fwp%2Fv2%2Fcomments&post=3796"}],"version-history":[{"count":1,"href":"https:\/\/pornuestrolaredo.com\/index.php?rest_route=\/wp\/v2\/posts\/3796\/revisions"}],"predecessor-version":[{"id":3798,"href":"https:\/\/pornuestrolaredo.com\/index.php?rest_route=\/wp\/v2\/posts\/3796\/revisions\/3798"}],"wp:featuredmedia":[{"embeddable":true,"href":"https:\/\/pornuestrolaredo.com\/index.php?rest_route=\/wp\/v2\/media\/3797"}],"wp:attachment":[{"href":"https:\/\/pornuestrolaredo.com\/index.php?rest_route=%2Fwp%2Fv2%2Fmedia&parent=3796"}],"wp:term":[{"taxonomy":"category","embeddable":true,"href":"https:\/\/pornuestrolaredo.com\/index.php?rest_route=%2Fwp%2Fv2%2Fcategories&post=3796"},{"taxonomy":"post_tag","embeddable":true,"href":"https:\/\/pornuestrolaredo.com\/index.php?rest_route=%2Fwp%2Fv2%2Ftags&post=3796"}],"curies":[{"name":"wp","href":"https:\/\/api.w.org\/{rel}","templated":true}]}}