{"id":3802,"date":"2024-02-09T02:55:02","date_gmt":"2024-02-09T02:55:02","guid":{"rendered":"https:\/\/pornuestrolaredo.com\/?p=3802"},"modified":"2024-02-09T02:55:02","modified_gmt":"2024-02-09T02:55:02","slug":"mala-memoria-libra-a-biden-de-juicio","status":"publish","type":"post","link":"https:\/\/pornuestrolaredo.com\/?p=3802","title":{"rendered":"\u2018Mala memoria\u2019 libra a Biden de juicio"},"content":{"rendered":"<p><strong><em>WASHINGTON.-<\/em><\/strong> Un fiscal especial concluy\u00f3 este jueves que el Presidente estadounidense, Joe Biden, no debe ser procesado por haber retenido documentos clasificados antes de ocupar el cargo y lo describi\u00f3 como un &#8220;hombre mayor con una mala memoria&#8221;, lo que provoc\u00f3 la reacci\u00f3n de los republicanos.<\/p>\n<p>Nombrado en enero de 2023 por el secretario de Justicia, Merrick Garland, el fiscal especial Robert Hur concluy\u00f3 que &#8220;no se justifican cargos penales en este asunto&#8221;. Pero describi\u00f3 a Biden, de 81 a\u00f1os, como un &#8220;hombre mayor con una mala memoria&#8221;.<\/p>\n<p>El fiscal especial Hur estima que el actual Presidente tiene la memoria tan mermada que ni siquiera recuerda en qu\u00e9 fecha fue Vicepresidente y cu\u00e1ndo muri\u00f3 su hijo Beau, fallecido de c\u00e1ncer en 2015.<\/p>\n<p>Una portavoz de Trump, Karoline Leavitt, reaccion\u00f3 publicando en la red social X: &#8220;\u00bfC\u00f3mo se supone que debemos confiar en su capacidad para liderar nuestro pa\u00eds si su memoria tiene &#8216;limitaciones significativas&#8217;?&#8221;<br \/>\nLa Casa Blanca dijo que est\u00e1 &#8220;satisfecha&#8221; con la decisi\u00f3n de no presentar cargos contra Biden, pero discrepa &#8220;con una serie de comentarios inexactos e inapropiados en el informe del fiscal especial&#8221;.<\/p>\n<p>El l\u00edder republicano de la C\u00e1mara de Representantes dijo que Biden no es apto para gobernar.<\/p>\n<blockquote><p>Un hombre demasiado incapaz de rendir cuentas por la mala gesti\u00f3n de informaci\u00f3n clasificada ciertamente no es apto para el Despacho Oval&#8221;, estim\u00f3 Mike Johnson, un aliado del probable rival de Biden en las elecciones de noviembre, Donald Trump.<\/p><\/blockquote>\n","protected":false},"excerpt":{"rendered":"<p>Fiscal especial especial Robert Hur concluy\u00f3 que \u2018no se justifican cargos penales contra un hombre mayor\u2019<\/p>\n","protected":false},"author":1,"featured_media":3803,"comment_status":"closed","ping_status":"closed","sticky":false,"template":"","format":"standard","meta":{"_crdt_document":"","_jetpack_memberships_contains_paid_content":false,"footnotes":"","jetpack_publicize_message":"","jetpack_publicize_feature_enabled":true,"jetpack_social_post_already_shared":true,"jetpack_social_options":{"image_generator_settings":{"template":"highway","default_image_id":0,"font":"","enabled":false},"version":2},"_wpas_customize_per_network":false},"categories":[9],"tags":[],"class_list":["post-3802","post","type-post","status-publish","format-standard","has-post-thumbnail","hentry","category-el-mundo"],"magazineBlocksPostFeaturedMedia":{"thumbnail":"https:\/\/pornuestrolaredo.com\/wp-content\/uploads\/2024\/02\/Biden-150x150.jpg","medium":"https:\/\/pornuestrolaredo.com\/wp-content\/uploads\/2024\/02\/Biden-300x162.jpg","medium_large":"https:\/\/pornuestrolaredo.com\/wp-content\/uploads\/2024\/02\/Biden-768x414.jpg","large":"https:\/\/pornuestrolaredo.com\/wp-content\/uploads\/2024\/02\/Biden.jpg","1536x1536":"https:\/\/pornuestrolaredo.com\/wp-content\/uploads\/2024\/02\/Biden.jpg","2048x2048":"https:\/\/pornuestrolaredo.com\/wp-content\/uploads\/2024\/02\/Biden.jpg","morenews-large":"https:\/\/pornuestrolaredo.com\/wp-content\/uploads\/2024\/02\/Biden.jpg","morenews-medium":"https:\/\/pornuestrolaredo.com\/wp-content\/uploads\/2024\/02\/Biden.jpg"},"magazineBlocksPostAuthor":{"name":"Redactor","avatar":"https:\/\/pornuestrolaredo.com\/wp-content\/litespeed\/avatar\/dca1d7ec750c399f025f23b0b314f4cf.jpg?ver=1777612120"},"magazineBlocksPostCommentsNumber":false,"magazineBlocksPostExcerpt":"Fiscal especial especial Robert Hur concluy\u00f3 que \u2018no se justifican cargos penales contra un hombre mayor\u2019","magazineBlocksPostCategories":["El Mundo"],"magazineBlocksPostViewCount":130,"magazineBlocksPostReadTime":2,"magazine_blocks_featured_image_url":{"full":["https:\/\/pornuestrolaredo.com\/wp-content\/uploads\/2024\/02\/Biden.jpg",960,518,false],"medium":["https:\/\/pornuestrolaredo.com\/wp-content\/uploads\/2024\/02\/Biden-300x162.jpg",300,162,true],"thumbnail":["https:\/\/pornuestrolaredo.com\/wp-content\/uploads\/2024\/02\/Biden-150x150.jpg",150,150,true]},"magazine_blocks_author":{"display_name":"Redactor","author_link":"https:\/\/pornuestrolaredo.com\/?author=1"},"magazine_blocks_comment":0,"magazine_blocks_author_image":"https:\/\/pornuestrolaredo.com\/wp-content\/litespeed\/avatar\/dca1d7ec750c399f025f23b0b314f4cf.jpg?ver=1777612120","magazine_blocks_category":"<a href=\"#\" class=\"category-link category-link-9\">El Mundo<\/a>","jetpack_publicize_connections":[],"featured_image_urls":{"full":["https:\/\/pornuestrolaredo.com\/wp-content\/uploads\/2024\/02\/Biden.jpg",960,518,false],"thumbnail":["https:\/\/pornuestrolaredo.com\/wp-content\/uploads\/2024\/02\/Biden-150x150.jpg",150,150,true],"medium":["https:\/\/pornuestrolaredo.com\/wp-content\/uploads\/2024\/02\/Biden-300x162.jpg",300,162,true],"medium_large":["https:\/\/pornuestrolaredo.com\/wp-content\/uploads\/2024\/02\/Biden-768x414.jpg",640,345,true],"large":["https:\/\/pornuestrolaredo.com\/wp-content\/uploads\/2024\/02\/Biden.jpg",640,345,false],"1536x1536":["https:\/\/pornuestrolaredo.com\/wp-content\/uploads\/2024\/02\/Biden.jpg",960,518,false],"2048x2048":["https:\/\/pornuestrolaredo.com\/wp-content\/uploads\/2024\/02\/Biden.jpg",960,518,false],"morenews-large":["https:\/\/pornuestrolaredo.com\/wp-content\/uploads\/2024\/02\/Biden.jpg",825,445,false],"morenews-medium":["https:\/\/pornuestrolaredo.com\/wp-content\/uploads\/2024\/02\/Biden.jpg",590,318,false]},"author_info":{"info":["Redactor"]},"category_info":"<a href=\"https:\/\/pornuestrolaredo.com\/?cat=9\" rel=\"category\">El Mundo<\/a>","tag_info":"El Mundo","comment_count":"0","jetpack_featured_media_url":"https:\/\/pornuestrolaredo.com\/wp-content\/uploads\/2024\/02\/Biden.jpg","jetpack_sharing_enabled":true,"_links":{"self":[{"href":"https:\/\/pornuestrolaredo.com\/index.php?rest_route=\/wp\/v2\/posts\/3802","targetHints":{"allow":["GET"]}}],"collection":[{"href":"https:\/\/pornuestrolaredo.com\/index.php?rest_route=\/wp\/v2\/posts"}],"about":[{"href":"https:\/\/pornuestrolaredo.com\/index.php?rest_route=\/wp\/v2\/types\/post"}],"author":[{"embeddable":true,"href":"https:\/\/pornuestrolaredo.com\/index.php?rest_route=\/wp\/v2\/users\/1"}],"replies":[{"embeddable":true,"href":"https:\/\/pornuestrolaredo.com\/index.php?rest_route=%2Fwp%2Fv2%2Fcomments&post=3802"}],"version-history":[{"count":1,"href":"https:\/\/pornuestrolaredo.com\/index.php?rest_route=\/wp\/v2\/posts\/3802\/revisions"}],"predecessor-version":[{"id":3804,"href":"https:\/\/pornuestrolaredo.com\/index.php?rest_route=\/wp\/v2\/posts\/3802\/revisions\/3804"}],"wp:featuredmedia":[{"embeddable":true,"href":"https:\/\/pornuestrolaredo.com\/index.php?rest_route=\/wp\/v2\/media\/3803"}],"wp:attachment":[{"href":"https:\/\/pornuestrolaredo.com\/index.php?rest_route=%2Fwp%2Fv2%2Fmedia&parent=3802"}],"wp:term":[{"taxonomy":"category","embeddable":true,"href":"https:\/\/pornuestrolaredo.com\/index.php?rest_route=%2Fwp%2Fv2%2Fcategories&post=3802"},{"taxonomy":"post_tag","embeddable":true,"href":"https:\/\/pornuestrolaredo.com\/index.php?rest_route=%2Fwp%2Fv2%2Ftags&post=3802"}],"curies":[{"name":"wp","href":"https:\/\/api.w.org\/{rel}","templated":true}]}}