{"id":382,"date":"2022-09-22T05:45:14","date_gmt":"2022-09-22T05:45:14","guid":{"rendered":"https:\/\/pornuestrolaredo.com\/?p=382"},"modified":"2022-09-22T05:45:14","modified_gmt":"2022-09-22T05:45:14","slug":"ayudaran-empresarios-a-bajar-precios-de-alimentos","status":"publish","type":"post","link":"https:\/\/pornuestrolaredo.com\/?p=382","title":{"rendered":"Ayudar\u00e1n empresarios a bajar precios de alimentos"},"content":{"rendered":"\n<p class=\"wp-block-paragraph\"><strong><em>CIUDAD DE M\u00c9XICO.-<\/em><\/strong> Ante la continua alza de precios, el presidente Andr\u00e9s Manuel L\u00f3pez Obrador acord\u00f3 con empresarios del sector alimentario reforzar el plan contra la inflaci\u00f3n anunciado en mayo pasado.<\/p>\n\n\n\n<p class=\"wp-block-paragraph\">Ricardo Sheffield, titular de la Profeco, inform\u00f3 que &#8220;en muy pocos d\u00edas&#8221; ser\u00e1n anunciadas las nuevas medidas por parte de L\u00f3pez Obrador.<\/p>\n\n\n\n<blockquote class=\"wp-block-quote is-layout-flow wp-block-quote-is-layout-flow\"><p>(Hay) una gran esperanza de trabajar en equipo para bajar la inflaci\u00f3n, que es un problema mundial. Se va a reforzar el plan con acciones adicionales&#8221;, dijo.<\/p><\/blockquote>\n\n\n\n<blockquote class=\"wp-block-quote is-layout-flow wp-block-quote-is-layout-flow\"><p>Y ya las anunciar\u00e1 el Presidente. Es un esfuerzo de todos, esperemos que no (suban m\u00e1s los precios), no hay condiciones ahorita para que suban&#8221;.<\/p><\/blockquote>\n\n\n\n<p class=\"wp-block-paragraph\">Al t\u00e9rmino de una reuni\u00f3n de dos horas entre L\u00f3pez Obrador y empresarios de Walmart, Maseca, Minsa y Sigma, entre otras, Sheffield observ\u00f3 que hay condiciones para que los precios de algunos productos empiecen a bajar.<\/p>\n\n\n\n<blockquote class=\"wp-block-quote is-layout-flow wp-block-quote-is-layout-flow\"><p>Los granos van bajando, entonces ojal\u00e1 no s\u00f3lo no lo veamos subir, sino empecemos a ver una modesta baja en algunos productos&#8221;, expres\u00f3.<\/p><\/blockquote>\n\n\n\n<p class=\"wp-block-paragraph\">-\u00bfEn qu\u00e9 productos?, se le pregunt\u00f3<\/p>\n\n\n\n<blockquote class=\"wp-block-quote is-layout-flow wp-block-quote-is-layout-flow\"><p>Ya lo va anunciar el Presidente. Estamos buscando por lo menos que no suba, pero algunos productos tienen condiciones de bajar porque hubo un aumento muy, muy grande por ejemplo al trigo&#8221;, observ\u00f3. Ahora el trigo va bajando, el ma\u00edz amarillo va bajando de precio, eso debe tambi\u00e9n verse reflejado pronto en el mercado nacional. Estamos hablando solamente de los 24 productos de la canasta b\u00e1sica&#8221;.<\/p><\/blockquote>\n\n\n\n<p class=\"wp-block-paragraph\">El Procurador calific\u00f3 el encuentro privado como &#8220;muy amable&#8221; y consider\u00f3 que hay una gran disposici\u00f3n de parte de los &#8220;jugadores&#8221; m\u00e1s importantes del sector.<\/p>\n\n\n\n<blockquote class=\"wp-block-quote is-layout-flow wp-block-quote-is-layout-flow\"><p>Ah\u00ed estaban los jugadores m\u00e1s importantes en el mercado mexicano. Incluso jugadores importantes, algunos de ellos en el mercado Internacional, hay importantes acuerdos, se van a venir desarrollando en mis pr\u00f3ximos d\u00edas&#8221;, abund\u00f3. Sheffield indic\u00f3 que, por parte del Gobierno federal, encabeza los esfuerzos contra la inflaci\u00f3n el Secretario de Hacienda, Rogelio Ram\u00edrez de la O.<\/p><\/blockquote>\n","protected":false},"excerpt":{"rendered":"<p>CIUDAD DE M\u00c9XICO.- Ante la continua alza de precios, el presidente Andr\u00e9s Manuel L\u00f3pez Obrador acord\u00f3 con empresarios<\/p>\n","protected":false},"author":1,"featured_media":383,"comment_status":"open","ping_status":"open","sticky":false,"template":"","format":"standard","meta":{"_crdt_document":"","_jetpack_memberships_contains_paid_content":false,"footnotes":"","jetpack_publicize_message":"Asegura la Profeco que en los pr\u00f3ximos d\u00edas AMLO anunciar\u00e1 el refuerzo del plan contra la inflaci\u00f3n","jetpack_publicize_feature_enabled":true,"jetpack_social_post_already_shared":true,"jetpack_social_options":{"image_generator_settings":{"template":"highway","default_image_id":0,"font":"","enabled":false},"version":2},"_wpas_customize_per_network":false},"categories":[9],"tags":[],"class_list":["post-382","post","type-post","status-publish","format-standard","has-post-thumbnail","hentry","category-el-mundo"],"magazineBlocksPostFeaturedMedia":{"thumbnail":"https:\/\/pornuestrolaredo.com\/wp-content\/uploads\/2022\/09\/PNL-20220922-2-3-150x150.jpeg","medium":"https:\/\/pornuestrolaredo.com\/wp-content\/uploads\/2022\/09\/PNL-20220922-2-3-300x200.jpeg","medium_large":"https:\/\/pornuestrolaredo.com\/wp-content\/uploads\/2022\/09\/PNL-20220922-2-3-768x512.jpeg","large":"https:\/\/pornuestrolaredo.com\/wp-content\/uploads\/2022\/09\/PNL-20220922-2-3.jpeg","1536x1536":"https:\/\/pornuestrolaredo.com\/wp-content\/uploads\/2022\/09\/PNL-20220922-2-3.jpeg","2048x2048":"https:\/\/pornuestrolaredo.com\/wp-content\/uploads\/2022\/09\/PNL-20220922-2-3.jpeg","morenews-large":"https:\/\/pornuestrolaredo.com\/wp-content\/uploads\/2022\/09\/PNL-20220922-2-3.jpeg","morenews-medium":"https:\/\/pornuestrolaredo.com\/wp-content\/uploads\/2022\/09\/PNL-20220922-2-3.jpeg"},"magazineBlocksPostAuthor":{"name":"Redactor","avatar":"https:\/\/pornuestrolaredo.com\/wp-content\/litespeed\/avatar\/dca1d7ec750c399f025f23b0b314f4cf.jpg?ver=1777007253"},"magazineBlocksPostCommentsNumber":false,"magazineBlocksPostExcerpt":"CIUDAD DE M\u00c9XICO.- Ante la continua alza de precios, el presidente Andr\u00e9s Manuel L\u00f3pez Obrador acord\u00f3 con empresarios","magazineBlocksPostCategories":["El Mundo"],"magazineBlocksPostViewCount":132,"magazineBlocksPostReadTime":2,"magazine_blocks_featured_image_url":{"full":["https:\/\/pornuestrolaredo.com\/wp-content\/uploads\/2022\/09\/PNL-20220922-2-3.jpeg",960,640,false],"medium":["https:\/\/pornuestrolaredo.com\/wp-content\/uploads\/2022\/09\/PNL-20220922-2-3-300x200.jpeg",300,200,true],"thumbnail":["https:\/\/pornuestrolaredo.com\/wp-content\/uploads\/2022\/09\/PNL-20220922-2-3-150x150.jpeg",150,150,true]},"magazine_blocks_author":{"display_name":"Redactor","author_link":"https:\/\/pornuestrolaredo.com\/?author=1"},"magazine_blocks_comment":0,"magazine_blocks_author_image":"https:\/\/pornuestrolaredo.com\/wp-content\/litespeed\/avatar\/dca1d7ec750c399f025f23b0b314f4cf.jpg?ver=1777007253","magazine_blocks_category":"<a href=\"#\" class=\"category-link category-link-9\">El Mundo<\/a>","jetpack_publicize_connections":[],"featured_image_urls":{"full":["https:\/\/pornuestrolaredo.com\/wp-content\/uploads\/2022\/09\/PNL-20220922-2-3.jpeg",960,640,false],"thumbnail":["https:\/\/pornuestrolaredo.com\/wp-content\/uploads\/2022\/09\/PNL-20220922-2-3-150x150.jpeg",150,150,true],"medium":["https:\/\/pornuestrolaredo.com\/wp-content\/uploads\/2022\/09\/PNL-20220922-2-3-300x200.jpeg",300,200,true],"medium_large":["https:\/\/pornuestrolaredo.com\/wp-content\/uploads\/2022\/09\/PNL-20220922-2-3-768x512.jpeg",640,427,true],"large":["https:\/\/pornuestrolaredo.com\/wp-content\/uploads\/2022\/09\/PNL-20220922-2-3.jpeg",640,427,false],"1536x1536":["https:\/\/pornuestrolaredo.com\/wp-content\/uploads\/2022\/09\/PNL-20220922-2-3.jpeg",960,640,false],"2048x2048":["https:\/\/pornuestrolaredo.com\/wp-content\/uploads\/2022\/09\/PNL-20220922-2-3.jpeg",960,640,false],"morenews-large":["https:\/\/pornuestrolaredo.com\/wp-content\/uploads\/2022\/09\/PNL-20220922-2-3.jpeg",825,550,false],"morenews-medium":["https:\/\/pornuestrolaredo.com\/wp-content\/uploads\/2022\/09\/PNL-20220922-2-3.jpeg",590,393,false]},"author_info":{"info":["Redactor"]},"category_info":"<a href=\"https:\/\/pornuestrolaredo.com\/?cat=9\" rel=\"category\">El Mundo<\/a>","tag_info":"El Mundo","comment_count":"0","jetpack_featured_media_url":"https:\/\/pornuestrolaredo.com\/wp-content\/uploads\/2022\/09\/PNL-20220922-2-3.jpeg","jetpack_sharing_enabled":true,"_links":{"self":[{"href":"https:\/\/pornuestrolaredo.com\/index.php?rest_route=\/wp\/v2\/posts\/382","targetHints":{"allow":["GET"]}}],"collection":[{"href":"https:\/\/pornuestrolaredo.com\/index.php?rest_route=\/wp\/v2\/posts"}],"about":[{"href":"https:\/\/pornuestrolaredo.com\/index.php?rest_route=\/wp\/v2\/types\/post"}],"author":[{"embeddable":true,"href":"https:\/\/pornuestrolaredo.com\/index.php?rest_route=\/wp\/v2\/users\/1"}],"replies":[{"embeddable":true,"href":"https:\/\/pornuestrolaredo.com\/index.php?rest_route=%2Fwp%2Fv2%2Fcomments&post=382"}],"version-history":[{"count":1,"href":"https:\/\/pornuestrolaredo.com\/index.php?rest_route=\/wp\/v2\/posts\/382\/revisions"}],"predecessor-version":[{"id":384,"href":"https:\/\/pornuestrolaredo.com\/index.php?rest_route=\/wp\/v2\/posts\/382\/revisions\/384"}],"wp:featuredmedia":[{"embeddable":true,"href":"https:\/\/pornuestrolaredo.com\/index.php?rest_route=\/wp\/v2\/media\/383"}],"wp:attachment":[{"href":"https:\/\/pornuestrolaredo.com\/index.php?rest_route=%2Fwp%2Fv2%2Fmedia&parent=382"}],"wp:term":[{"taxonomy":"category","embeddable":true,"href":"https:\/\/pornuestrolaredo.com\/index.php?rest_route=%2Fwp%2Fv2%2Fcategories&post=382"},{"taxonomy":"post_tag","embeddable":true,"href":"https:\/\/pornuestrolaredo.com\/index.php?rest_route=%2Fwp%2Fv2%2Ftags&post=382"}],"curies":[{"name":"wp","href":"https:\/\/api.w.org\/{rel}","templated":true}]}}