{"id":3845,"date":"2024-02-13T05:30:30","date_gmt":"2024-02-13T05:30:30","guid":{"rendered":"https:\/\/pornuestrolaredo.com\/?p=3845"},"modified":"2024-02-13T05:30:30","modified_gmt":"2024-02-13T05:30:30","slug":"sacude-enjambre-de-sismos-a-bc","status":"publish","type":"post","link":"https:\/\/pornuestrolaredo.com\/?p=3845","title":{"rendered":"Sacude \u2018enjambre\u2019 de sismos a BC"},"content":{"rendered":"<p><strong><em>TIJUANA.-<\/em> <\/strong>La gobernadora de Baja California, Marina del Pilar, indic\u00f3 que tras el enjambre de sismos que se registr\u00f3 en Mexicali este lunes se activ\u00f3 la alerta amarilla en el municipio y adem\u00e1s anunciaron la reanudaci\u00f3n de clases para este martes.<\/p>\n<blockquote><p>Los sismos se sintieron particularmente en Mexicali, que es donde se sinti\u00f3 mucho m\u00e1s fuerte, se sinti\u00f3 en Tijuana y se sinti\u00f3 un poco en Tecate tambi\u00e9n; sin embargo, fue en Mexicali donde las r\u00e9plicas han sido m\u00e1s constantes y m\u00e1s fuertes, en relaci\u00f3n con el resto de los municipios, estamos en alerta amarilla\u201d, dijo la gobernadora morenista en un video compartido en sus redes sociales.<\/p><\/blockquote>\n<p>De acuerdo con datos del Servicio Sismol\u00f3gico Nacional, en los \u00faltimos tres d\u00edas se han registrado 176 sismos asociados con las principales fallas geol\u00f3gicas en el condado de Imperial, California, y el evento de mayor magnitud ocurri\u00f3 este lunes, a las 00:36 horas. <\/p>\n<p>En su informe indica que la magnitud del temblor fue de 4.8 y su epicentro fue ubicado a 23.45 km al noroeste de Mexicali, Baja California.<\/p>\n<p>La gobernadora Marina del Pilar anunci\u00f3 tambi\u00e9n en sus redes sociales que este martes se reanudan las clases en todos los niveles educativos, luego de confirmar con las autoridades de Protecci\u00f3n Civil que no se corre ning\u00fan riesgo, tras el registro del enjambre de sismos. <\/p>\n<blockquote><p>Despu\u00e9s de la revisi\u00f3n hecha por el Consejo Estatal de Protecci\u00f3n Civil, llegamos a la conclusi\u00f3n de que, luego de los sismos de esta madrugada, no hay da\u00f1os en las escuelas que pongan en riesgo a nuestras ni\u00f1as, ni\u00f1os y adolescentes\u201d, indic\u00f3 Del Pilar.<\/p><\/blockquote>\n<p>Conmin\u00f3 a la poblaci\u00f3n de Mexicali a seguir las recomendaciones de Protecci\u00f3n Civil, ante los sismos registrados en la frontera con Estados Unidos.<\/p>\n<p>\u00bfQU\u00c9 ES UN ENJAMBRE DE SISMOS?<\/p>\n<p>El Instituto de Geof\u00edsica de la UNAM explic\u00f3 que un enjambre de sismos est\u00e1 conformado por un conjunto de temblores menores, algunos imperceptibles para el ser humano, mientras que el Servicio Sismol\u00f3gico Nacional (SSN) se\u00f1ala que son m\u00faltiples microsismos que se dan en una zona determinada.<\/p>\n<p>Hugo Delgado, ingeniero ge\u00f3logo de la Facultad de Ingenier\u00eda de la UNAM, explic\u00f3 que el enjambre de sismos se relaciona con rupturas m\u00faltiples de la corteza que se fracturan a distintas profundidades.<\/p>\n","protected":false},"excerpt":{"rendered":"<p>Los temblores se sienten m\u00e1s fuerte en Mexicali, Tijuana y un poco en Tecate<\/p>\n","protected":false},"author":1,"featured_media":3846,"comment_status":"closed","ping_status":"closed","sticky":false,"template":"","format":"standard","meta":{"_crdt_document":"","_jetpack_memberships_contains_paid_content":false,"footnotes":"","jetpack_publicize_message":"","jetpack_publicize_feature_enabled":true,"jetpack_social_post_already_shared":true,"jetpack_social_options":{"image_generator_settings":{"template":"highway","default_image_id":0,"font":"","enabled":false},"version":2},"_wpas_customize_per_network":false},"categories":[33],"tags":[],"class_list":["post-3845","post","type-post","status-publish","format-standard","has-post-thumbnail","hentry","category-mexico"],"magazineBlocksPostFeaturedMedia":{"thumbnail":"https:\/\/pornuestrolaredo.com\/wp-content\/uploads\/2024\/02\/Stereo91-20240212-1-150x150.jpg","medium":"https:\/\/pornuestrolaredo.com\/wp-content\/uploads\/2024\/02\/Stereo91-20240212-1-300x208.jpg","medium_large":"https:\/\/pornuestrolaredo.com\/wp-content\/uploads\/2024\/02\/Stereo91-20240212-1-768x533.jpg","large":"https:\/\/pornuestrolaredo.com\/wp-content\/uploads\/2024\/02\/Stereo91-20240212-1.jpg","1536x1536":"https:\/\/pornuestrolaredo.com\/wp-content\/uploads\/2024\/02\/Stereo91-20240212-1.jpg","2048x2048":"https:\/\/pornuestrolaredo.com\/wp-content\/uploads\/2024\/02\/Stereo91-20240212-1.jpg","morenews-large":"https:\/\/pornuestrolaredo.com\/wp-content\/uploads\/2024\/02\/Stereo91-20240212-1.jpg","morenews-medium":"https:\/\/pornuestrolaredo.com\/wp-content\/uploads\/2024\/02\/Stereo91-20240212-1.jpg"},"magazineBlocksPostAuthor":{"name":"Redactor","avatar":"https:\/\/pornuestrolaredo.com\/wp-content\/litespeed\/avatar\/dca1d7ec750c399f025f23b0b314f4cf.jpg?ver=1777612120"},"magazineBlocksPostCommentsNumber":false,"magazineBlocksPostExcerpt":"Los temblores se sienten m\u00e1s fuerte en Mexicali, Tijuana y un poco en Tecate","magazineBlocksPostCategories":["Mexico"],"magazineBlocksPostViewCount":134,"magazineBlocksPostReadTime":2,"magazine_blocks_featured_image_url":{"full":["https:\/\/pornuestrolaredo.com\/wp-content\/uploads\/2024\/02\/Stereo91-20240212-1.jpg",830,576,false],"medium":["https:\/\/pornuestrolaredo.com\/wp-content\/uploads\/2024\/02\/Stereo91-20240212-1-300x208.jpg",300,208,true],"thumbnail":["https:\/\/pornuestrolaredo.com\/wp-content\/uploads\/2024\/02\/Stereo91-20240212-1-150x150.jpg",150,150,true]},"magazine_blocks_author":{"display_name":"Redactor","author_link":"https:\/\/pornuestrolaredo.com\/?author=1"},"magazine_blocks_comment":0,"magazine_blocks_author_image":"https:\/\/pornuestrolaredo.com\/wp-content\/litespeed\/avatar\/dca1d7ec750c399f025f23b0b314f4cf.jpg?ver=1777612120","magazine_blocks_category":"<a href=\"#\" class=\"category-link category-link-33\">Mexico<\/a>","jetpack_publicize_connections":[],"featured_image_urls":{"full":["https:\/\/pornuestrolaredo.com\/wp-content\/uploads\/2024\/02\/Stereo91-20240212-1.jpg",830,576,false],"thumbnail":["https:\/\/pornuestrolaredo.com\/wp-content\/uploads\/2024\/02\/Stereo91-20240212-1-150x150.jpg",150,150,true],"medium":["https:\/\/pornuestrolaredo.com\/wp-content\/uploads\/2024\/02\/Stereo91-20240212-1-300x208.jpg",300,208,true],"medium_large":["https:\/\/pornuestrolaredo.com\/wp-content\/uploads\/2024\/02\/Stereo91-20240212-1-768x533.jpg",640,444,true],"large":["https:\/\/pornuestrolaredo.com\/wp-content\/uploads\/2024\/02\/Stereo91-20240212-1.jpg",640,444,false],"1536x1536":["https:\/\/pornuestrolaredo.com\/wp-content\/uploads\/2024\/02\/Stereo91-20240212-1.jpg",830,576,false],"2048x2048":["https:\/\/pornuestrolaredo.com\/wp-content\/uploads\/2024\/02\/Stereo91-20240212-1.jpg",830,576,false],"morenews-large":["https:\/\/pornuestrolaredo.com\/wp-content\/uploads\/2024\/02\/Stereo91-20240212-1.jpg",825,573,false],"morenews-medium":["https:\/\/pornuestrolaredo.com\/wp-content\/uploads\/2024\/02\/Stereo91-20240212-1.jpg",590,410,false]},"author_info":{"info":["Redactor"]},"category_info":"<a href=\"https:\/\/pornuestrolaredo.com\/?cat=33\" rel=\"category\">Mexico<\/a>","tag_info":"Mexico","comment_count":"0","jetpack_featured_media_url":"https:\/\/pornuestrolaredo.com\/wp-content\/uploads\/2024\/02\/Stereo91-20240212-1.jpg","jetpack_sharing_enabled":true,"_links":{"self":[{"href":"https:\/\/pornuestrolaredo.com\/index.php?rest_route=\/wp\/v2\/posts\/3845","targetHints":{"allow":["GET"]}}],"collection":[{"href":"https:\/\/pornuestrolaredo.com\/index.php?rest_route=\/wp\/v2\/posts"}],"about":[{"href":"https:\/\/pornuestrolaredo.com\/index.php?rest_route=\/wp\/v2\/types\/post"}],"author":[{"embeddable":true,"href":"https:\/\/pornuestrolaredo.com\/index.php?rest_route=\/wp\/v2\/users\/1"}],"replies":[{"embeddable":true,"href":"https:\/\/pornuestrolaredo.com\/index.php?rest_route=%2Fwp%2Fv2%2Fcomments&post=3845"}],"version-history":[{"count":1,"href":"https:\/\/pornuestrolaredo.com\/index.php?rest_route=\/wp\/v2\/posts\/3845\/revisions"}],"predecessor-version":[{"id":3847,"href":"https:\/\/pornuestrolaredo.com\/index.php?rest_route=\/wp\/v2\/posts\/3845\/revisions\/3847"}],"wp:featuredmedia":[{"embeddable":true,"href":"https:\/\/pornuestrolaredo.com\/index.php?rest_route=\/wp\/v2\/media\/3846"}],"wp:attachment":[{"href":"https:\/\/pornuestrolaredo.com\/index.php?rest_route=%2Fwp%2Fv2%2Fmedia&parent=3845"}],"wp:term":[{"taxonomy":"category","embeddable":true,"href":"https:\/\/pornuestrolaredo.com\/index.php?rest_route=%2Fwp%2Fv2%2Fcategories&post=3845"},{"taxonomy":"post_tag","embeddable":true,"href":"https:\/\/pornuestrolaredo.com\/index.php?rest_route=%2Fwp%2Fv2%2Ftags&post=3845"}],"curies":[{"name":"wp","href":"https:\/\/api.w.org\/{rel}","templated":true}]}}