{"id":3848,"date":"2024-02-13T05:56:53","date_gmt":"2024-02-13T05:56:53","guid":{"rendered":"https:\/\/pornuestrolaredo.com\/?p=3848"},"modified":"2024-02-13T05:59:39","modified_gmt":"2024-02-13T05:59:39","slug":"todo-listo-para-la-tradicional-ceremonia-del-abrazo","status":"publish","type":"post","link":"https:\/\/pornuestrolaredo.com\/?p=3848","title":{"rendered":"Todo listo para la tradicional Ceremonia del Abrazo"},"content":{"rendered":"<p><strong><em>NUEVO LAREDO.- <\/em><\/strong>Autoridades de los Dos Laredos llevar\u00e1n a cabo este s\u00e1bado 17 de febrero la tradicional Ceremonia del Abrazo, un festejo en el que ambas ciudades y naciones refrendan su compromiso para impulsar la regi\u00f3n para beneficio de la comunidad.<\/p>\n<p>La alcaldesa Carmen Lilia Canturosas Villarreal, inform\u00f3 que para esta edici\u00f3n, el gobernador del Estado, Am\u00e9rico Villarreal Anaya estar\u00e1 presente en la ceremonia y que la Washington Birthday Celebration Association lo nombr\u00f3 Se\u00f1or Internacional debido a que ha sido impulsor de la frontera laredense y un aliado para llevar a cabo proyectos que potencializan el liderazgo comercial.<\/p>\n<blockquote><p>Este 2024 la Ceremonia del Abrazo y todos los festejos organizados por la Washington Birthday Celebration Association cobra un significado muy especial porque han nombrado como se\u00f1or internacional al nuestro gobernador Am\u00e9rico Villarreal Anaya, un hombre que desde su llegada al gobierno, ha sido un gran impulsor de nuestra frontera y un aliado para llevar a cabo proyectos que potencializan nuestro liderazgo comercial\u201d, destac\u00f3 Canturosas Villarreal.<\/p><\/blockquote>\n<p>Indic\u00f3 que la celebraci\u00f3n  del fraternal abrazo ser\u00e1 en las mediaciones del Puente Internacional Ju\u00e1rez-Lincoln en punto de las 8:00 de la ma\u00f1ana como lo marca la tradici\u00f3n con la que se fortalecen los lazos de cooperaci\u00f3n.<\/p>\n<blockquote><p>A los Laredos nos une una hermandad \u00fanica en el mundo, somos una familia que trabaja hombro a hombro para hacer de nuestra regi\u00f3n un mejor lugar para vivir y asegurar a las generaciones venideras, un futuro m\u00e1s pr\u00f3spero\u201d, expres\u00f3.<\/p><\/blockquote>\n<p>Con motivo de estos festejos, <strong>Aduanas y Protecci\u00f3n Fronteriza (CBP) mantendr\u00e1 cerrado en ambos sentidos el paso vehicular por el Puente II desde las 5:00 y hasta alrededor de las 9:00 de la ma\u00f1ana.<\/strong><\/p>\n","protected":false},"excerpt":{"rendered":"<p>Los dos Laredos refrendar\u00e1n su compromiso de impulsar a\u00fan m\u00e1s la regi\u00f3n<\/p>\n","protected":false},"author":1,"featured_media":3852,"comment_status":"closed","ping_status":"closed","sticky":false,"template":"","format":"standard","meta":{"_crdt_document":"","_jetpack_memberships_contains_paid_content":false,"footnotes":"","jetpack_publicize_message":"","jetpack_publicize_feature_enabled":true,"jetpack_social_post_already_shared":true,"jetpack_social_options":{"image_generator_settings":{"template":"highway","default_image_id":0,"font":"","enabled":false},"version":2},"_wpas_customize_per_network":false},"categories":[4],"tags":[],"class_list":["post-3848","post","type-post","status-publish","format-standard","has-post-thumbnail","hentry","category-los-dos-laredos"],"magazineBlocksPostFeaturedMedia":{"thumbnail":"https:\/\/pornuestrolaredo.com\/wp-content\/uploads\/2024\/02\/Stereo91-20240212-2-150x150.jpg","medium":"https:\/\/pornuestrolaredo.com\/wp-content\/uploads\/2024\/02\/Stereo91-20240212-2-300x164.jpg","medium_large":"https:\/\/pornuestrolaredo.com\/wp-content\/uploads\/2024\/02\/Stereo91-20240212-2-768x419.jpg","large":"https:\/\/pornuestrolaredo.com\/wp-content\/uploads\/2024\/02\/Stereo91-20240212-2.jpg","1536x1536":"https:\/\/pornuestrolaredo.com\/wp-content\/uploads\/2024\/02\/Stereo91-20240212-2.jpg","2048x2048":"https:\/\/pornuestrolaredo.com\/wp-content\/uploads\/2024\/02\/Stereo91-20240212-2.jpg","morenews-large":"https:\/\/pornuestrolaredo.com\/wp-content\/uploads\/2024\/02\/Stereo91-20240212-2.jpg","morenews-medium":"https:\/\/pornuestrolaredo.com\/wp-content\/uploads\/2024\/02\/Stereo91-20240212-2.jpg"},"magazineBlocksPostAuthor":{"name":"Redactor","avatar":"https:\/\/pornuestrolaredo.com\/wp-content\/litespeed\/avatar\/dca1d7ec750c399f025f23b0b314f4cf.jpg?ver=1777612120"},"magazineBlocksPostCommentsNumber":false,"magazineBlocksPostExcerpt":"Los dos Laredos refrendar\u00e1n su compromiso de impulsar a\u00fan m\u00e1s la regi\u00f3n","magazineBlocksPostCategories":["Los dos Laredos"],"magazineBlocksPostViewCount":116,"magazineBlocksPostReadTime":2,"magazine_blocks_featured_image_url":{"full":["https:\/\/pornuestrolaredo.com\/wp-content\/uploads\/2024\/02\/Stereo91-20240212-2.jpg",850,464,false],"medium":["https:\/\/pornuestrolaredo.com\/wp-content\/uploads\/2024\/02\/Stereo91-20240212-2-300x164.jpg",300,164,true],"thumbnail":["https:\/\/pornuestrolaredo.com\/wp-content\/uploads\/2024\/02\/Stereo91-20240212-2-150x150.jpg",150,150,true]},"magazine_blocks_author":{"display_name":"Redactor","author_link":"https:\/\/pornuestrolaredo.com\/?author=1"},"magazine_blocks_comment":0,"magazine_blocks_author_image":"https:\/\/pornuestrolaredo.com\/wp-content\/litespeed\/avatar\/dca1d7ec750c399f025f23b0b314f4cf.jpg?ver=1777612120","magazine_blocks_category":"<a href=\"#\" class=\"category-link category-link-4\">Los dos Laredos<\/a>","jetpack_publicize_connections":[],"featured_image_urls":{"full":["https:\/\/pornuestrolaredo.com\/wp-content\/uploads\/2024\/02\/Stereo91-20240212-2.jpg",850,464,false],"thumbnail":["https:\/\/pornuestrolaredo.com\/wp-content\/uploads\/2024\/02\/Stereo91-20240212-2-150x150.jpg",150,150,true],"medium":["https:\/\/pornuestrolaredo.com\/wp-content\/uploads\/2024\/02\/Stereo91-20240212-2-300x164.jpg",300,164,true],"medium_large":["https:\/\/pornuestrolaredo.com\/wp-content\/uploads\/2024\/02\/Stereo91-20240212-2-768x419.jpg",640,349,true],"large":["https:\/\/pornuestrolaredo.com\/wp-content\/uploads\/2024\/02\/Stereo91-20240212-2.jpg",640,349,false],"1536x1536":["https:\/\/pornuestrolaredo.com\/wp-content\/uploads\/2024\/02\/Stereo91-20240212-2.jpg",850,464,false],"2048x2048":["https:\/\/pornuestrolaredo.com\/wp-content\/uploads\/2024\/02\/Stereo91-20240212-2.jpg",850,464,false],"morenews-large":["https:\/\/pornuestrolaredo.com\/wp-content\/uploads\/2024\/02\/Stereo91-20240212-2.jpg",825,450,false],"morenews-medium":["https:\/\/pornuestrolaredo.com\/wp-content\/uploads\/2024\/02\/Stereo91-20240212-2.jpg",590,322,false]},"author_info":{"info":["Redactor"]},"category_info":"<a href=\"https:\/\/pornuestrolaredo.com\/?cat=4\" rel=\"category\">Los dos Laredos<\/a>","tag_info":"Los dos Laredos","comment_count":"0","jetpack_featured_media_url":"https:\/\/pornuestrolaredo.com\/wp-content\/uploads\/2024\/02\/Stereo91-20240212-2.jpg","jetpack_sharing_enabled":true,"_links":{"self":[{"href":"https:\/\/pornuestrolaredo.com\/index.php?rest_route=\/wp\/v2\/posts\/3848","targetHints":{"allow":["GET"]}}],"collection":[{"href":"https:\/\/pornuestrolaredo.com\/index.php?rest_route=\/wp\/v2\/posts"}],"about":[{"href":"https:\/\/pornuestrolaredo.com\/index.php?rest_route=\/wp\/v2\/types\/post"}],"author":[{"embeddable":true,"href":"https:\/\/pornuestrolaredo.com\/index.php?rest_route=\/wp\/v2\/users\/1"}],"replies":[{"embeddable":true,"href":"https:\/\/pornuestrolaredo.com\/index.php?rest_route=%2Fwp%2Fv2%2Fcomments&post=3848"}],"version-history":[{"count":2,"href":"https:\/\/pornuestrolaredo.com\/index.php?rest_route=\/wp\/v2\/posts\/3848\/revisions"}],"predecessor-version":[{"id":3851,"href":"https:\/\/pornuestrolaredo.com\/index.php?rest_route=\/wp\/v2\/posts\/3848\/revisions\/3851"}],"wp:featuredmedia":[{"embeddable":true,"href":"https:\/\/pornuestrolaredo.com\/index.php?rest_route=\/wp\/v2\/media\/3852"}],"wp:attachment":[{"href":"https:\/\/pornuestrolaredo.com\/index.php?rest_route=%2Fwp%2Fv2%2Fmedia&parent=3848"}],"wp:term":[{"taxonomy":"category","embeddable":true,"href":"https:\/\/pornuestrolaredo.com\/index.php?rest_route=%2Fwp%2Fv2%2Fcategories&post=3848"},{"taxonomy":"post_tag","embeddable":true,"href":"https:\/\/pornuestrolaredo.com\/index.php?rest_route=%2Fwp%2Fv2%2Ftags&post=3848"}],"curies":[{"name":"wp","href":"https:\/\/api.w.org\/{rel}","templated":true}]}}