{"id":3853,"date":"2024-02-13T06:10:07","date_gmt":"2024-02-13T06:10:07","guid":{"rendered":"https:\/\/pornuestrolaredo.com\/?p=3853"},"modified":"2024-02-13T06:10:07","modified_gmt":"2024-02-13T06:10:07","slug":"inicia-manana-la-cuaresma","status":"publish","type":"post","link":"https:\/\/pornuestrolaredo.com\/?p=3853","title":{"rendered":"Inicia ma\u00f1ana la Cuaresma"},"content":{"rendered":"<p><strong>CIUDAD DE M\u00c9XICO.- <\/strong>Despu\u00e9s de que la religi\u00f3n cat\u00f3lica vivi\u00f3 una de las celebraciones m\u00e1s importantes como la Navidad que est\u00e1 relacionada al nacimiento de Jes\u00fas, ahora se prepara para la Semana Santa, pero previo a esto se realiza el Mi\u00e9rcoles de Ceniza, que es de suma importancia para los cat\u00f3licos. <\/p>\n<p>La conmemoraci\u00f3n del Mi\u00e9rcoles de Ceniza es un evento importante para los cat\u00f3licos, ya que con ello se empieza oficialmente el comienzo de la Cuaresma. Te contamos la fecha en la ser\u00e1 este evento.<\/p>\n<p><strong>\u00bfPor qu\u00e9 se realiza el Mi\u00e9rcoles de Ceniza y qu\u00e9 es la Cuaresma?<br \/>\n<\/strong><br \/>\nEl Mi\u00e9rcoles de Ceniza tiene lugar 46 d\u00edas antes de la Pascua, marcando el inicio de la Cuaresma. Este per\u00edodo lit\u00fargico tiene una duraci\u00f3n de 40 d\u00edas y conmemora los 40 d\u00edas que Jes\u00fas pas\u00f3 en el desierto antes de comenzar su ministerio p\u00fablico.<\/p>\n<p>La Cuaresma es un tiempo de reflexi\u00f3n, arrepentimiento y preparaci\u00f3n espiritual para la celebraci\u00f3n de la Resurrecci\u00f3n en la Pascua.<\/p>\n<p>Durante la Cuaresma, los fieles son alentados a practicar el ayuno, la oraci\u00f3n y la caridad como una forma de purificaci\u00f3n espiritual. Este per\u00edodo tiene un simbolismo profundo en la fe cristiana, recordando la importancia de la penitencia y el acercamiento a Dios.<\/p>\n<p><strong>\u00bfDe d\u00f3nde proviene la ceniza que se utiliza en esta fecha?<br \/>\n<\/strong><br \/>\nLa ceniza utilizada en el Mi\u00e9rcoles de Ceniza proviene de las palmas bendecidas durante el Domingo de Ramos del a\u00f1o anterior. Estas palmas son quemadas y las cenizas resultantes se mezclan con agua bendita o aceite santo.<\/p>\n<p>Antes de la imposici\u00f3n de las cenizas, se pronuncian palabras como &#8220;Recuerda que eres polvo y al polvo volver\u00e1s&#8221; o &#8220;Arrepi\u00e9ntete y cree en el Evangelio&#8221;. Este gesto simboliza la humildad y la mortalidad del ser humano.<\/p>\n<p><strong>\u00bfCu\u00e1l es el significado de colocar ceniza en la frente?<br \/>\n<\/strong><br \/>\nLa colocaci\u00f3n de ceniza en la frente durante el Mi\u00e9rcoles de Ceniza tiene varios significados simb\u00f3licos. En primer lugar, sirve como un recordatorio de la fugacidad de la vida y la inevitabilidad de la muerte f\u00edsica.<\/p>\n<p>Al utilizar las palabras mencionadas durante la imposici\u00f3n, se enfatiza la conexi\u00f3n entre la ceniza y la condici\u00f3n humana.<\/p>\n<p>Adem\u00e1s, la ceniza se considera un s\u00edmbolo de penitencia y arrepentimiento. Marcarse con ceniza es un acto externo que refleja un compromiso interno de cambiar y mejorar espiritualmente durante la Cuaresma. Es una forma tangible de expresar la necesidad de reconciliaci\u00f3n con Dios y con los dem\u00e1s.<\/p>\n<p><strong>\u00bfCu\u00e1ndo ser\u00e1 el Mi\u00e9rcoles de Ceniza en 2024?<br \/>\n<\/strong><br \/>\nDe acuerdo con la iglesia cat\u00f3lica, el Mi\u00e9rcoles de Ceniza en este 2024 se realizar\u00e1 en pleno San Valent\u00edn o D\u00eda del Amor y la Amistad, es decir, el 14 de febrero.<\/p>\n<p>Por lo que anota la fecha en el calendario para que puedas ir a tu iglesia m\u00e1s cercana a la colocaci\u00f3n de la ceniza.<\/p>\n","protected":false},"excerpt":{"rendered":"<p>Este 14 de febrero, D\u00eda del Amor y la Amistad, es tambi\u00e9n Mi\u00e9rcoles de Ceniza<\/p>\n","protected":false},"author":1,"featured_media":3855,"comment_status":"closed","ping_status":"closed","sticky":false,"template":"","format":"standard","meta":{"_crdt_document":"","_jetpack_memberships_contains_paid_content":false,"footnotes":"","jetpack_publicize_message":"","jetpack_publicize_feature_enabled":true,"jetpack_social_post_already_shared":true,"jetpack_social_options":{"image_generator_settings":{"template":"highway","default_image_id":0,"font":"","enabled":false},"version":2},"_wpas_customize_per_network":false},"categories":[9],"tags":[],"class_list":["post-3853","post","type-post","status-publish","format-standard","has-post-thumbnail","hentry","category-el-mundo"],"magazineBlocksPostFeaturedMedia":{"thumbnail":"https:\/\/pornuestrolaredo.com\/wp-content\/uploads\/2024\/02\/Stereo91-20240212-3-150x150.jpg","medium":"https:\/\/pornuestrolaredo.com\/wp-content\/uploads\/2024\/02\/Stereo91-20240212-3-300x200.jpg","medium_large":"https:\/\/pornuestrolaredo.com\/wp-content\/uploads\/2024\/02\/Stereo91-20240212-3-768x511.jpg","large":"https:\/\/pornuestrolaredo.com\/wp-content\/uploads\/2024\/02\/Stereo91-20240212-3.jpg","1536x1536":"https:\/\/pornuestrolaredo.com\/wp-content\/uploads\/2024\/02\/Stereo91-20240212-3.jpg","2048x2048":"https:\/\/pornuestrolaredo.com\/wp-content\/uploads\/2024\/02\/Stereo91-20240212-3.jpg","morenews-large":"https:\/\/pornuestrolaredo.com\/wp-content\/uploads\/2024\/02\/Stereo91-20240212-3.jpg","morenews-medium":"https:\/\/pornuestrolaredo.com\/wp-content\/uploads\/2024\/02\/Stereo91-20240212-3.jpg"},"magazineBlocksPostAuthor":{"name":"Redactor","avatar":"https:\/\/pornuestrolaredo.com\/wp-content\/litespeed\/avatar\/dca1d7ec750c399f025f23b0b314f4cf.jpg?ver=1777612120"},"magazineBlocksPostCommentsNumber":false,"magazineBlocksPostExcerpt":"Este 14 de febrero, D\u00eda del Amor y la Amistad, es tambi\u00e9n Mi\u00e9rcoles de Ceniza","magazineBlocksPostCategories":["El Mundo"],"magazineBlocksPostViewCount":130,"magazineBlocksPostReadTime":3,"magazine_blocks_featured_image_url":{"full":["https:\/\/pornuestrolaredo.com\/wp-content\/uploads\/2024\/02\/Stereo91-20240212-3.jpg",850,566,false],"medium":["https:\/\/pornuestrolaredo.com\/wp-content\/uploads\/2024\/02\/Stereo91-20240212-3-300x200.jpg",300,200,true],"thumbnail":["https:\/\/pornuestrolaredo.com\/wp-content\/uploads\/2024\/02\/Stereo91-20240212-3-150x150.jpg",150,150,true]},"magazine_blocks_author":{"display_name":"Redactor","author_link":"https:\/\/pornuestrolaredo.com\/?author=1"},"magazine_blocks_comment":0,"magazine_blocks_author_image":"https:\/\/pornuestrolaredo.com\/wp-content\/litespeed\/avatar\/dca1d7ec750c399f025f23b0b314f4cf.jpg?ver=1777612120","magazine_blocks_category":"<a href=\"#\" class=\"category-link category-link-9\">El Mundo<\/a>","jetpack_publicize_connections":[],"featured_image_urls":{"full":["https:\/\/pornuestrolaredo.com\/wp-content\/uploads\/2024\/02\/Stereo91-20240212-3.jpg",850,566,false],"thumbnail":["https:\/\/pornuestrolaredo.com\/wp-content\/uploads\/2024\/02\/Stereo91-20240212-3-150x150.jpg",150,150,true],"medium":["https:\/\/pornuestrolaredo.com\/wp-content\/uploads\/2024\/02\/Stereo91-20240212-3-300x200.jpg",300,200,true],"medium_large":["https:\/\/pornuestrolaredo.com\/wp-content\/uploads\/2024\/02\/Stereo91-20240212-3-768x511.jpg",640,426,true],"large":["https:\/\/pornuestrolaredo.com\/wp-content\/uploads\/2024\/02\/Stereo91-20240212-3.jpg",640,426,false],"1536x1536":["https:\/\/pornuestrolaredo.com\/wp-content\/uploads\/2024\/02\/Stereo91-20240212-3.jpg",850,566,false],"2048x2048":["https:\/\/pornuestrolaredo.com\/wp-content\/uploads\/2024\/02\/Stereo91-20240212-3.jpg",850,566,false],"morenews-large":["https:\/\/pornuestrolaredo.com\/wp-content\/uploads\/2024\/02\/Stereo91-20240212-3.jpg",825,549,false],"morenews-medium":["https:\/\/pornuestrolaredo.com\/wp-content\/uploads\/2024\/02\/Stereo91-20240212-3.jpg",590,393,false]},"author_info":{"info":["Redactor"]},"category_info":"<a href=\"https:\/\/pornuestrolaredo.com\/?cat=9\" rel=\"category\">El Mundo<\/a>","tag_info":"El Mundo","comment_count":"0","jetpack_featured_media_url":"https:\/\/pornuestrolaredo.com\/wp-content\/uploads\/2024\/02\/Stereo91-20240212-3.jpg","jetpack_sharing_enabled":true,"_links":{"self":[{"href":"https:\/\/pornuestrolaredo.com\/index.php?rest_route=\/wp\/v2\/posts\/3853","targetHints":{"allow":["GET"]}}],"collection":[{"href":"https:\/\/pornuestrolaredo.com\/index.php?rest_route=\/wp\/v2\/posts"}],"about":[{"href":"https:\/\/pornuestrolaredo.com\/index.php?rest_route=\/wp\/v2\/types\/post"}],"author":[{"embeddable":true,"href":"https:\/\/pornuestrolaredo.com\/index.php?rest_route=\/wp\/v2\/users\/1"}],"replies":[{"embeddable":true,"href":"https:\/\/pornuestrolaredo.com\/index.php?rest_route=%2Fwp%2Fv2%2Fcomments&post=3853"}],"version-history":[{"count":3,"href":"https:\/\/pornuestrolaredo.com\/index.php?rest_route=\/wp\/v2\/posts\/3853\/revisions"}],"predecessor-version":[{"id":3857,"href":"https:\/\/pornuestrolaredo.com\/index.php?rest_route=\/wp\/v2\/posts\/3853\/revisions\/3857"}],"wp:featuredmedia":[{"embeddable":true,"href":"https:\/\/pornuestrolaredo.com\/index.php?rest_route=\/wp\/v2\/media\/3855"}],"wp:attachment":[{"href":"https:\/\/pornuestrolaredo.com\/index.php?rest_route=%2Fwp%2Fv2%2Fmedia&parent=3853"}],"wp:term":[{"taxonomy":"category","embeddable":true,"href":"https:\/\/pornuestrolaredo.com\/index.php?rest_route=%2Fwp%2Fv2%2Fcategories&post=3853"},{"taxonomy":"post_tag","embeddable":true,"href":"https:\/\/pornuestrolaredo.com\/index.php?rest_route=%2Fwp%2Fv2%2Ftags&post=3853"}],"curies":[{"name":"wp","href":"https:\/\/api.w.org\/{rel}","templated":true}]}}