{"id":3859,"date":"2024-02-19T05:12:29","date_gmt":"2024-02-19T05:12:29","guid":{"rendered":"https:\/\/pornuestrolaredo.com\/?p=3859"},"modified":"2024-02-19T05:12:29","modified_gmt":"2024-02-19T05:12:29","slug":"sufre-grupo-duelo-accidente-en-autopista","status":"publish","type":"post","link":"https:\/\/pornuestrolaredo.com\/?p=3859","title":{"rendered":"Sufre Grupo Duelo accidente en autopista"},"content":{"rendered":"<p><strong><em>MONTERREY.-<\/em> <\/strong>Despu\u00e9s de dos noches de \u00e9xito en Monterrey, el Grupo Duelo sufri\u00f3 un accidente automovil\u00edstico la madrugada de ayer en la Autopista Monterrey-Reynosa, en el que dos de sus integrantes y dos personas de su staff sufrieron lesiones.<\/p>\n<p>Ayer por la tarde se report\u00f3 que Pedro Ignacio Flores, bajista y segunda voz, al igual que Iv\u00e1n Manuel Torres, baterista, fueron trasladados al Hospital \u00c1ngeles, en San Pedro.<\/p>\n<p>A los otros lesionados, Alberto \u00c1ngel Meza Ibarra, de 50 a\u00f1os, y Tania L\u00f3pez Hern\u00e1ndez, de 26, los llevaron al Hospital General de Ju\u00e1rez.<\/p>\n<blockquote><p>Estamos algo golpeados, cansados, ya lo que queremos es terminar este d\u00eda&#8221;, expres\u00f3 Meza, de la producci\u00f3n de Duelo, v\u00eda telef\u00f3nica.<\/p><\/blockquote>\n<blockquote><p>El tel\u00e9fono me lo acaban de entregar ahorita, y soy ajeno a c\u00f3mo est\u00e1n los dem\u00e1s, porque no he tenido comunicaci\u00f3n con ellos&#8221;.<\/p><\/blockquote>\n<p>Ayer trascendi\u00f3 que quien result\u00f3 con lesiones m\u00e1s fuertes fue Pedro, por lo que tuvo que ser operado tras presentar una lesi\u00f3n en el \u00e1rea de las v\u00e9rtebras.<\/p>\n<blockquote><p>Torres (baterista) tiene un brazo lastimado y Pedrito (bajista) tuvo v\u00e9rtebras da\u00f1adas&#8221;, se\u00f1al\u00f3 una fuente.<\/p><\/blockquote>\n<p>M\u00e1s tarde se indic\u00f3 que los cuatro estaban bien, s\u00f3lo Pedro permanec\u00eda hospitalizado.<\/p>\n<p>\u00d3scar Iv\u00e1n, l\u00edder y cantante de Duelo, no viajaba en la camioneta.<\/p>\n<blockquote><p>\u00d3scar Iv\u00e1n est\u00e1 bien, \u00e9l viaja normalmente a parte, ya sea por avi\u00f3n o tierra. \u00c9l contin\u00faa en Nuevo Le\u00f3n muy al pendiente de sus compa\u00f1eros&#8221;, dijo \u00c9dgar Cavazos, publirrelacionista de Monterrey Music.<\/p><\/blockquote>\n<p>Viajaban en una Ford Escape blanca cuando el conductor aparentemente perdi\u00f3 el control y volc\u00f3 a un costado de la autopista.<\/p>\n<p>Protecci\u00f3n Civil de Cadereyta recibi\u00f3 el reporte a las 4:20 horas en el km 29 de la mencionada v\u00eda.<\/p>\n<p>Al llegar los socorristas se dieron cuenta de que dos de los lesionados estaban atrapados.<\/p>\n<p>La autoridad no se\u00f1al\u00f3 si alguno de los heridos era el conductor de la camioneta.<\/p>\n<p>La banda originaria de Roma, Texas, se present\u00f3 el s\u00e1bado en la Arena Monterrey y se dirig\u00eda a otro evento en San Antonio.<\/p>\n<p>El grupo cancel\u00f3 su evento en el Stock Show &#038; Rodeo de San Antonio.<\/p>\n<p>Duelo tuvo dos noches de \u00e9xito en la Arena, en donde en cada show reunieron a casi 17 mil asistentes.<\/p>\n","protected":false},"excerpt":{"rendered":"<p>Dos de sus integrantes y dos del staff fueron reportados lesionados por la asociaci\u00f3n musical<\/p>\n","protected":false},"author":1,"featured_media":3860,"comment_status":"closed","ping_status":"closed","sticky":false,"template":"","format":"standard","meta":{"_crdt_document":"","_jetpack_memberships_contains_paid_content":false,"footnotes":"","jetpack_publicize_message":"","jetpack_publicize_feature_enabled":true,"jetpack_social_post_already_shared":true,"jetpack_social_options":{"image_generator_settings":{"template":"highway","default_image_id":0,"font":"","enabled":false},"version":2},"_wpas_customize_per_network":false},"categories":[34],"tags":[],"class_list":["post-3859","post","type-post","status-publish","format-standard","has-post-thumbnail","hentry","category-farandula"],"magazineBlocksPostFeaturedMedia":{"thumbnail":"https:\/\/pornuestrolaredo.com\/wp-content\/uploads\/2024\/02\/Stereo91-20240218-2-150x150.jpg","medium":"https:\/\/pornuestrolaredo.com\/wp-content\/uploads\/2024\/02\/Stereo91-20240218-2-300x200.jpg","medium_large":"https:\/\/pornuestrolaredo.com\/wp-content\/uploads\/2024\/02\/Stereo91-20240218-2-768x512.jpg","large":"https:\/\/pornuestrolaredo.com\/wp-content\/uploads\/2024\/02\/Stereo91-20240218-2.jpg","1536x1536":"https:\/\/pornuestrolaredo.com\/wp-content\/uploads\/2024\/02\/Stereo91-20240218-2.jpg","2048x2048":"https:\/\/pornuestrolaredo.com\/wp-content\/uploads\/2024\/02\/Stereo91-20240218-2.jpg","morenews-large":"https:\/\/pornuestrolaredo.com\/wp-content\/uploads\/2024\/02\/Stereo91-20240218-2.jpg","morenews-medium":"https:\/\/pornuestrolaredo.com\/wp-content\/uploads\/2024\/02\/Stereo91-20240218-2.jpg"},"magazineBlocksPostAuthor":{"name":"Redactor","avatar":"https:\/\/pornuestrolaredo.com\/wp-content\/litespeed\/avatar\/dca1d7ec750c399f025f23b0b314f4cf.jpg?ver=1777612120"},"magazineBlocksPostCommentsNumber":false,"magazineBlocksPostExcerpt":"Dos de sus integrantes y dos del staff fueron reportados lesionados por la asociaci\u00f3n musical","magazineBlocksPostCategories":["Far\u00e1ndula"],"magazineBlocksPostViewCount":129,"magazineBlocksPostReadTime":2,"magazine_blocks_featured_image_url":{"full":["https:\/\/pornuestrolaredo.com\/wp-content\/uploads\/2024\/02\/Stereo91-20240218-2.jpg",960,640,false],"medium":["https:\/\/pornuestrolaredo.com\/wp-content\/uploads\/2024\/02\/Stereo91-20240218-2-300x200.jpg",300,200,true],"thumbnail":["https:\/\/pornuestrolaredo.com\/wp-content\/uploads\/2024\/02\/Stereo91-20240218-2-150x150.jpg",150,150,true]},"magazine_blocks_author":{"display_name":"Redactor","author_link":"https:\/\/pornuestrolaredo.com\/?author=1"},"magazine_blocks_comment":0,"magazine_blocks_author_image":"https:\/\/pornuestrolaredo.com\/wp-content\/litespeed\/avatar\/dca1d7ec750c399f025f23b0b314f4cf.jpg?ver=1777612120","magazine_blocks_category":"<a href=\"#\" class=\"category-link category-link-34\">Far\u00e1ndula<\/a>","jetpack_publicize_connections":[],"featured_image_urls":{"full":["https:\/\/pornuestrolaredo.com\/wp-content\/uploads\/2024\/02\/Stereo91-20240218-2.jpg",960,640,false],"thumbnail":["https:\/\/pornuestrolaredo.com\/wp-content\/uploads\/2024\/02\/Stereo91-20240218-2-150x150.jpg",150,150,true],"medium":["https:\/\/pornuestrolaredo.com\/wp-content\/uploads\/2024\/02\/Stereo91-20240218-2-300x200.jpg",300,200,true],"medium_large":["https:\/\/pornuestrolaredo.com\/wp-content\/uploads\/2024\/02\/Stereo91-20240218-2-768x512.jpg",640,427,true],"large":["https:\/\/pornuestrolaredo.com\/wp-content\/uploads\/2024\/02\/Stereo91-20240218-2.jpg",640,427,false],"1536x1536":["https:\/\/pornuestrolaredo.com\/wp-content\/uploads\/2024\/02\/Stereo91-20240218-2.jpg",960,640,false],"2048x2048":["https:\/\/pornuestrolaredo.com\/wp-content\/uploads\/2024\/02\/Stereo91-20240218-2.jpg",960,640,false],"morenews-large":["https:\/\/pornuestrolaredo.com\/wp-content\/uploads\/2024\/02\/Stereo91-20240218-2.jpg",825,550,false],"morenews-medium":["https:\/\/pornuestrolaredo.com\/wp-content\/uploads\/2024\/02\/Stereo91-20240218-2.jpg",590,393,false]},"author_info":{"info":["Redactor"]},"category_info":"<a href=\"https:\/\/pornuestrolaredo.com\/?cat=34\" rel=\"category\">Far\u00e1ndula<\/a>","tag_info":"Far\u00e1ndula","comment_count":"0","jetpack_featured_media_url":"https:\/\/pornuestrolaredo.com\/wp-content\/uploads\/2024\/02\/Stereo91-20240218-2.jpg","jetpack_sharing_enabled":true,"_links":{"self":[{"href":"https:\/\/pornuestrolaredo.com\/index.php?rest_route=\/wp\/v2\/posts\/3859","targetHints":{"allow":["GET"]}}],"collection":[{"href":"https:\/\/pornuestrolaredo.com\/index.php?rest_route=\/wp\/v2\/posts"}],"about":[{"href":"https:\/\/pornuestrolaredo.com\/index.php?rest_route=\/wp\/v2\/types\/post"}],"author":[{"embeddable":true,"href":"https:\/\/pornuestrolaredo.com\/index.php?rest_route=\/wp\/v2\/users\/1"}],"replies":[{"embeddable":true,"href":"https:\/\/pornuestrolaredo.com\/index.php?rest_route=%2Fwp%2Fv2%2Fcomments&post=3859"}],"version-history":[{"count":1,"href":"https:\/\/pornuestrolaredo.com\/index.php?rest_route=\/wp\/v2\/posts\/3859\/revisions"}],"predecessor-version":[{"id":3861,"href":"https:\/\/pornuestrolaredo.com\/index.php?rest_route=\/wp\/v2\/posts\/3859\/revisions\/3861"}],"wp:featuredmedia":[{"embeddable":true,"href":"https:\/\/pornuestrolaredo.com\/index.php?rest_route=\/wp\/v2\/media\/3860"}],"wp:attachment":[{"href":"https:\/\/pornuestrolaredo.com\/index.php?rest_route=%2Fwp%2Fv2%2Fmedia&parent=3859"}],"wp:term":[{"taxonomy":"category","embeddable":true,"href":"https:\/\/pornuestrolaredo.com\/index.php?rest_route=%2Fwp%2Fv2%2Fcategories&post=3859"},{"taxonomy":"post_tag","embeddable":true,"href":"https:\/\/pornuestrolaredo.com\/index.php?rest_route=%2Fwp%2Fv2%2Ftags&post=3859"}],"curies":[{"name":"wp","href":"https:\/\/api.w.org\/{rel}","templated":true}]}}