{"id":3862,"date":"2024-02-19T22:06:29","date_gmt":"2024-02-19T22:06:29","guid":{"rendered":"https:\/\/pornuestrolaredo.com\/?p=3862"},"modified":"2024-02-19T22:06:29","modified_gmt":"2024-02-19T22:06:29","slug":"entregaran-tarjetas-de-beca-une-el-dia-26","status":"publish","type":"post","link":"https:\/\/pornuestrolaredo.com\/?p=3862","title":{"rendered":"Entregar\u00e1n tarjetas de Beca UNE el d\u00eda 26"},"content":{"rendered":"<p><strong><em>NUEVO LAREDO.-<\/em><\/strong> Ya hay fecha para que los benficiarios de la beca \u201cUna  Nueva Era 2024 (UNE)\u201d reciban la tarjeta bancarioa que les permitir\u00e1 cobrarla directamente en los cajeros de banco.<\/p>\n<p>Este lunes, la alcaldesa, Carmen Lilia Canturosas  Villarreal, inform\u00f3 que del 26 al 29 de febrero se realizar\u00e1 la entrega de la tarjeta bancaria.<\/p>\n<p>En este ciclo escolar se entregar\u00e1n m\u00e1s de 12 mil 400 becas a estudiantes de educaci\u00f3n b\u00e1sica, para incentivar a los estudiantes y apoyar la econom\u00eda familiar.<\/p>\n<blockquote><p>Como siempre lo hemos dicho tenemos un gran compromiso con la educaci\u00f3n de nuestros estudiantes. Este apoyo econ\u00f3mico les ser\u00e1 de gran ayuda para que se sigan preparando y sobre todo es un apoyo significativo para los padres de familia ya que este recurso les servir\u00e1 para solventar gastos\u201d, mencion\u00f3 Canturosas  Villarreal.<\/p><\/blockquote>\n<p>La entrega de este documento ser\u00e1 para los titulares de la cuenta bancaria a partir de este 26 al 29 de febrero de 9:00 de la ma\u00f1ana a 5:00 de la tarde en el Centro C\u00edvico \u201cCarlos Cant\u00fa Rosas\u201d.<\/p>\n<p>Los requisitos  para recibir su tarjeta es que el interesado, o sea el titular de la cuenta, acuda presentando su original y copia del INE.<\/p>\n<p>Para llevar un orden y evitar aglomeraciones, la entrega se realizar\u00e1 por orden alfab\u00e9tico del primer apellido del titular de la cuenta.<\/p>\n<p>El lunes 26 de febrero se convoca a las personas con el apellido que inicie con la letra A a la E; martes 27 de febrero, de la F a la L; mi\u00e9rcoles 28 de febrero, de la M a la Q; y el jueves 29 de la letra R a la Z.<\/p>\n<p>Canturosas  Villarreal se\u00f1al\u00f3 que se pagar\u00e1 un retroactivo de 10 meses que corresponde a una cantidad de 5 mil pesos.<\/p>\n","protected":false},"excerpt":{"rendered":"<p>Anuncia la alcaldesa, Carmen Lilia Canturosas  Villarreal, que se pagar\u00e1 retroactivo: 10 meses en una sola exhibici\u00f3n<\/p>\n","protected":false},"author":1,"featured_media":3863,"comment_status":"closed","ping_status":"closed","sticky":false,"template":"","format":"standard","meta":{"_crdt_document":"","_jetpack_memberships_contains_paid_content":false,"footnotes":"","jetpack_publicize_message":"","jetpack_publicize_feature_enabled":true,"jetpack_social_post_already_shared":true,"jetpack_social_options":{"image_generator_settings":{"template":"highway","default_image_id":0,"font":"","enabled":false},"version":2},"_wpas_customize_per_network":false},"categories":[4],"tags":[],"class_list":["post-3862","post","type-post","status-publish","format-standard","has-post-thumbnail","hentry","category-los-dos-laredos"],"magazineBlocksPostFeaturedMedia":{"thumbnail":"https:\/\/pornuestrolaredo.com\/wp-content\/uploads\/2024\/02\/Sin-titulo-1-150x150.jpg","medium":"https:\/\/pornuestrolaredo.com\/wp-content\/uploads\/2024\/02\/Sin-titulo-1-300x200.jpg","medium_large":"https:\/\/pornuestrolaredo.com\/wp-content\/uploads\/2024\/02\/Sin-titulo-1-768x512.jpg","large":"https:\/\/pornuestrolaredo.com\/wp-content\/uploads\/2024\/02\/Sin-titulo-1-1000x666.jpg","1536x1536":"https:\/\/pornuestrolaredo.com\/wp-content\/uploads\/2024\/02\/Sin-titulo-1.jpg","2048x2048":"https:\/\/pornuestrolaredo.com\/wp-content\/uploads\/2024\/02\/Sin-titulo-1.jpg","morenews-large":"https:\/\/pornuestrolaredo.com\/wp-content\/uploads\/2024\/02\/Sin-titulo-1.jpg","morenews-medium":"https:\/\/pornuestrolaredo.com\/wp-content\/uploads\/2024\/02\/Sin-titulo-1.jpg"},"magazineBlocksPostAuthor":{"name":"Redactor","avatar":"https:\/\/pornuestrolaredo.com\/wp-content\/litespeed\/avatar\/dca1d7ec750c399f025f23b0b314f4cf.jpg?ver=1777612120"},"magazineBlocksPostCommentsNumber":false,"magazineBlocksPostExcerpt":"Anuncia la alcaldesa, Carmen Lilia Canturosas  Villarreal, que se pagar\u00e1 retroactivo: 10 meses en una sola exhibici\u00f3n","magazineBlocksPostCategories":["Los dos Laredos"],"magazineBlocksPostViewCount":158,"magazineBlocksPostReadTime":2,"magazine_blocks_featured_image_url":{"full":["https:\/\/pornuestrolaredo.com\/wp-content\/uploads\/2024\/02\/Sin-titulo-1.jpg",1280,853,false],"medium":["https:\/\/pornuestrolaredo.com\/wp-content\/uploads\/2024\/02\/Sin-titulo-1-300x200.jpg",300,200,true],"thumbnail":["https:\/\/pornuestrolaredo.com\/wp-content\/uploads\/2024\/02\/Sin-titulo-1-150x150.jpg",150,150,true]},"magazine_blocks_author":{"display_name":"Redactor","author_link":"https:\/\/pornuestrolaredo.com\/?author=1"},"magazine_blocks_comment":0,"magazine_blocks_author_image":"https:\/\/pornuestrolaredo.com\/wp-content\/litespeed\/avatar\/dca1d7ec750c399f025f23b0b314f4cf.jpg?ver=1777612120","magazine_blocks_category":"<a href=\"#\" class=\"category-link category-link-4\">Los dos Laredos<\/a>","jetpack_publicize_connections":[],"featured_image_urls":{"full":["https:\/\/pornuestrolaredo.com\/wp-content\/uploads\/2024\/02\/Sin-titulo-1.jpg",1280,853,false],"thumbnail":["https:\/\/pornuestrolaredo.com\/wp-content\/uploads\/2024\/02\/Sin-titulo-1-150x150.jpg",150,150,true],"medium":["https:\/\/pornuestrolaredo.com\/wp-content\/uploads\/2024\/02\/Sin-titulo-1-300x200.jpg",300,200,true],"medium_large":["https:\/\/pornuestrolaredo.com\/wp-content\/uploads\/2024\/02\/Sin-titulo-1-768x512.jpg",640,427,true],"large":["https:\/\/pornuestrolaredo.com\/wp-content\/uploads\/2024\/02\/Sin-titulo-1-1000x666.jpg",640,426,true],"1536x1536":["https:\/\/pornuestrolaredo.com\/wp-content\/uploads\/2024\/02\/Sin-titulo-1.jpg",1280,853,false],"2048x2048":["https:\/\/pornuestrolaredo.com\/wp-content\/uploads\/2024\/02\/Sin-titulo-1.jpg",1280,853,false],"morenews-large":["https:\/\/pornuestrolaredo.com\/wp-content\/uploads\/2024\/02\/Sin-titulo-1.jpg",825,550,false],"morenews-medium":["https:\/\/pornuestrolaredo.com\/wp-content\/uploads\/2024\/02\/Sin-titulo-1.jpg",590,393,false]},"author_info":{"info":["Redactor"]},"category_info":"<a href=\"https:\/\/pornuestrolaredo.com\/?cat=4\" rel=\"category\">Los dos Laredos<\/a>","tag_info":"Los dos Laredos","comment_count":"0","jetpack_featured_media_url":"https:\/\/pornuestrolaredo.com\/wp-content\/uploads\/2024\/02\/Sin-titulo-1.jpg","jetpack_sharing_enabled":true,"_links":{"self":[{"href":"https:\/\/pornuestrolaredo.com\/index.php?rest_route=\/wp\/v2\/posts\/3862","targetHints":{"allow":["GET"]}}],"collection":[{"href":"https:\/\/pornuestrolaredo.com\/index.php?rest_route=\/wp\/v2\/posts"}],"about":[{"href":"https:\/\/pornuestrolaredo.com\/index.php?rest_route=\/wp\/v2\/types\/post"}],"author":[{"embeddable":true,"href":"https:\/\/pornuestrolaredo.com\/index.php?rest_route=\/wp\/v2\/users\/1"}],"replies":[{"embeddable":true,"href":"https:\/\/pornuestrolaredo.com\/index.php?rest_route=%2Fwp%2Fv2%2Fcomments&post=3862"}],"version-history":[{"count":1,"href":"https:\/\/pornuestrolaredo.com\/index.php?rest_route=\/wp\/v2\/posts\/3862\/revisions"}],"predecessor-version":[{"id":3864,"href":"https:\/\/pornuestrolaredo.com\/index.php?rest_route=\/wp\/v2\/posts\/3862\/revisions\/3864"}],"wp:featuredmedia":[{"embeddable":true,"href":"https:\/\/pornuestrolaredo.com\/index.php?rest_route=\/wp\/v2\/media\/3863"}],"wp:attachment":[{"href":"https:\/\/pornuestrolaredo.com\/index.php?rest_route=%2Fwp%2Fv2%2Fmedia&parent=3862"}],"wp:term":[{"taxonomy":"category","embeddable":true,"href":"https:\/\/pornuestrolaredo.com\/index.php?rest_route=%2Fwp%2Fv2%2Fcategories&post=3862"},{"taxonomy":"post_tag","embeddable":true,"href":"https:\/\/pornuestrolaredo.com\/index.php?rest_route=%2Fwp%2Fv2%2Ftags&post=3862"}],"curies":[{"name":"wp","href":"https:\/\/api.w.org\/{rel}","templated":true}]}}