{"id":3865,"date":"2024-02-19T23:52:13","date_gmt":"2024-02-19T23:52:13","guid":{"rendered":"https:\/\/pornuestrolaredo.com\/?p=3865"},"modified":"2024-02-19T23:52:13","modified_gmt":"2024-02-19T23:52:13","slug":"habra-juego-de-tecolotes-con-causa-en-marzo","status":"publish","type":"post","link":"https:\/\/pornuestrolaredo.com\/?p=3865","title":{"rendered":"Habr\u00e1 juego de Tecolotes con causa en marzo"},"content":{"rendered":"<p><strong><em>NUEVO LAREDO.- <\/em> <\/strong>El equipo de b\u00e9isbol Tecolotes Dos Laredos realizar\u00e1 el segundo juego con causa a beneficio del DIF.<\/p>\n<p>El partido  se llevar\u00e1 a cabo el  pr\u00f3ximo martes 26 de marzo de 2024, a las 19 horas, en el Parque &#8220;La Junta&#8221;, ubicado en la esquina de Venustiano Carranza con Porfirio D\u00edaz.<\/p>\n<p>Jose Luis Pintado Gamboa, director general del Sistema DIF, agradeci\u00f3 al equipo  en nombre de la alcaldesa Carmen Lilia Canturosas Villarreal y la presidenta del Sistema DIF Claudette Canturosas Villarreal,  por esta actividad que tocar\u00e1 corazones por segundo a\u00f1o consecutivo. <\/p>\n<blockquote><p>Con el  apoyo de la comunidad, el a\u00f1o pasado en el primer juego a beneficio del DIF, los Tecolotes de Los Dos Laredos recaudaron 264 mil 750 pesos. Estos fondos se destinaron a cubrir parte de los gastos de la Campa\u00f1a de Aparatos Auditivos 2023, beneficiando a m\u00e1s de 100 personas al proporcionarles el auxiliar necesario para recuperar su audici\u00f3n\u201d dijo Pintado Gamboa.<\/p><\/blockquote>\n<p>Los boletos tendr\u00e1n un costo de 70 pesos que ser\u00e1n destinados a fortalecer los programas y campa\u00f1as que realiza el Sistema DIF en beneficio de la poblaci\u00f3n vulnerable. Pr\u00f3ximamente se dar\u00e1n a conocer la fecha y lugar para que la ciudadan\u00eda compre sus boletos. <\/p>\n<p>Los Tecolotes de los Dos Laredos se enfrentar\u00e1n a la Selecci\u00f3n de Nuevo Laredo en un encuentro que se espera est\u00e9 lleno de emoci\u00f3n, inform\u00f3 Armando Lozano, gerente de Tecolotes de Los Dos Laredos.<\/p>\n<blockquote><p>Como muestra de su compromiso con la causa, los jugadores llevar\u00e1n puesta una camisa de uniforme especial, dedicada al DIF, simbolizando la unidad y la colaboraci\u00f3n en pro del bienestar social\u201d reafirm\u00f3 Lozano.<\/p><\/blockquote>\n<p>El Sistema DIF agradece el respaldo de los neolaredenses y espera contar con su participaci\u00f3n, que va m\u00e1s all\u00e1 del entretenimiento para convertirse en una oportunidad para unirnos como sociedad y brindar ayuda a quienes m\u00e1s lo necesitan.<\/p>\n","protected":false},"excerpt":{"rendered":"<p>El equipo enfrentar\u00e1 a una selecci\u00f3n de jugadores no profesionales y el dinero que se recaude de las entradas ser\u00e1 donado al Sistema DIF<\/p>\n","protected":false},"author":1,"featured_media":3866,"comment_status":"closed","ping_status":"closed","sticky":false,"template":"","format":"standard","meta":{"_crdt_document":"","_jetpack_memberships_contains_paid_content":false,"footnotes":"","jetpack_publicize_message":"","jetpack_publicize_feature_enabled":true,"jetpack_social_post_already_shared":true,"jetpack_social_options":{"image_generator_settings":{"template":"highway","default_image_id":0,"font":"","enabled":false},"version":2},"_wpas_customize_per_network":false},"categories":[4],"tags":[],"class_list":["post-3865","post","type-post","status-publish","format-standard","has-post-thumbnail","hentry","category-los-dos-laredos"],"magazineBlocksPostFeaturedMedia":{"thumbnail":"https:\/\/pornuestrolaredo.com\/wp-content\/uploads\/2024\/02\/Stereo91-20240219-3-150x150.jpg","medium":"https:\/\/pornuestrolaredo.com\/wp-content\/uploads\/2024\/02\/Stereo91-20240219-3-300x200.jpg","medium_large":"https:\/\/pornuestrolaredo.com\/wp-content\/uploads\/2024\/02\/Stereo91-20240219-3-768x512.jpg","large":"https:\/\/pornuestrolaredo.com\/wp-content\/uploads\/2024\/02\/Stereo91-20240219-3-1000x666.jpg","1536x1536":"https:\/\/pornuestrolaredo.com\/wp-content\/uploads\/2024\/02\/Stereo91-20240219-3-1536x1023.jpg","2048x2048":"https:\/\/pornuestrolaredo.com\/wp-content\/uploads\/2024\/02\/Stereo91-20240219-3.jpg","morenews-large":"https:\/\/pornuestrolaredo.com\/wp-content\/uploads\/2024\/02\/Stereo91-20240219-3.jpg","morenews-medium":"https:\/\/pornuestrolaredo.com\/wp-content\/uploads\/2024\/02\/Stereo91-20240219-3.jpg"},"magazineBlocksPostAuthor":{"name":"Redactor","avatar":"https:\/\/pornuestrolaredo.com\/wp-content\/litespeed\/avatar\/dca1d7ec750c399f025f23b0b314f4cf.jpg?ver=1777612120"},"magazineBlocksPostCommentsNumber":false,"magazineBlocksPostExcerpt":"El equipo enfrentar\u00e1 a una selecci\u00f3n de jugadores no profesionales y el dinero que se recaude de las entradas ser\u00e1 donado al Sistema DIF","magazineBlocksPostCategories":["Los dos Laredos"],"magazineBlocksPostViewCount":130,"magazineBlocksPostReadTime":2,"magazine_blocks_featured_image_url":{"full":["https:\/\/pornuestrolaredo.com\/wp-content\/uploads\/2024\/02\/Stereo91-20240219-3.jpg",1600,1066,false],"medium":["https:\/\/pornuestrolaredo.com\/wp-content\/uploads\/2024\/02\/Stereo91-20240219-3-300x200.jpg",300,200,true],"thumbnail":["https:\/\/pornuestrolaredo.com\/wp-content\/uploads\/2024\/02\/Stereo91-20240219-3-150x150.jpg",150,150,true]},"magazine_blocks_author":{"display_name":"Redactor","author_link":"https:\/\/pornuestrolaredo.com\/?author=1"},"magazine_blocks_comment":0,"magazine_blocks_author_image":"https:\/\/pornuestrolaredo.com\/wp-content\/litespeed\/avatar\/dca1d7ec750c399f025f23b0b314f4cf.jpg?ver=1777612120","magazine_blocks_category":"<a href=\"#\" class=\"category-link category-link-4\">Los dos Laredos<\/a>","jetpack_publicize_connections":[],"featured_image_urls":{"full":["https:\/\/pornuestrolaredo.com\/wp-content\/uploads\/2024\/02\/Stereo91-20240219-3.jpg",1600,1066,false],"thumbnail":["https:\/\/pornuestrolaredo.com\/wp-content\/uploads\/2024\/02\/Stereo91-20240219-3-150x150.jpg",150,150,true],"medium":["https:\/\/pornuestrolaredo.com\/wp-content\/uploads\/2024\/02\/Stereo91-20240219-3-300x200.jpg",300,200,true],"medium_large":["https:\/\/pornuestrolaredo.com\/wp-content\/uploads\/2024\/02\/Stereo91-20240219-3-768x512.jpg",640,427,true],"large":["https:\/\/pornuestrolaredo.com\/wp-content\/uploads\/2024\/02\/Stereo91-20240219-3-1000x666.jpg",640,426,true],"1536x1536":["https:\/\/pornuestrolaredo.com\/wp-content\/uploads\/2024\/02\/Stereo91-20240219-3-1536x1023.jpg",1536,1023,true],"2048x2048":["https:\/\/pornuestrolaredo.com\/wp-content\/uploads\/2024\/02\/Stereo91-20240219-3.jpg",1600,1066,false],"morenews-large":["https:\/\/pornuestrolaredo.com\/wp-content\/uploads\/2024\/02\/Stereo91-20240219-3.jpg",825,550,false],"morenews-medium":["https:\/\/pornuestrolaredo.com\/wp-content\/uploads\/2024\/02\/Stereo91-20240219-3.jpg",590,393,false]},"author_info":{"info":["Redactor"]},"category_info":"<a href=\"https:\/\/pornuestrolaredo.com\/?cat=4\" rel=\"category\">Los dos Laredos<\/a>","tag_info":"Los dos Laredos","comment_count":"0","jetpack_featured_media_url":"https:\/\/pornuestrolaredo.com\/wp-content\/uploads\/2024\/02\/Stereo91-20240219-3.jpg","jetpack_sharing_enabled":true,"_links":{"self":[{"href":"https:\/\/pornuestrolaredo.com\/index.php?rest_route=\/wp\/v2\/posts\/3865","targetHints":{"allow":["GET"]}}],"collection":[{"href":"https:\/\/pornuestrolaredo.com\/index.php?rest_route=\/wp\/v2\/posts"}],"about":[{"href":"https:\/\/pornuestrolaredo.com\/index.php?rest_route=\/wp\/v2\/types\/post"}],"author":[{"embeddable":true,"href":"https:\/\/pornuestrolaredo.com\/index.php?rest_route=\/wp\/v2\/users\/1"}],"replies":[{"embeddable":true,"href":"https:\/\/pornuestrolaredo.com\/index.php?rest_route=%2Fwp%2Fv2%2Fcomments&post=3865"}],"version-history":[{"count":1,"href":"https:\/\/pornuestrolaredo.com\/index.php?rest_route=\/wp\/v2\/posts\/3865\/revisions"}],"predecessor-version":[{"id":3867,"href":"https:\/\/pornuestrolaredo.com\/index.php?rest_route=\/wp\/v2\/posts\/3865\/revisions\/3867"}],"wp:featuredmedia":[{"embeddable":true,"href":"https:\/\/pornuestrolaredo.com\/index.php?rest_route=\/wp\/v2\/media\/3866"}],"wp:attachment":[{"href":"https:\/\/pornuestrolaredo.com\/index.php?rest_route=%2Fwp%2Fv2%2Fmedia&parent=3865"}],"wp:term":[{"taxonomy":"category","embeddable":true,"href":"https:\/\/pornuestrolaredo.com\/index.php?rest_route=%2Fwp%2Fv2%2Fcategories&post=3865"},{"taxonomy":"post_tag","embeddable":true,"href":"https:\/\/pornuestrolaredo.com\/index.php?rest_route=%2Fwp%2Fv2%2Ftags&post=3865"}],"curies":[{"name":"wp","href":"https:\/\/api.w.org\/{rel}","templated":true}]}}