{"id":3868,"date":"2024-02-20T03:38:57","date_gmt":"2024-02-20T03:38:57","guid":{"rendered":"https:\/\/pornuestrolaredo.com\/?p=3868"},"modified":"2024-02-20T03:38:57","modified_gmt":"2024-02-20T03:38:57","slug":"vienen-cinco-grandes-olas-de-calor","status":"publish","type":"post","link":"https:\/\/pornuestrolaredo.com\/?p=3868","title":{"rendered":"Vienen cinco grandes olas de calor"},"content":{"rendered":"<p><strong>CIUDAD DE M\u00c9XICO.- <\/strong>\u00a1Malas noticias!&#8230; Se espera, de nuevo, calor infernal en M\u00e9xico, especialmente en el norte, lo que incluye a los dos Laredos y la regi\u00f3n.<\/p>\n<p>La situaci\u00f3n se torna muy mala especialmente porque se espera tambi\u00e9n que las lluvias sean escasas y eso afectar\u00e1 las reservas de agua para zonas como los dos Laredos.<\/p>\n<p>Ayer, la Comisi\u00f3n Internacional de L\u00edmites y Aguas advirti\u00f3 que la Presa La Amistad se ubicaba a un nivel de apenas <strong>21 por ciento<\/strong> de su capacidad.<\/p>\n<p>El nivel de la presa no representa un riesgo para el consumo dom\u00e9stico, pero las poblaciones que dependen de La Amistad s\u00ed deben aplicar medidas de conservaci\u00f3n del agua como <strong>no usar la manguera para limpiar las banquetas, galer\u00edas o lavar autos<\/strong>.<\/p>\n<p>Tambi\u00e9n se recomienda <strong>reducir el tiempo para ba\u00f1arse en la regadera y usar la lavadora a su m\u00e1xima capacidad.<\/strong><\/p>\n<p>El Servicio Meteorol\u00f3gico Nacional considera que la primera ola de calor llegar\u00e1 temprano, en plena primavera, entre finales de marzo y principios de abril. Se esperan temperaturas por encima de los 40 grados cent\u00edgrados en Tamaulipas, Nuevo Le\u00f3n, Coahuila, Sonora, Chihuahua, Sinaloa, San Luis Potos\u00ed e, incluso, m\u00e1s al sur como Nayarit .<\/p>\n<p>Las otras cuatro olas de calor se esperan entre abril y junio, con mayor intensidad en el noroeste, noreste y norte de M\u00e9xico. Se pronostican temperaturas m\u00e1ximas que podr\u00edan superar los 45 grados Celsius en algunos puntos.<\/p>\n<p>Las olas de calor son eventos climatol\u00f3gicos con al menos cinco d\u00edas con temperaturas m\u00e1s altas de lo normal y casi siempre est\u00e1n asociadas con sistemas de alta presi\u00f3n, que generan condiciones de cielo despejado y vientos d\u00e9biles, lo que favorece la ausencia de lluvias.<\/p>\n<p>Otros eventos meteorol\u00f3gicos como las ondulaciones en las corrientes en chorro, que son bandas de fuertes vientos en la atm\u00f3sfera superior, pueden desplaza masas de aire caliente hacia regiones espec\u00edficas, originando olas de calor.<\/p>\n<p>El calentamiento global intensifica la frecuencia e intensidad de las olas de calor y aumenta la probabilidad de que se presenten fen\u00f3menos como sequ\u00edas y olas de calor. Mientras que la deforestaci\u00f3n y la urbanizaci\u00f3n pueden contribuir a la formaci\u00f3n de &#8220;islas de calor&#8221;, que son zonas con temperaturas m\u00e1s elevadas que las \u00e1reas circundantes.<\/p>\n","protected":false},"excerpt":{"rendered":"<p>La situaci\u00f3n se agrava, pues habr\u00e1 escasas posibilidades de lluvias y la Presa La Amistad est\u00e1 a apenas al 21% de su nivel<\/p>\n","protected":false},"author":1,"featured_media":3869,"comment_status":"closed","ping_status":"closed","sticky":false,"template":"","format":"standard","meta":{"_crdt_document":"","_jetpack_memberships_contains_paid_content":false,"footnotes":"","jetpack_publicize_message":"","jetpack_publicize_feature_enabled":true,"jetpack_social_post_already_shared":true,"jetpack_social_options":{"image_generator_settings":{"template":"highway","default_image_id":0,"font":"","enabled":false},"version":2},"_wpas_customize_per_network":false},"categories":[4],"tags":[],"class_list":["post-3868","post","type-post","status-publish","format-standard","has-post-thumbnail","hentry","category-los-dos-laredos"],"magazineBlocksPostFeaturedMedia":{"thumbnail":"https:\/\/pornuestrolaredo.com\/wp-content\/uploads\/2024\/02\/Stereo91-20240219-4-150x150.jpg","medium":"https:\/\/pornuestrolaredo.com\/wp-content\/uploads\/2024\/02\/Stereo91-20240219-4-300x169.jpg","medium_large":"https:\/\/pornuestrolaredo.com\/wp-content\/uploads\/2024\/02\/Stereo91-20240219-4-768x433.jpg","large":"https:\/\/pornuestrolaredo.com\/wp-content\/uploads\/2024\/02\/Stereo91-20240219-4.jpg","1536x1536":"https:\/\/pornuestrolaredo.com\/wp-content\/uploads\/2024\/02\/Stereo91-20240219-4.jpg","2048x2048":"https:\/\/pornuestrolaredo.com\/wp-content\/uploads\/2024\/02\/Stereo91-20240219-4.jpg","morenews-large":"https:\/\/pornuestrolaredo.com\/wp-content\/uploads\/2024\/02\/Stereo91-20240219-4.jpg","morenews-medium":"https:\/\/pornuestrolaredo.com\/wp-content\/uploads\/2024\/02\/Stereo91-20240219-4.jpg"},"magazineBlocksPostAuthor":{"name":"Redactor","avatar":"https:\/\/pornuestrolaredo.com\/wp-content\/litespeed\/avatar\/dca1d7ec750c399f025f23b0b314f4cf.jpg?ver=1777612120"},"magazineBlocksPostCommentsNumber":false,"magazineBlocksPostExcerpt":"La situaci\u00f3n se agrava, pues habr\u00e1 escasas posibilidades de lluvias y la Presa La Amistad est\u00e1 a apenas al 21% de su nivel","magazineBlocksPostCategories":["Los dos Laredos"],"magazineBlocksPostViewCount":155,"magazineBlocksPostReadTime":2,"magazine_blocks_featured_image_url":{"full":["https:\/\/pornuestrolaredo.com\/wp-content\/uploads\/2024\/02\/Stereo91-20240219-4.jpg",850,479,false],"medium":["https:\/\/pornuestrolaredo.com\/wp-content\/uploads\/2024\/02\/Stereo91-20240219-4-300x169.jpg",300,169,true],"thumbnail":["https:\/\/pornuestrolaredo.com\/wp-content\/uploads\/2024\/02\/Stereo91-20240219-4-150x150.jpg",150,150,true]},"magazine_blocks_author":{"display_name":"Redactor","author_link":"https:\/\/pornuestrolaredo.com\/?author=1"},"magazine_blocks_comment":0,"magazine_blocks_author_image":"https:\/\/pornuestrolaredo.com\/wp-content\/litespeed\/avatar\/dca1d7ec750c399f025f23b0b314f4cf.jpg?ver=1777612120","magazine_blocks_category":"<a href=\"#\" class=\"category-link category-link-4\">Los dos Laredos<\/a>","jetpack_publicize_connections":[],"featured_image_urls":{"full":["https:\/\/pornuestrolaredo.com\/wp-content\/uploads\/2024\/02\/Stereo91-20240219-4.jpg",850,479,false],"thumbnail":["https:\/\/pornuestrolaredo.com\/wp-content\/uploads\/2024\/02\/Stereo91-20240219-4-150x150.jpg",150,150,true],"medium":["https:\/\/pornuestrolaredo.com\/wp-content\/uploads\/2024\/02\/Stereo91-20240219-4-300x169.jpg",300,169,true],"medium_large":["https:\/\/pornuestrolaredo.com\/wp-content\/uploads\/2024\/02\/Stereo91-20240219-4-768x433.jpg",640,361,true],"large":["https:\/\/pornuestrolaredo.com\/wp-content\/uploads\/2024\/02\/Stereo91-20240219-4.jpg",640,361,false],"1536x1536":["https:\/\/pornuestrolaredo.com\/wp-content\/uploads\/2024\/02\/Stereo91-20240219-4.jpg",850,479,false],"2048x2048":["https:\/\/pornuestrolaredo.com\/wp-content\/uploads\/2024\/02\/Stereo91-20240219-4.jpg",850,479,false],"morenews-large":["https:\/\/pornuestrolaredo.com\/wp-content\/uploads\/2024\/02\/Stereo91-20240219-4.jpg",825,465,false],"morenews-medium":["https:\/\/pornuestrolaredo.com\/wp-content\/uploads\/2024\/02\/Stereo91-20240219-4.jpg",590,332,false]},"author_info":{"info":["Redactor"]},"category_info":"<a href=\"https:\/\/pornuestrolaredo.com\/?cat=4\" rel=\"category\">Los dos Laredos<\/a>","tag_info":"Los dos Laredos","comment_count":"0","jetpack_featured_media_url":"https:\/\/pornuestrolaredo.com\/wp-content\/uploads\/2024\/02\/Stereo91-20240219-4.jpg","jetpack_sharing_enabled":true,"_links":{"self":[{"href":"https:\/\/pornuestrolaredo.com\/index.php?rest_route=\/wp\/v2\/posts\/3868","targetHints":{"allow":["GET"]}}],"collection":[{"href":"https:\/\/pornuestrolaredo.com\/index.php?rest_route=\/wp\/v2\/posts"}],"about":[{"href":"https:\/\/pornuestrolaredo.com\/index.php?rest_route=\/wp\/v2\/types\/post"}],"author":[{"embeddable":true,"href":"https:\/\/pornuestrolaredo.com\/index.php?rest_route=\/wp\/v2\/users\/1"}],"replies":[{"embeddable":true,"href":"https:\/\/pornuestrolaredo.com\/index.php?rest_route=%2Fwp%2Fv2%2Fcomments&post=3868"}],"version-history":[{"count":1,"href":"https:\/\/pornuestrolaredo.com\/index.php?rest_route=\/wp\/v2\/posts\/3868\/revisions"}],"predecessor-version":[{"id":3870,"href":"https:\/\/pornuestrolaredo.com\/index.php?rest_route=\/wp\/v2\/posts\/3868\/revisions\/3870"}],"wp:featuredmedia":[{"embeddable":true,"href":"https:\/\/pornuestrolaredo.com\/index.php?rest_route=\/wp\/v2\/media\/3869"}],"wp:attachment":[{"href":"https:\/\/pornuestrolaredo.com\/index.php?rest_route=%2Fwp%2Fv2%2Fmedia&parent=3868"}],"wp:term":[{"taxonomy":"category","embeddable":true,"href":"https:\/\/pornuestrolaredo.com\/index.php?rest_route=%2Fwp%2Fv2%2Fcategories&post=3868"},{"taxonomy":"post_tag","embeddable":true,"href":"https:\/\/pornuestrolaredo.com\/index.php?rest_route=%2Fwp%2Fv2%2Ftags&post=3868"}],"curies":[{"name":"wp","href":"https:\/\/api.w.org\/{rel}","templated":true}]}}