{"id":387,"date":"2022-09-23T05:23:35","date_gmt":"2022-09-23T05:23:35","guid":{"rendered":"https:\/\/pornuestrolaredo.com\/?p=387"},"modified":"2022-09-23T05:26:15","modified_gmt":"2022-09-23T05:26:15","slug":"llego-el-otono-a-los-dos-laredos%ef%bf%bc","status":"publish","type":"post","link":"https:\/\/pornuestrolaredo.com\/?p=387","title":{"rendered":"Lleg\u00f3 el oto\u00f1o a los dos Laredos\ufffc"},"content":{"rendered":"\n<p class=\"wp-block-paragraph\"><strong><em>NUEVO LAREDO.-<\/em><\/strong> \u00a1El oto\u00f1o ya est\u00e1 aqu\u00ed!<\/p>\n\n\n\n<p class=\"wp-block-paragraph\">La noche de este jueves, exactamente a las 8:03 de la noche, se registr\u00f3 el Equinoccio de Oto\u00f1o, el fen\u00f3meno atron\u00f3mico que marca el inicio de la tercera estaci\u00f3n y el anuncio que dejar\u00e1 de hacer tanto calor en los dos Laredos y la regi\u00f3n.<\/p>\n\n\n\n<p class=\"wp-block-paragraph\">El &nbsp;Instituto Nacional de Astrof\u00edsica, \u00d3ptica y Electr\u00f3nica dijo que el Equinoccio de Oto\u00f1o ocurre cuando el Sol apunta directamente hacia el ecuador de la Tierra, lo que hace que el d\u00eda y la noche duren exactamente lo mismo.<\/p>\n\n\n\n<p class=\"wp-block-paragraph\">Al contrario del Equinoccio, que luego que se registra el d\u00eda comienza alargarse, con el de Oto\u00f1o, la noche es la que aumenta su duraci\u00f3n. La tercera estaci\u00f3n, el Oto\u00f1o, durar\u00e1 esta vez 89 d\u00edas, 20 horas y 44 minutos y terminar\u00e1 el 21 de diciembre, cuando ocurra el Solsticio de Invierno, es decir, cuando se registre la noche m\u00e1s larga.<\/p>\n","protected":false},"excerpt":{"rendered":"<p>NUEVO LAREDO.- \u00a1El oto\u00f1o ya est\u00e1 aqu\u00ed! La noche de este jueves, exactamente a las 8:03 de la<\/p>\n","protected":false},"author":1,"featured_media":390,"comment_status":"open","ping_status":"open","sticky":false,"template":"","format":"standard","meta":{"_crdt_document":"","_jetpack_memberships_contains_paid_content":false,"footnotes":"","jetpack_publicize_message":"La noche de este jueves, a las 8:03, se registr\u00f3 el el Equinoccio de Oto\u00f1o, es decir, cuando el Sol apunta directamente al ecuador de la Tierra","jetpack_publicize_feature_enabled":true,"jetpack_social_post_already_shared":true,"jetpack_social_options":{"image_generator_settings":{"template":"highway","default_image_id":0,"font":"","enabled":false},"version":2},"_wpas_customize_per_network":false},"categories":[5],"tags":[],"class_list":["post-387","post","type-post","status-publish","format-standard","has-post-thumbnail","hentry","category-dos-laredos"],"magazineBlocksPostFeaturedMedia":{"thumbnail":"https:\/\/pornuestrolaredo.com\/wp-content\/uploads\/2022\/09\/PNL-20220922-8-150x150.jpeg","medium":"https:\/\/pornuestrolaredo.com\/wp-content\/uploads\/2022\/09\/PNL-20220922-8-300x200.jpeg","medium_large":"https:\/\/pornuestrolaredo.com\/wp-content\/uploads\/2022\/09\/PNL-20220922-8-768x512.jpeg","large":"https:\/\/pornuestrolaredo.com\/wp-content\/uploads\/2022\/09\/PNL-20220922-8-1024x683.jpeg","1536x1536":"https:\/\/pornuestrolaredo.com\/wp-content\/uploads\/2022\/09\/PNL-20220922-8.jpeg","2048x2048":"https:\/\/pornuestrolaredo.com\/wp-content\/uploads\/2022\/09\/PNL-20220922-8.jpeg","morenews-large":"https:\/\/pornuestrolaredo.com\/wp-content\/uploads\/2022\/09\/PNL-20220922-8.jpeg","morenews-medium":"https:\/\/pornuestrolaredo.com\/wp-content\/uploads\/2022\/09\/PNL-20220922-8.jpeg"},"magazineBlocksPostAuthor":{"name":"Redactor","avatar":"https:\/\/pornuestrolaredo.com\/wp-content\/litespeed\/avatar\/dca1d7ec750c399f025f23b0b314f4cf.jpg?ver=1777007253"},"magazineBlocksPostCommentsNumber":false,"magazineBlocksPostExcerpt":"NUEVO LAREDO.- \u00a1El oto\u00f1o ya est\u00e1 aqu\u00ed! La noche de este jueves, exactamente a las 8:03 de la","magazineBlocksPostCategories":["Dos Laredos"],"magazineBlocksPostViewCount":156,"magazineBlocksPostReadTime":1,"magazine_blocks_featured_image_url":{"full":["https:\/\/pornuestrolaredo.com\/wp-content\/uploads\/2022\/09\/PNL-20220922-8.jpeg",1180,787,false],"medium":["https:\/\/pornuestrolaredo.com\/wp-content\/uploads\/2022\/09\/PNL-20220922-8-300x200.jpeg",300,200,true],"thumbnail":["https:\/\/pornuestrolaredo.com\/wp-content\/uploads\/2022\/09\/PNL-20220922-8-150x150.jpeg",150,150,true]},"magazine_blocks_author":{"display_name":"Redactor","author_link":"https:\/\/pornuestrolaredo.com\/?author=1"},"magazine_blocks_comment":0,"magazine_blocks_author_image":"https:\/\/pornuestrolaredo.com\/wp-content\/litespeed\/avatar\/dca1d7ec750c399f025f23b0b314f4cf.jpg?ver=1777007253","magazine_blocks_category":"<a href=\"#\" class=\"category-link category-link-5\">Dos Laredos<\/a>","jetpack_publicize_connections":[],"featured_image_urls":{"full":["https:\/\/pornuestrolaredo.com\/wp-content\/uploads\/2022\/09\/PNL-20220922-8.jpeg",1180,787,false],"thumbnail":["https:\/\/pornuestrolaredo.com\/wp-content\/uploads\/2022\/09\/PNL-20220922-8-150x150.jpeg",150,150,true],"medium":["https:\/\/pornuestrolaredo.com\/wp-content\/uploads\/2022\/09\/PNL-20220922-8-300x200.jpeg",300,200,true],"medium_large":["https:\/\/pornuestrolaredo.com\/wp-content\/uploads\/2022\/09\/PNL-20220922-8-768x512.jpeg",640,427,true],"large":["https:\/\/pornuestrolaredo.com\/wp-content\/uploads\/2022\/09\/PNL-20220922-8-1024x683.jpeg",640,427,true],"1536x1536":["https:\/\/pornuestrolaredo.com\/wp-content\/uploads\/2022\/09\/PNL-20220922-8.jpeg",1180,787,false],"2048x2048":["https:\/\/pornuestrolaredo.com\/wp-content\/uploads\/2022\/09\/PNL-20220922-8.jpeg",1180,787,false],"morenews-large":["https:\/\/pornuestrolaredo.com\/wp-content\/uploads\/2022\/09\/PNL-20220922-8.jpeg",825,550,false],"morenews-medium":["https:\/\/pornuestrolaredo.com\/wp-content\/uploads\/2022\/09\/PNL-20220922-8.jpeg",590,394,false]},"author_info":{"info":["Redactor"]},"category_info":"<a href=\"https:\/\/pornuestrolaredo.com\/?cat=5\" rel=\"category\">Dos Laredos<\/a>","tag_info":"Dos Laredos","comment_count":"0","jetpack_featured_media_url":"https:\/\/pornuestrolaredo.com\/wp-content\/uploads\/2022\/09\/PNL-20220922-8.jpeg","jetpack_sharing_enabled":true,"_links":{"self":[{"href":"https:\/\/pornuestrolaredo.com\/index.php?rest_route=\/wp\/v2\/posts\/387","targetHints":{"allow":["GET"]}}],"collection":[{"href":"https:\/\/pornuestrolaredo.com\/index.php?rest_route=\/wp\/v2\/posts"}],"about":[{"href":"https:\/\/pornuestrolaredo.com\/index.php?rest_route=\/wp\/v2\/types\/post"}],"author":[{"embeddable":true,"href":"https:\/\/pornuestrolaredo.com\/index.php?rest_route=\/wp\/v2\/users\/1"}],"replies":[{"embeddable":true,"href":"https:\/\/pornuestrolaredo.com\/index.php?rest_route=%2Fwp%2Fv2%2Fcomments&post=387"}],"version-history":[{"count":1,"href":"https:\/\/pornuestrolaredo.com\/index.php?rest_route=\/wp\/v2\/posts\/387\/revisions"}],"predecessor-version":[{"id":389,"href":"https:\/\/pornuestrolaredo.com\/index.php?rest_route=\/wp\/v2\/posts\/387\/revisions\/389"}],"wp:featuredmedia":[{"embeddable":true,"href":"https:\/\/pornuestrolaredo.com\/index.php?rest_route=\/wp\/v2\/media\/390"}],"wp:attachment":[{"href":"https:\/\/pornuestrolaredo.com\/index.php?rest_route=%2Fwp%2Fv2%2Fmedia&parent=387"}],"wp:term":[{"taxonomy":"category","embeddable":true,"href":"https:\/\/pornuestrolaredo.com\/index.php?rest_route=%2Fwp%2Fv2%2Fcategories&post=387"},{"taxonomy":"post_tag","embeddable":true,"href":"https:\/\/pornuestrolaredo.com\/index.php?rest_route=%2Fwp%2Fv2%2Ftags&post=387"}],"curies":[{"name":"wp","href":"https:\/\/api.w.org\/{rel}","templated":true}]}}