{"id":3876,"date":"2024-02-20T20:12:50","date_gmt":"2024-02-20T20:12:50","guid":{"rendered":"https:\/\/pornuestrolaredo.com\/?p=3876"},"modified":"2024-02-20T20:12:52","modified_gmt":"2024-02-20T20:12:52","slug":"mbappe-jugara-con-el-real-madrid","status":"publish","type":"post","link":"https:\/\/pornuestrolaredo.com\/?p=3876","title":{"rendered":"Mbapp\u00e9 jugar\u00e1 con el Real Madrid"},"content":{"rendered":"<p>PAR\u00cdS.- Luego de meses y meses de una novela que parec\u00eda interminable, el delantero franc\u00e9s Kylian Mbapp\u00e9 ya estamp\u00f3 su firma para convertirse en jugador del Real Madrid a partir de la siguiente temporada, de acuerdo a medios europeos.<\/p>\n<p>Tras anunciarle al PSG que no renovar\u00eda contrato, Mbapp\u00e9 cerr\u00f3 un acuerdo con el Real Madrid para comprometerse a partir del 1 de julio de 2024.<\/p>\n<p>El campe\u00f3n del mundo en Rusia 2018 por fin cumplir\u00e1 el deseo de unirse a uno de los gigantes del Viejo Continente, pues era un secreto a voces la intenci\u00f3n que ten\u00eda de dejar al cuadro parisino y aterrizar en Madrid.<\/p>\n<p>Con apenas 25 a\u00f1os, Mbapp\u00e9 puede presumir dentro de su palmar\u00e9s la estrella de campe\u00f3n mundial con la Selecci\u00f3n de Francia, adem\u00e1s de m\u00faltiples t\u00edtulos locales con el PSG, pero a nivel continental se ha quedado corto, por eso buscar\u00e1 con los Merengues levantar la Champions League, uno de los trofeos m\u00e1s codiciados por cualquier jugador. Actualmente el PSG marcha primero en la Ligue 1 y en la Liga de Campeones tiene ventaja de 2-0 sobre la Real Sociedad luego de la ida de los Octavos de Final.<\/p>\n","protected":false},"excerpt":{"rendered":"<p>PAR\u00cdS.- Luego de meses y meses de una novela que parec\u00eda interminable, el delantero franc\u00e9s Kylian Mbapp\u00e9 ya<\/p>\n","protected":false},"author":1,"featured_media":3877,"comment_status":"open","ping_status":"open","sticky":false,"template":"","format":"standard","meta":{"_crdt_document":"","_jetpack_memberships_contains_paid_content":false,"footnotes":"","jetpack_publicize_message":"El franc\u00e9s, considerado uno de los mejores jugadores del mundo, ya estamp\u00f3 su firma y comenzar\u00e1 el 1 de julio con el cuadro merengue","jetpack_publicize_feature_enabled":true,"jetpack_social_post_already_shared":false,"jetpack_social_options":{"image_generator_settings":{"template":"highway","default_image_id":0,"font":"","enabled":false},"version":2},"_wpas_customize_per_network":false},"categories":[10],"tags":[],"class_list":["post-3876","post","type-post","status-publish","format-standard","has-post-thumbnail","hentry","category-deportes"],"magazineBlocksPostFeaturedMedia":{"thumbnail":"https:\/\/pornuestrolaredo.com\/wp-content\/uploads\/2024\/02\/PNL-20240220-2-150x150.jpg","medium":"https:\/\/pornuestrolaredo.com\/wp-content\/uploads\/2024\/02\/PNL-20240220-2-300x200.jpg","medium_large":"https:\/\/pornuestrolaredo.com\/wp-content\/uploads\/2024\/02\/PNL-20240220-2-768x512.jpg","large":"https:\/\/pornuestrolaredo.com\/wp-content\/uploads\/2024\/02\/PNL-20240220-2.jpg","1536x1536":"https:\/\/pornuestrolaredo.com\/wp-content\/uploads\/2024\/02\/PNL-20240220-2.jpg","2048x2048":"https:\/\/pornuestrolaredo.com\/wp-content\/uploads\/2024\/02\/PNL-20240220-2.jpg","morenews-large":"https:\/\/pornuestrolaredo.com\/wp-content\/uploads\/2024\/02\/PNL-20240220-2.jpg","morenews-medium":"https:\/\/pornuestrolaredo.com\/wp-content\/uploads\/2024\/02\/PNL-20240220-2.jpg"},"magazineBlocksPostAuthor":{"name":"Redactor","avatar":"https:\/\/pornuestrolaredo.com\/wp-content\/litespeed\/avatar\/dca1d7ec750c399f025f23b0b314f4cf.jpg?ver=1777612120"},"magazineBlocksPostCommentsNumber":false,"magazineBlocksPostExcerpt":"PAR\u00cdS.- Luego de meses y meses de una novela que parec\u00eda interminable, el delantero franc\u00e9s Kylian Mbapp\u00e9 ya","magazineBlocksPostCategories":["Deportes"],"magazineBlocksPostViewCount":136,"magazineBlocksPostReadTime":2,"magazine_blocks_featured_image_url":{"full":["https:\/\/pornuestrolaredo.com\/wp-content\/uploads\/2024\/02\/PNL-20240220-2.jpg",960,640,false],"medium":["https:\/\/pornuestrolaredo.com\/wp-content\/uploads\/2024\/02\/PNL-20240220-2-300x200.jpg",300,200,true],"thumbnail":["https:\/\/pornuestrolaredo.com\/wp-content\/uploads\/2024\/02\/PNL-20240220-2-150x150.jpg",150,150,true]},"magazine_blocks_author":{"display_name":"Redactor","author_link":"https:\/\/pornuestrolaredo.com\/?author=1"},"magazine_blocks_comment":0,"magazine_blocks_author_image":"https:\/\/pornuestrolaredo.com\/wp-content\/litespeed\/avatar\/dca1d7ec750c399f025f23b0b314f4cf.jpg?ver=1777612120","magazine_blocks_category":"<a href=\"#\" class=\"category-link category-link-10\">Deportes<\/a>","jetpack_publicize_connections":[],"featured_image_urls":{"full":["https:\/\/pornuestrolaredo.com\/wp-content\/uploads\/2024\/02\/PNL-20240220-2.jpg",960,640,false],"thumbnail":["https:\/\/pornuestrolaredo.com\/wp-content\/uploads\/2024\/02\/PNL-20240220-2-150x150.jpg",150,150,true],"medium":["https:\/\/pornuestrolaredo.com\/wp-content\/uploads\/2024\/02\/PNL-20240220-2-300x200.jpg",300,200,true],"medium_large":["https:\/\/pornuestrolaredo.com\/wp-content\/uploads\/2024\/02\/PNL-20240220-2-768x512.jpg",640,427,true],"large":["https:\/\/pornuestrolaredo.com\/wp-content\/uploads\/2024\/02\/PNL-20240220-2.jpg",640,427,false],"1536x1536":["https:\/\/pornuestrolaredo.com\/wp-content\/uploads\/2024\/02\/PNL-20240220-2.jpg",960,640,false],"2048x2048":["https:\/\/pornuestrolaredo.com\/wp-content\/uploads\/2024\/02\/PNL-20240220-2.jpg",960,640,false],"morenews-large":["https:\/\/pornuestrolaredo.com\/wp-content\/uploads\/2024\/02\/PNL-20240220-2.jpg",825,550,false],"morenews-medium":["https:\/\/pornuestrolaredo.com\/wp-content\/uploads\/2024\/02\/PNL-20240220-2.jpg",590,393,false]},"author_info":{"info":["Redactor"]},"category_info":"<a href=\"https:\/\/pornuestrolaredo.com\/?cat=10\" rel=\"category\">Deportes<\/a>","tag_info":"Deportes","comment_count":"0","jetpack_featured_media_url":"https:\/\/pornuestrolaredo.com\/wp-content\/uploads\/2024\/02\/PNL-20240220-2.jpg","jetpack_sharing_enabled":true,"_links":{"self":[{"href":"https:\/\/pornuestrolaredo.com\/index.php?rest_route=\/wp\/v2\/posts\/3876","targetHints":{"allow":["GET"]}}],"collection":[{"href":"https:\/\/pornuestrolaredo.com\/index.php?rest_route=\/wp\/v2\/posts"}],"about":[{"href":"https:\/\/pornuestrolaredo.com\/index.php?rest_route=\/wp\/v2\/types\/post"}],"author":[{"embeddable":true,"href":"https:\/\/pornuestrolaredo.com\/index.php?rest_route=\/wp\/v2\/users\/1"}],"replies":[{"embeddable":true,"href":"https:\/\/pornuestrolaredo.com\/index.php?rest_route=%2Fwp%2Fv2%2Fcomments&post=3876"}],"version-history":[{"count":1,"href":"https:\/\/pornuestrolaredo.com\/index.php?rest_route=\/wp\/v2\/posts\/3876\/revisions"}],"predecessor-version":[{"id":3878,"href":"https:\/\/pornuestrolaredo.com\/index.php?rest_route=\/wp\/v2\/posts\/3876\/revisions\/3878"}],"wp:featuredmedia":[{"embeddable":true,"href":"https:\/\/pornuestrolaredo.com\/index.php?rest_route=\/wp\/v2\/media\/3877"}],"wp:attachment":[{"href":"https:\/\/pornuestrolaredo.com\/index.php?rest_route=%2Fwp%2Fv2%2Fmedia&parent=3876"}],"wp:term":[{"taxonomy":"category","embeddable":true,"href":"https:\/\/pornuestrolaredo.com\/index.php?rest_route=%2Fwp%2Fv2%2Fcategories&post=3876"},{"taxonomy":"post_tag","embeddable":true,"href":"https:\/\/pornuestrolaredo.com\/index.php?rest_route=%2Fwp%2Fv2%2Ftags&post=3876"}],"curies":[{"name":"wp","href":"https:\/\/api.w.org\/{rel}","templated":true}]}}