{"id":3885,"date":"2024-02-21T06:40:28","date_gmt":"2024-02-21T06:40:28","guid":{"rendered":"https:\/\/pornuestrolaredo.com\/?p=3885"},"modified":"2024-02-21T06:40:59","modified_gmt":"2024-02-21T06:40:59","slug":"3885","status":"publish","type":"post","link":"https:\/\/pornuestrolaredo.com\/?p=3885","title":{"rendered":"Aprueba el Senado la \u2018Ley Silla\u2019 por unaminidad"},"content":{"rendered":"<p><strong><em>CIUDAD DE M\u00c9XICO.-<\/em><\/strong> Con 82 votos en favor, el Senado aprob\u00f3 por unanimidad la \u201cLey Silla\u201d para garantizar periodos de descanso a trabajadores cuya jornada laboral consiste en estar muchas horas de pie.<\/p>\n<p>La Ley contempla que se les proporcionen sillas con respaldo, tanto para la ejecuci\u00f3n de sus funciones, como para descanso peri\u00f3dico.<\/p>\n<p>Ante el pleno, el presidente de la Comisi\u00f3n de Trabajo y Previsi\u00f3n Social del Senado, Napole\u00f3n G\u00f3mez Urrutia, indic\u00f3 que a quien viole esta disposici\u00f3n legal se le aplicar\u00e1n sanciones que van desde 250 hasta 2 mil 500 veces la Unidad de Medida de Actualizaci\u00f3n, equivalente a m\u00e1s de 270 mil pesos. En caso de que haya una reincidencia, la sanci\u00f3n podr\u00eda consistir en la suspensi\u00f3n temporal de actividades.<\/p>\n<p>La senadora Patricia Mercado asegur\u00f3 que, seg\u00fan la actividad laboral, se va a determinar si el trabajador necesita un periodo de descanso cada determinado tiempo; un nuevo mobiliario o una combinaci\u00f3n de nuevas medidas.<\/p>\n<blockquote><p>Prohibirle a un trabajador o trabajadora sentarse se basa en un supuesto realmente inhumano, el que la salud ocupa un segundo plano ante la exigencia de una empresa, no hay forma que la necesidad de obtener utilidades se imponga sobre la necesidad de evitar padecimientos.<\/p><\/blockquote>\n<blockquote><p>Es incre\u00edble que ante los dolores de una cajera, un vigilante, una vendedora o un mesero del Siglo 21 tengamos que recuperar argumentos de antiguos humanistas&#8221;, alert\u00f3 Patricia Mercado.<\/p><\/blockquote>\n<p>Advirti\u00f3 que desde que se present\u00f3 la iniciativa, han escuchado testimonios de trabajadores que padecen pies hinchados; hormigueo en las piernas; punzadas en la columna; debilidad que les hace dif\u00edcil mantenerse en pie&#8221;.<\/p>\n<p>Ante ello, lament\u00f3, los trabajadores han tenido que realizar estrategias, como sentarse a escondidas cuando se distraen los supervisores; arrimarse a una pared para recargar un poco el cuerpo o fingir que van al ba\u00f1o para descansar cinco minutos.<\/p>\n<p>Alert\u00f3 que de acuerdo con estudios cient\u00edficos, hay decenas de problemas a corto y largo plazo ocasionados por estar varias horas de pie.<\/p>\n<blockquote><p>A veces tres horas, sin descanso, son suficientes para desarrollar un padecimiento, como insuficiencia venosa, varices, tendinitis; lumbalgia cr\u00f3nica o fascitis plantar&#8221;.<\/p><\/blockquote>\n","protected":false},"excerpt":{"rendered":"<p>Ahora, los patrones de trabajadores que est\u00e1n de pie est\u00e1n obligados a garantizar horas de descanso peri\u00f3dico<\/p>\n","protected":false},"author":1,"featured_media":3886,"comment_status":"closed","ping_status":"closed","sticky":false,"template":"","format":"standard","meta":{"_crdt_document":"","_jetpack_memberships_contains_paid_content":false,"footnotes":"","jetpack_publicize_message":"","jetpack_publicize_feature_enabled":true,"jetpack_social_post_already_shared":true,"jetpack_social_options":{"image_generator_settings":{"template":"highway","default_image_id":0,"font":"","enabled":false},"version":2},"_wpas_customize_per_network":false},"categories":[33],"tags":[],"class_list":["post-3885","post","type-post","status-publish","format-standard","has-post-thumbnail","hentry","category-mexico"],"magazineBlocksPostFeaturedMedia":{"thumbnail":"https:\/\/pornuestrolaredo.com\/wp-content\/uploads\/2024\/02\/PNL-20240220-5-150x150.jpg","medium":"https:\/\/pornuestrolaredo.com\/wp-content\/uploads\/2024\/02\/PNL-20240220-5-300x200.jpg","medium_large":"https:\/\/pornuestrolaredo.com\/wp-content\/uploads\/2024\/02\/PNL-20240220-5-768x512.jpg","large":"https:\/\/pornuestrolaredo.com\/wp-content\/uploads\/2024\/02\/PNL-20240220-5.jpg","1536x1536":"https:\/\/pornuestrolaredo.com\/wp-content\/uploads\/2024\/02\/PNL-20240220-5.jpg","2048x2048":"https:\/\/pornuestrolaredo.com\/wp-content\/uploads\/2024\/02\/PNL-20240220-5.jpg","morenews-large":"https:\/\/pornuestrolaredo.com\/wp-content\/uploads\/2024\/02\/PNL-20240220-5.jpg","morenews-medium":"https:\/\/pornuestrolaredo.com\/wp-content\/uploads\/2024\/02\/PNL-20240220-5.jpg"},"magazineBlocksPostAuthor":{"name":"Redactor","avatar":"https:\/\/pornuestrolaredo.com\/wp-content\/litespeed\/avatar\/dca1d7ec750c399f025f23b0b314f4cf.jpg?ver=1777612120"},"magazineBlocksPostCommentsNumber":false,"magazineBlocksPostExcerpt":"Ahora, los patrones de trabajadores que est\u00e1n de pie est\u00e1n obligados a garantizar horas de descanso peri\u00f3dico","magazineBlocksPostCategories":["Mexico"],"magazineBlocksPostViewCount":145,"magazineBlocksPostReadTime":2,"magazine_blocks_featured_image_url":{"full":["https:\/\/pornuestrolaredo.com\/wp-content\/uploads\/2024\/02\/PNL-20240220-5.jpg",960,640,false],"medium":["https:\/\/pornuestrolaredo.com\/wp-content\/uploads\/2024\/02\/PNL-20240220-5-300x200.jpg",300,200,true],"thumbnail":["https:\/\/pornuestrolaredo.com\/wp-content\/uploads\/2024\/02\/PNL-20240220-5-150x150.jpg",150,150,true]},"magazine_blocks_author":{"display_name":"Redactor","author_link":"https:\/\/pornuestrolaredo.com\/?author=1"},"magazine_blocks_comment":0,"magazine_blocks_author_image":"https:\/\/pornuestrolaredo.com\/wp-content\/litespeed\/avatar\/dca1d7ec750c399f025f23b0b314f4cf.jpg?ver=1777612120","magazine_blocks_category":"<a href=\"#\" class=\"category-link category-link-33\">Mexico<\/a>","jetpack_publicize_connections":[],"featured_image_urls":{"full":["https:\/\/pornuestrolaredo.com\/wp-content\/uploads\/2024\/02\/PNL-20240220-5.jpg",960,640,false],"thumbnail":["https:\/\/pornuestrolaredo.com\/wp-content\/uploads\/2024\/02\/PNL-20240220-5-150x150.jpg",150,150,true],"medium":["https:\/\/pornuestrolaredo.com\/wp-content\/uploads\/2024\/02\/PNL-20240220-5-300x200.jpg",300,200,true],"medium_large":["https:\/\/pornuestrolaredo.com\/wp-content\/uploads\/2024\/02\/PNL-20240220-5-768x512.jpg",640,427,true],"large":["https:\/\/pornuestrolaredo.com\/wp-content\/uploads\/2024\/02\/PNL-20240220-5.jpg",640,427,false],"1536x1536":["https:\/\/pornuestrolaredo.com\/wp-content\/uploads\/2024\/02\/PNL-20240220-5.jpg",960,640,false],"2048x2048":["https:\/\/pornuestrolaredo.com\/wp-content\/uploads\/2024\/02\/PNL-20240220-5.jpg",960,640,false],"morenews-large":["https:\/\/pornuestrolaredo.com\/wp-content\/uploads\/2024\/02\/PNL-20240220-5.jpg",825,550,false],"morenews-medium":["https:\/\/pornuestrolaredo.com\/wp-content\/uploads\/2024\/02\/PNL-20240220-5.jpg",590,393,false]},"author_info":{"info":["Redactor"]},"category_info":"<a href=\"https:\/\/pornuestrolaredo.com\/?cat=33\" rel=\"category\">Mexico<\/a>","tag_info":"Mexico","comment_count":"0","jetpack_featured_media_url":"https:\/\/pornuestrolaredo.com\/wp-content\/uploads\/2024\/02\/PNL-20240220-5.jpg","jetpack_sharing_enabled":true,"_links":{"self":[{"href":"https:\/\/pornuestrolaredo.com\/index.php?rest_route=\/wp\/v2\/posts\/3885","targetHints":{"allow":["GET"]}}],"collection":[{"href":"https:\/\/pornuestrolaredo.com\/index.php?rest_route=\/wp\/v2\/posts"}],"about":[{"href":"https:\/\/pornuestrolaredo.com\/index.php?rest_route=\/wp\/v2\/types\/post"}],"author":[{"embeddable":true,"href":"https:\/\/pornuestrolaredo.com\/index.php?rest_route=\/wp\/v2\/users\/1"}],"replies":[{"embeddable":true,"href":"https:\/\/pornuestrolaredo.com\/index.php?rest_route=%2Fwp%2Fv2%2Fcomments&post=3885"}],"version-history":[{"count":2,"href":"https:\/\/pornuestrolaredo.com\/index.php?rest_route=\/wp\/v2\/posts\/3885\/revisions"}],"predecessor-version":[{"id":3888,"href":"https:\/\/pornuestrolaredo.com\/index.php?rest_route=\/wp\/v2\/posts\/3885\/revisions\/3888"}],"wp:featuredmedia":[{"embeddable":true,"href":"https:\/\/pornuestrolaredo.com\/index.php?rest_route=\/wp\/v2\/media\/3886"}],"wp:attachment":[{"href":"https:\/\/pornuestrolaredo.com\/index.php?rest_route=%2Fwp%2Fv2%2Fmedia&parent=3885"}],"wp:term":[{"taxonomy":"category","embeddable":true,"href":"https:\/\/pornuestrolaredo.com\/index.php?rest_route=%2Fwp%2Fv2%2Fcategories&post=3885"},{"taxonomy":"post_tag","embeddable":true,"href":"https:\/\/pornuestrolaredo.com\/index.php?rest_route=%2Fwp%2Fv2%2Ftags&post=3885"}],"curies":[{"name":"wp","href":"https:\/\/api.w.org\/{rel}","templated":true}]}}