{"id":3889,"date":"2024-02-22T02:32:14","date_gmt":"2024-02-22T02:32:14","guid":{"rendered":"https:\/\/pornuestrolaredo.com\/?p=3889"},"modified":"2024-02-22T02:32:14","modified_gmt":"2024-02-22T02:32:14","slug":"el-misterioso-lado-oscuro-de-la-luna","status":"publish","type":"post","link":"https:\/\/pornuestrolaredo.com\/?p=3889","title":{"rendered":"El misterioso \u2018lado oscuro\u2019 de la Luna"},"content":{"rendered":"<p><strong><em>HOUSTON.- <\/em><\/strong>Desde tiempos inmemoriales, la luna ha sido objeto de fascinaci\u00f3n, misterio y fuente de inspiraci\u00f3n para la humanidad. Este sat\u00e9lite natural de la Tierra, visible en nuestro cielo nocturno, tiene dos caras: la visible, ba\u00f1ada por la luz del sol, y su misterioso \u201clado oscuro\u201d, que nunca vemos desde nuestro planeta.<\/p>\n<p>Este fen\u00f3meno se debe a la sincronizaci\u00f3n entre los periodos de rotaci\u00f3n y de traslaci\u00f3n de la Luna alrededor de la Tierra, un fen\u00f3meno conocido como rotaci\u00f3n sincr\u00f3nica. Esta sincronizaci\u00f3n hace que siempre veamos la misma cara de la Luna, mientras que su \u201clado oscuro\u201d permanece oculto a la vista.<\/p>\n<p>El t\u00e9rmino \u201clado oscuro\u201d de la Luna es en realidad un malentendido. Este lado de la Luna no est\u00e1 permanentemente en la oscuridad. Recibe luz solar durante la fase de luna nueva, cuando la cara visible desde la Tierra est\u00e1 en sombras. Sin embargo, el t\u00e9rmino ha capturado la imaginaci\u00f3n popular, alimentando numerosos mitos y leyendas, y hasta sirviendo de inspiraci\u00f3n para la m\u00fasica.<\/p>\n<p>En 1973, la banda brit\u00e1nica Pink Floyd lanz\u00f3 su ic\u00f3nico \u00e1lbum &#8220;The Dark Side of the Moon&#8221;. Seg\u00fan los miembros de la banda, el t\u00edtulo es una met\u00e1fora de la locura y el misterio inherente a la naturaleza humana, conceptos que se reflejan en la inaccesibilidad y la oscuridad del lado oculto de la Luna.<\/p>\n<p>Cient\u00edficamente, el lado oscuro de la Luna no es tan inaccesible como se podr\u00eda pensar. En 1959, la sonda Luna 3 de la antigua Uni\u00f3n Sovi\u00e9tica fue la primera en capturar im\u00e1genes de esta cara oculta. Aunque las im\u00e1genes eran granuladas y de baja resoluci\u00f3n, revelaron un paisaje lunar muy diferente al que estamos acostumbrados a ver.<\/p>\n<p>Desde entonces, varias misiones espaciales han explorado m\u00e1s a fondo el lado oscuro de la Luna. En los a\u00f1os 60 y 70, las misiones Apollo de la NASA dejaron varios espejos retroreflectores en la superficie lunar.<\/p>\n<p>En contraste con la cara visible, llena de vastas planicies oscuras conocidas como mares, el lado oscuro de la Luna est\u00e1 lleno de cr\u00e1teres y tiene pocas planicies.<\/p>\n<p>Este descubrimiento cambi\u00f3 nuestra comprensi\u00f3n de la Luna y ha alimentado la curiosidad cient\u00edfica y la imaginaci\u00f3n popular durante d\u00e9cadas.<\/p>\n<p>La Luna 3 fue equipada con una c\u00e1mara de dos lentes, un esc\u00e1ner y una unidad de procesamiento autom\u00e1tico. La c\u00e1mara estaba dise\u00f1ada para resistir las extremas condiciones de radiaci\u00f3n y temperatura del espacio. La sonda logr\u00f3 capturar 29 im\u00e1genes durante un lapso de 40 minutos, aunque debido a problemas de transmisi\u00f3n, solo se pudieron recuperar 17 de ellas.<\/p>\n<p>Hoy en d\u00eda, con los avances en tecnolog\u00eda espacial, la exploraci\u00f3n del lado oscuro de la Luna est\u00e1 al alcance de nuestras manos. Se est\u00e1n planificando nuevas misiones para analizar m\u00e1s a fondo su geolog\u00eda y evaluar la posibilidad de establecer bases humanas. La cara oculta de la Luna sigue siendo una fuente de misterio y fascinaci\u00f3n y su exploraci\u00f3n puede abrir nuevas fronteras en nuestro entendimiento del universo.<\/p>\n<p><em><em>En la foto, la Luna sobre los dos Laredos, tomada por Jorge Vargas este mi\u00e9rcoles 21 de febrero.<\/em><br \/>\n<\/em><\/p>\n","protected":false},"excerpt":{"rendered":"<p>En realidad vemos s\u00f3lo una cara de nuestro sat\u00e9lite natural debido a la sincronizaci\u00f3n de rotaci\u00f3n y la de la Tierra<\/p>\n","protected":false},"author":1,"featured_media":3890,"comment_status":"closed","ping_status":"closed","sticky":false,"template":"","format":"standard","meta":{"_crdt_document":"","_jetpack_memberships_contains_paid_content":false,"footnotes":"","jetpack_publicize_message":"","jetpack_publicize_feature_enabled":true,"jetpack_social_post_already_shared":true,"jetpack_social_options":{"image_generator_settings":{"template":"highway","default_image_id":0,"font":"","enabled":false},"version":2},"_wpas_customize_per_network":false},"categories":[9],"tags":[],"class_list":["post-3889","post","type-post","status-publish","format-standard","has-post-thumbnail","hentry","category-el-mundo"],"magazineBlocksPostFeaturedMedia":{"thumbnail":"https:\/\/pornuestrolaredo.com\/wp-content\/uploads\/2024\/02\/Stereo91-20240221-2-150x150.jpg","medium":"https:\/\/pornuestrolaredo.com\/wp-content\/uploads\/2024\/02\/Stereo91-20240221-2-300x182.jpg","medium_large":"https:\/\/pornuestrolaredo.com\/wp-content\/uploads\/2024\/02\/Stereo91-20240221-2-768x465.jpg","large":"https:\/\/pornuestrolaredo.com\/wp-content\/uploads\/2024\/02\/Stereo91-20240221-2-1000x606.jpg","1536x1536":"https:\/\/pornuestrolaredo.com\/wp-content\/uploads\/2024\/02\/Stereo91-20240221-2-1536x931.jpg","2048x2048":"https:\/\/pornuestrolaredo.com\/wp-content\/uploads\/2024\/02\/Stereo91-20240221-2-2048x1241.jpg","morenews-large":"https:\/\/pornuestrolaredo.com\/wp-content\/uploads\/2024\/02\/Stereo91-20240221-2-scaled.jpg","morenews-medium":"https:\/\/pornuestrolaredo.com\/wp-content\/uploads\/2024\/02\/Stereo91-20240221-2-scaled.jpg"},"magazineBlocksPostAuthor":{"name":"Redactor","avatar":"https:\/\/pornuestrolaredo.com\/wp-content\/litespeed\/avatar\/dca1d7ec750c399f025f23b0b314f4cf.jpg?ver=1777612120"},"magazineBlocksPostCommentsNumber":false,"magazineBlocksPostExcerpt":"En realidad vemos s\u00f3lo una cara de nuestro sat\u00e9lite natural debido a la sincronizaci\u00f3n de rotaci\u00f3n y la de la Tierra","magazineBlocksPostCategories":["El Mundo"],"magazineBlocksPostViewCount":140,"magazineBlocksPostReadTime":3,"magazine_blocks_featured_image_url":{"full":["https:\/\/pornuestrolaredo.com\/wp-content\/uploads\/2024\/02\/Stereo91-20240221-2-scaled.jpg",2560,1551,false],"medium":["https:\/\/pornuestrolaredo.com\/wp-content\/uploads\/2024\/02\/Stereo91-20240221-2-300x182.jpg",300,182,true],"thumbnail":["https:\/\/pornuestrolaredo.com\/wp-content\/uploads\/2024\/02\/Stereo91-20240221-2-150x150.jpg",150,150,true]},"magazine_blocks_author":{"display_name":"Redactor","author_link":"https:\/\/pornuestrolaredo.com\/?author=1"},"magazine_blocks_comment":0,"magazine_blocks_author_image":"https:\/\/pornuestrolaredo.com\/wp-content\/litespeed\/avatar\/dca1d7ec750c399f025f23b0b314f4cf.jpg?ver=1777612120","magazine_blocks_category":"<a href=\"#\" class=\"category-link category-link-9\">El Mundo<\/a>","jetpack_publicize_connections":[],"featured_image_urls":{"full":["https:\/\/pornuestrolaredo.com\/wp-content\/uploads\/2024\/02\/Stereo91-20240221-2-scaled.jpg",2560,1551,false],"thumbnail":["https:\/\/pornuestrolaredo.com\/wp-content\/uploads\/2024\/02\/Stereo91-20240221-2-150x150.jpg",150,150,true],"medium":["https:\/\/pornuestrolaredo.com\/wp-content\/uploads\/2024\/02\/Stereo91-20240221-2-300x182.jpg",300,182,true],"medium_large":["https:\/\/pornuestrolaredo.com\/wp-content\/uploads\/2024\/02\/Stereo91-20240221-2-768x465.jpg",640,388,true],"large":["https:\/\/pornuestrolaredo.com\/wp-content\/uploads\/2024\/02\/Stereo91-20240221-2-1000x606.jpg",640,388,true],"1536x1536":["https:\/\/pornuestrolaredo.com\/wp-content\/uploads\/2024\/02\/Stereo91-20240221-2-1536x931.jpg",1536,931,true],"2048x2048":["https:\/\/pornuestrolaredo.com\/wp-content\/uploads\/2024\/02\/Stereo91-20240221-2-2048x1241.jpg",2048,1241,true],"morenews-large":["https:\/\/pornuestrolaredo.com\/wp-content\/uploads\/2024\/02\/Stereo91-20240221-2-scaled.jpg",825,500,false],"morenews-medium":["https:\/\/pornuestrolaredo.com\/wp-content\/uploads\/2024\/02\/Stereo91-20240221-2-scaled.jpg",590,357,false]},"author_info":{"info":["Redactor"]},"category_info":"<a href=\"https:\/\/pornuestrolaredo.com\/?cat=9\" rel=\"category\">El Mundo<\/a>","tag_info":"El Mundo","comment_count":"0","jetpack_featured_media_url":"https:\/\/pornuestrolaredo.com\/wp-content\/uploads\/2024\/02\/Stereo91-20240221-2-scaled.jpg","jetpack_sharing_enabled":true,"_links":{"self":[{"href":"https:\/\/pornuestrolaredo.com\/index.php?rest_route=\/wp\/v2\/posts\/3889","targetHints":{"allow":["GET"]}}],"collection":[{"href":"https:\/\/pornuestrolaredo.com\/index.php?rest_route=\/wp\/v2\/posts"}],"about":[{"href":"https:\/\/pornuestrolaredo.com\/index.php?rest_route=\/wp\/v2\/types\/post"}],"author":[{"embeddable":true,"href":"https:\/\/pornuestrolaredo.com\/index.php?rest_route=\/wp\/v2\/users\/1"}],"replies":[{"embeddable":true,"href":"https:\/\/pornuestrolaredo.com\/index.php?rest_route=%2Fwp%2Fv2%2Fcomments&post=3889"}],"version-history":[{"count":1,"href":"https:\/\/pornuestrolaredo.com\/index.php?rest_route=\/wp\/v2\/posts\/3889\/revisions"}],"predecessor-version":[{"id":3891,"href":"https:\/\/pornuestrolaredo.com\/index.php?rest_route=\/wp\/v2\/posts\/3889\/revisions\/3891"}],"wp:featuredmedia":[{"embeddable":true,"href":"https:\/\/pornuestrolaredo.com\/index.php?rest_route=\/wp\/v2\/media\/3890"}],"wp:attachment":[{"href":"https:\/\/pornuestrolaredo.com\/index.php?rest_route=%2Fwp%2Fv2%2Fmedia&parent=3889"}],"wp:term":[{"taxonomy":"category","embeddable":true,"href":"https:\/\/pornuestrolaredo.com\/index.php?rest_route=%2Fwp%2Fv2%2Fcategories&post=3889"},{"taxonomy":"post_tag","embeddable":true,"href":"https:\/\/pornuestrolaredo.com\/index.php?rest_route=%2Fwp%2Fv2%2Ftags&post=3889"}],"curies":[{"name":"wp","href":"https:\/\/api.w.org\/{rel}","templated":true}]}}