{"id":3899,"date":"2024-02-27T03:56:53","date_gmt":"2024-02-27T03:56:53","guid":{"rendered":"https:\/\/pornuestrolaredo.com\/?p=3899"},"modified":"2024-02-27T03:56:53","modified_gmt":"2024-02-27T03:56:53","slug":"van-biden-y-trump-a-la-frontera-con-mexico","status":"publish","type":"post","link":"https:\/\/pornuestrolaredo.com\/?p=3899","title":{"rendered":"Van Biden y Trump a la frontera con M\u00e9xico"},"content":{"rendered":"<p><strong>WASHINGTON.- <\/strong>El presidente, Joe Biden, y el expresidente Donald Trump visitar\u00e1n la frontera sur de Estados Unidos el jueves, pues ambos precandidatos tratan de sacar provecho pol\u00edtico del maltrecho sistema de inmigraci\u00f3n del pa\u00eds de cara a su previsible revancha en las elecciones de este a\u00f1o.<\/p>\n<p>Biden viajar\u00e1 a Brownsville, Texas, en Rio Grande Valley, una zona que a menudo registra un gran n\u00famero de cruces en la frontera, dijo el lunes la secretaria de prensa de la Casa Blanca, Karine Jean-Pierre. Se reunir\u00e1 con agentes fronterizos y hablar\u00e1 sobre la necesidad de una ley bipartidista. Ser\u00e1 su segunda visita a la frontera como presidente. Viaj\u00f3 a El Paso, Texas, en enero del a\u00f1o pasado.<\/p>\n<blockquote><p>Quiere asegurarse de transmitir su mensaje ah\u00ed al pueblo estadounidense\u201d, se\u00f1al\u00f3 Jean-Pierre.<\/p><\/blockquote>\n<p>Trump se dirigir\u00e1 a Eagle Pass, Texas, a unos 520 kil\u00f3metros (325 millas) de Brownsville \u2014otro punto de fricci\u00f3n entre el estado y el gobierno federal sobre la seguridad fronteriza\u2014, seg\u00fan tres personas que hablaron con The Associated Press a condici\u00f3n de guardar el anonimato para poder declarar sobre los planes.<\/p>\n<p>En declaraciones en Nueva York el lunes, Biden dijo que hab\u00eda planeado viajar a la frontera el jueves y no sab\u00eda que \u201cmi buen amigo aparentemente ir\u00e1\u201d tambi\u00e9n. La Casa Blanca hizo su anuncio despu\u00e9s de que se informara sobre el viaje que Trump planea efectuar. El presidente no quiso decir si se reunir\u00e1 con migrantes en su recorrido.<\/p>\n<p>Las visitas ponen de manifiesto el papel central de la inmigraci\u00f3n en la contienda presidencial de 2024, para los republicanos y cada vez m\u00e1s para los dem\u00f3cratas, sobre todo luego de que se vinieron abajo las negociaciones en el Congreso sobre un acuerdo para frenar la inmigraci\u00f3n ilegal.<\/p>\n<p>Biden ha fustigado a los republicanos por abandonar el acuerdo fronterizo bipartidista despu\u00e9s de que Trump se opusiera al plan de endurecer las restricciones al asilo y establecer l\u00edmites diarios a los cruces fronterizos. Trump, por su parte, ha intensificado su ret\u00f3rica antiinmigraci\u00f3n, y ha insinuado que los inmigrantes est\u00e1n envenenando la sangre de los estadounidenses.<\/p>\n<p>El equipo de campa\u00f1a de Trump dice que el plan de Biden de visitar la frontera es un indicio de que el presidente est\u00e1 a la defensiva en materia de inmigraci\u00f3n y que el tema es un problema para su intento de ser reelegido. La secretaria de prensa de la campa\u00f1a de Trump, Karoline Leavitt, dijo que Biden est\u00e1 detr\u00e1s de Trump en las preferencias electorales y es responsable de la \u201cpeor crisis de inmigraci\u00f3n en la historia\u201d de Estados Unidos.<\/p>\n<p>En tanto, el equipo de campa\u00f1a de Biden se\u00f1al\u00f3 que son los republicanos de la C\u00e1mara de Representantes los que est\u00e1n a la defensiva, despu\u00e9s de que Trump dijera categ\u00f3ricamente que hab\u00eda pedido a los legisladores republicanos que rechazaran el proyecto de ley que habr\u00eda financiado a los agentes fronterizos y otras autoridades de Seguridad Nacional. The New York Times fue el medio que inform\u00f3 sobre el viaje en primera instancia.<\/p>\n<p>Mientras sigue criticando a los republicanos por la inacci\u00f3n legislativa, Biden est\u00e1 sopesando actuar por decreto para ayudar a disuadir a los inmigrantes de viajar a Estados Unidos. Entre las medidas que el mandatario est\u00e1 considerando aplicar se encuentra la de invocar las facultades previstas en la Secci\u00f3n 212(f) de la Ley de Inmigraci\u00f3n y Nacionalidad, que otorga al presidente amplio margen de maniobra para bloquear la entrada de determinados inmigrantes a Estados Unidos si ello fuera \u201cperjudicial\u201d para el inter\u00e9s nacional.<\/p>\n<p>Pero sin cambios a la ley, cualquier decreto emitido por el gobierno que adopte medidas en\u00e9rgicas para frenar los cruces fronterizos probablemente ser\u00e1 impugnado en los tribunales. La Casa Blanca ha informado a algunos legisladores del Capitolio que Biden no anunciar\u00e1 una orden ejecutiva sobre inmigraci\u00f3n durante su viaje a la frontera el jueves, seg\u00fan una persona al tanto de las conversaciones.<\/p>\n","protected":false},"excerpt":{"rendered":"<p>El presidente estar\u00e1 en Brownsville, Texas, y el republicano ir\u00e1 a Eagle Pass<\/p>\n","protected":false},"author":1,"featured_media":3900,"comment_status":"closed","ping_status":"closed","sticky":false,"template":"","format":"standard","meta":{"_crdt_document":"","_jetpack_memberships_contains_paid_content":false,"footnotes":"","jetpack_publicize_message":"","jetpack_publicize_feature_enabled":true,"jetpack_social_post_already_shared":true,"jetpack_social_options":{"image_generator_settings":{"template":"highway","default_image_id":0,"font":"","enabled":false},"version":2},"_wpas_customize_per_network":false},"categories":[9],"tags":[],"class_list":["post-3899","post","type-post","status-publish","format-standard","has-post-thumbnail","hentry","category-el-mundo"],"magazineBlocksPostFeaturedMedia":{"thumbnail":"https:\/\/pornuestrolaredo.com\/wp-content\/uploads\/2024\/02\/Stereo91-20240226-1-150x150.jpg","medium":"https:\/\/pornuestrolaredo.com\/wp-content\/uploads\/2024\/02\/Stereo91-20240226-1-300x184.jpg","medium_large":"https:\/\/pornuestrolaredo.com\/wp-content\/uploads\/2024\/02\/Stereo91-20240226-1-768x470.jpg","large":"https:\/\/pornuestrolaredo.com\/wp-content\/uploads\/2024\/02\/Stereo91-20240226-1-1000x612.jpg","1536x1536":"https:\/\/pornuestrolaredo.com\/wp-content\/uploads\/2024\/02\/Stereo91-20240226-1.jpg","2048x2048":"https:\/\/pornuestrolaredo.com\/wp-content\/uploads\/2024\/02\/Stereo91-20240226-1.jpg","morenews-large":"https:\/\/pornuestrolaredo.com\/wp-content\/uploads\/2024\/02\/Stereo91-20240226-1.jpg","morenews-medium":"https:\/\/pornuestrolaredo.com\/wp-content\/uploads\/2024\/02\/Stereo91-20240226-1.jpg"},"magazineBlocksPostAuthor":{"name":"Redactor","avatar":"https:\/\/pornuestrolaredo.com\/wp-content\/litespeed\/avatar\/dca1d7ec750c399f025f23b0b314f4cf.jpg?ver=1777612120"},"magazineBlocksPostCommentsNumber":false,"magazineBlocksPostExcerpt":"El presidente estar\u00e1 en Brownsville, Texas, y el republicano ir\u00e1 a Eagle Pass","magazineBlocksPostCategories":["El Mundo"],"magazineBlocksPostViewCount":145,"magazineBlocksPostReadTime":4,"magazine_blocks_featured_image_url":{"full":["https:\/\/pornuestrolaredo.com\/wp-content\/uploads\/2024\/02\/Stereo91-20240226-1.jpg",1440,881,false],"medium":["https:\/\/pornuestrolaredo.com\/wp-content\/uploads\/2024\/02\/Stereo91-20240226-1-300x184.jpg",300,184,true],"thumbnail":["https:\/\/pornuestrolaredo.com\/wp-content\/uploads\/2024\/02\/Stereo91-20240226-1-150x150.jpg",150,150,true]},"magazine_blocks_author":{"display_name":"Redactor","author_link":"https:\/\/pornuestrolaredo.com\/?author=1"},"magazine_blocks_comment":0,"magazine_blocks_author_image":"https:\/\/pornuestrolaredo.com\/wp-content\/litespeed\/avatar\/dca1d7ec750c399f025f23b0b314f4cf.jpg?ver=1777612120","magazine_blocks_category":"<a href=\"#\" class=\"category-link category-link-9\">El Mundo<\/a>","jetpack_publicize_connections":[],"featured_image_urls":{"full":["https:\/\/pornuestrolaredo.com\/wp-content\/uploads\/2024\/02\/Stereo91-20240226-1.jpg",1440,881,false],"thumbnail":["https:\/\/pornuestrolaredo.com\/wp-content\/uploads\/2024\/02\/Stereo91-20240226-1-150x150.jpg",150,150,true],"medium":["https:\/\/pornuestrolaredo.com\/wp-content\/uploads\/2024\/02\/Stereo91-20240226-1-300x184.jpg",300,184,true],"medium_large":["https:\/\/pornuestrolaredo.com\/wp-content\/uploads\/2024\/02\/Stereo91-20240226-1-768x470.jpg",640,392,true],"large":["https:\/\/pornuestrolaredo.com\/wp-content\/uploads\/2024\/02\/Stereo91-20240226-1-1000x612.jpg",640,392,true],"1536x1536":["https:\/\/pornuestrolaredo.com\/wp-content\/uploads\/2024\/02\/Stereo91-20240226-1.jpg",1440,881,false],"2048x2048":["https:\/\/pornuestrolaredo.com\/wp-content\/uploads\/2024\/02\/Stereo91-20240226-1.jpg",1440,881,false],"morenews-large":["https:\/\/pornuestrolaredo.com\/wp-content\/uploads\/2024\/02\/Stereo91-20240226-1.jpg",825,505,false],"morenews-medium":["https:\/\/pornuestrolaredo.com\/wp-content\/uploads\/2024\/02\/Stereo91-20240226-1.jpg",590,361,false]},"author_info":{"info":["Redactor"]},"category_info":"<a href=\"https:\/\/pornuestrolaredo.com\/?cat=9\" rel=\"category\">El Mundo<\/a>","tag_info":"El Mundo","comment_count":"0","jetpack_featured_media_url":"https:\/\/pornuestrolaredo.com\/wp-content\/uploads\/2024\/02\/Stereo91-20240226-1.jpg","jetpack_sharing_enabled":true,"_links":{"self":[{"href":"https:\/\/pornuestrolaredo.com\/index.php?rest_route=\/wp\/v2\/posts\/3899","targetHints":{"allow":["GET"]}}],"collection":[{"href":"https:\/\/pornuestrolaredo.com\/index.php?rest_route=\/wp\/v2\/posts"}],"about":[{"href":"https:\/\/pornuestrolaredo.com\/index.php?rest_route=\/wp\/v2\/types\/post"}],"author":[{"embeddable":true,"href":"https:\/\/pornuestrolaredo.com\/index.php?rest_route=\/wp\/v2\/users\/1"}],"replies":[{"embeddable":true,"href":"https:\/\/pornuestrolaredo.com\/index.php?rest_route=%2Fwp%2Fv2%2Fcomments&post=3899"}],"version-history":[{"count":1,"href":"https:\/\/pornuestrolaredo.com\/index.php?rest_route=\/wp\/v2\/posts\/3899\/revisions"}],"predecessor-version":[{"id":3901,"href":"https:\/\/pornuestrolaredo.com\/index.php?rest_route=\/wp\/v2\/posts\/3899\/revisions\/3901"}],"wp:featuredmedia":[{"embeddable":true,"href":"https:\/\/pornuestrolaredo.com\/index.php?rest_route=\/wp\/v2\/media\/3900"}],"wp:attachment":[{"href":"https:\/\/pornuestrolaredo.com\/index.php?rest_route=%2Fwp%2Fv2%2Fmedia&parent=3899"}],"wp:term":[{"taxonomy":"category","embeddable":true,"href":"https:\/\/pornuestrolaredo.com\/index.php?rest_route=%2Fwp%2Fv2%2Fcategories&post=3899"},{"taxonomy":"post_tag","embeddable":true,"href":"https:\/\/pornuestrolaredo.com\/index.php?rest_route=%2Fwp%2Fv2%2Ftags&post=3899"}],"curies":[{"name":"wp","href":"https:\/\/api.w.org\/{rel}","templated":true}]}}