{"id":3905,"date":"2024-02-28T20:19:55","date_gmt":"2024-02-28T20:19:55","guid":{"rendered":"https:\/\/pornuestrolaredo.com\/?p=3905"},"modified":"2024-02-28T20:19:55","modified_gmt":"2024-02-28T20:19:55","slug":"hey-febrero-no-acaba-hoy-sino-hasta-el-jueves","status":"publish","type":"post","link":"https:\/\/pornuestrolaredo.com\/?p=3905","title":{"rendered":"\u00a1Hey!&#8230; Febrero no acaba hoy, sino hasta el jueves"},"content":{"rendered":"<p><strong><em>CIUDAD DE M\u00c9XICO.-<\/em><\/strong> Febrero est\u00e1 por terminar y las personas est\u00e1n tan acostumbrados a que este mes tenga s\u00f3lo 28 d\u00edas, que no est\u00e1n totalmente conscientes que este a\u00f1o ser\u00e1n 29\u2026 \u00bfPero porqu\u00e9?<\/p>\n<p>Bueno, esto ocurre solamente cada cuatro a\u00f1os, por lo que sin duda es un evento \u00fanico. <\/p>\n<p>En el calendario gregoriano, febrero es el \u00fanico mes que experimenta variaciones en su duraci\u00f3n. Esto se debe a una compleja interacci\u00f3n entre el tiempo que tarda la Tierra en dar una vuelta alrededor del Sol y la necesidad de ajustar nuestro calendario para mantenerlo en sinton\u00eda con las estaciones.<\/p>\n<p>Cada cuatro a\u00f1os, febrero obtiene un d\u00eda adicional, convirti\u00e9ndose en un a\u00f1o bisiesto. Este ajuste se realiza para compensar la diferencia entre el a\u00f1o calendario y el a\u00f1o astron\u00f3mico.<\/p>\n<p>El a\u00f1o astron\u00f3mico, que es el tiempo que tarda la Tierra en completar una \u00f3rbita alrededor del Sol, no es exactamente de 365 d\u00edas, sino aproximadamente 365.2422 d\u00edas.<\/p>\n<p>Para mantener el calendario en armon\u00eda con las estaciones, se introdujo el concepto de a\u00f1o bisiesto. En un a\u00f1o bisiesto, febrero tiene 29 d\u00edas en lugar de 28, lo que agrega un d\u00eda al calendario.<\/p>\n<p>Esto se hace para asegurar que el equinoccio de primavera, que marca el inicio de la primavera, ocurra alrededor del 20 de marzo.<\/p>\n<p>El t\u00e9rmino &#8220;bisiesto&#8221; proviene del lat\u00edn &#8220;bis sextus dies&#8221;, que significa &#8220;doble sexto d\u00eda&#8221;. Esto se refiere al hecho de que en un a\u00f1o bisiesto, se a\u00f1ade un d\u00eda adicional despu\u00e9s del sexto d\u00eda antes de las calendas de marzo, es decir, despu\u00e9s del 24 de febrero en el calendario juliano.<\/p>\n<p>El a\u00f1o bisiesto es crucial para mantener la precisi\u00f3n del calendario. Sin este ajuste, las estaciones se desfasar\u00edan gradualmente, afectando los eventos basados en fechas espec\u00edficas, como las festividades religiosas y las estaciones agr\u00edcolas.<\/p>\n","protected":false},"excerpt":{"rendered":"<p>S\u00ed, este es a\u00f1o bisiesto y surge para compensar el calendario y evitar afectar las estaciones\u2026 aqu\u00ed te explicamos porqu\u00e9<\/p>\n","protected":false},"author":1,"featured_media":3906,"comment_status":"closed","ping_status":"closed","sticky":false,"template":"","format":"standard","meta":{"_crdt_document":"","_jetpack_memberships_contains_paid_content":false,"footnotes":"","jetpack_publicize_message":"","jetpack_publicize_feature_enabled":true,"jetpack_social_post_already_shared":true,"jetpack_social_options":{"image_generator_settings":{"template":"highway","default_image_id":0,"font":"","enabled":false},"version":2},"_wpas_customize_per_network":false},"categories":[9],"tags":[],"class_list":["post-3905","post","type-post","status-publish","format-standard","has-post-thumbnail","hentry","category-el-mundo"],"magazineBlocksPostFeaturedMedia":{"thumbnail":"https:\/\/pornuestrolaredo.com\/wp-content\/uploads\/2024\/02\/Stereo91-20240228-2-150x150.jpg","medium":"https:\/\/pornuestrolaredo.com\/wp-content\/uploads\/2024\/02\/Stereo91-20240228-2-300x200.jpg","medium_large":"https:\/\/pornuestrolaredo.com\/wp-content\/uploads\/2024\/02\/Stereo91-20240228-2-768x513.jpg","large":"https:\/\/pornuestrolaredo.com\/wp-content\/uploads\/2024\/02\/Stereo91-20240228-2.jpg","1536x1536":"https:\/\/pornuestrolaredo.com\/wp-content\/uploads\/2024\/02\/Stereo91-20240228-2.jpg","2048x2048":"https:\/\/pornuestrolaredo.com\/wp-content\/uploads\/2024\/02\/Stereo91-20240228-2.jpg","morenews-large":"https:\/\/pornuestrolaredo.com\/wp-content\/uploads\/2024\/02\/Stereo91-20240228-2.jpg","morenews-medium":"https:\/\/pornuestrolaredo.com\/wp-content\/uploads\/2024\/02\/Stereo91-20240228-2.jpg"},"magazineBlocksPostAuthor":{"name":"Redactor","avatar":"https:\/\/pornuestrolaredo.com\/wp-content\/litespeed\/avatar\/dca1d7ec750c399f025f23b0b314f4cf.jpg?ver=1777612120"},"magazineBlocksPostCommentsNumber":false,"magazineBlocksPostExcerpt":"S\u00ed, este es a\u00f1o bisiesto y surge para compensar el calendario y evitar afectar las estaciones\u2026 aqu\u00ed te explicamos porqu\u00e9","magazineBlocksPostCategories":["El Mundo"],"magazineBlocksPostViewCount":145,"magazineBlocksPostReadTime":2,"magazine_blocks_featured_image_url":{"full":["https:\/\/pornuestrolaredo.com\/wp-content\/uploads\/2024\/02\/Stereo91-20240228-2.jpg",850,568,false],"medium":["https:\/\/pornuestrolaredo.com\/wp-content\/uploads\/2024\/02\/Stereo91-20240228-2-300x200.jpg",300,200,true],"thumbnail":["https:\/\/pornuestrolaredo.com\/wp-content\/uploads\/2024\/02\/Stereo91-20240228-2-150x150.jpg",150,150,true]},"magazine_blocks_author":{"display_name":"Redactor","author_link":"https:\/\/pornuestrolaredo.com\/?author=1"},"magazine_blocks_comment":0,"magazine_blocks_author_image":"https:\/\/pornuestrolaredo.com\/wp-content\/litespeed\/avatar\/dca1d7ec750c399f025f23b0b314f4cf.jpg?ver=1777612120","magazine_blocks_category":"<a href=\"#\" class=\"category-link category-link-9\">El Mundo<\/a>","jetpack_publicize_connections":[],"featured_image_urls":{"full":["https:\/\/pornuestrolaredo.com\/wp-content\/uploads\/2024\/02\/Stereo91-20240228-2.jpg",850,568,false],"thumbnail":["https:\/\/pornuestrolaredo.com\/wp-content\/uploads\/2024\/02\/Stereo91-20240228-2-150x150.jpg",150,150,true],"medium":["https:\/\/pornuestrolaredo.com\/wp-content\/uploads\/2024\/02\/Stereo91-20240228-2-300x200.jpg",300,200,true],"medium_large":["https:\/\/pornuestrolaredo.com\/wp-content\/uploads\/2024\/02\/Stereo91-20240228-2-768x513.jpg",640,428,true],"large":["https:\/\/pornuestrolaredo.com\/wp-content\/uploads\/2024\/02\/Stereo91-20240228-2.jpg",640,428,false],"1536x1536":["https:\/\/pornuestrolaredo.com\/wp-content\/uploads\/2024\/02\/Stereo91-20240228-2.jpg",850,568,false],"2048x2048":["https:\/\/pornuestrolaredo.com\/wp-content\/uploads\/2024\/02\/Stereo91-20240228-2.jpg",850,568,false],"morenews-large":["https:\/\/pornuestrolaredo.com\/wp-content\/uploads\/2024\/02\/Stereo91-20240228-2.jpg",825,551,false],"morenews-medium":["https:\/\/pornuestrolaredo.com\/wp-content\/uploads\/2024\/02\/Stereo91-20240228-2.jpg",590,394,false]},"author_info":{"info":["Redactor"]},"category_info":"<a href=\"https:\/\/pornuestrolaredo.com\/?cat=9\" rel=\"category\">El Mundo<\/a>","tag_info":"El Mundo","comment_count":"0","jetpack_featured_media_url":"https:\/\/pornuestrolaredo.com\/wp-content\/uploads\/2024\/02\/Stereo91-20240228-2.jpg","jetpack_sharing_enabled":true,"_links":{"self":[{"href":"https:\/\/pornuestrolaredo.com\/index.php?rest_route=\/wp\/v2\/posts\/3905","targetHints":{"allow":["GET"]}}],"collection":[{"href":"https:\/\/pornuestrolaredo.com\/index.php?rest_route=\/wp\/v2\/posts"}],"about":[{"href":"https:\/\/pornuestrolaredo.com\/index.php?rest_route=\/wp\/v2\/types\/post"}],"author":[{"embeddable":true,"href":"https:\/\/pornuestrolaredo.com\/index.php?rest_route=\/wp\/v2\/users\/1"}],"replies":[{"embeddable":true,"href":"https:\/\/pornuestrolaredo.com\/index.php?rest_route=%2Fwp%2Fv2%2Fcomments&post=3905"}],"version-history":[{"count":1,"href":"https:\/\/pornuestrolaredo.com\/index.php?rest_route=\/wp\/v2\/posts\/3905\/revisions"}],"predecessor-version":[{"id":3907,"href":"https:\/\/pornuestrolaredo.com\/index.php?rest_route=\/wp\/v2\/posts\/3905\/revisions\/3907"}],"wp:featuredmedia":[{"embeddable":true,"href":"https:\/\/pornuestrolaredo.com\/index.php?rest_route=\/wp\/v2\/media\/3906"}],"wp:attachment":[{"href":"https:\/\/pornuestrolaredo.com\/index.php?rest_route=%2Fwp%2Fv2%2Fmedia&parent=3905"}],"wp:term":[{"taxonomy":"category","embeddable":true,"href":"https:\/\/pornuestrolaredo.com\/index.php?rest_route=%2Fwp%2Fv2%2Fcategories&post=3905"},{"taxonomy":"post_tag","embeddable":true,"href":"https:\/\/pornuestrolaredo.com\/index.php?rest_route=%2Fwp%2Fv2%2Ftags&post=3905"}],"curies":[{"name":"wp","href":"https:\/\/api.w.org\/{rel}","templated":true}]}}