{"id":391,"date":"2022-09-23T05:35:06","date_gmt":"2022-09-23T05:35:06","guid":{"rendered":"https:\/\/pornuestrolaredo.com\/?p=391"},"modified":"2022-09-23T05:35:06","modified_gmt":"2022-09-23T05:35:06","slug":"%ef%bf%bcrefrenda-carmen-lilia-compromiso-con-la-educacion","status":"publish","type":"post","link":"https:\/\/pornuestrolaredo.com\/?p=391","title":{"rendered":"\ufffcRefrenda Carmen Lilia compromiso con la educaci\u00f3n"},"content":{"rendered":"\n<p class=\"wp-block-paragraph\"><strong><em>NUEVO LAREDO.- <\/em><\/strong>La alcaldesa, Carmen Lilia Canturosas Villarreal, acompa\u00f1ada de la escritora Elena Poniatowska, quien fungi\u00f3 como testigo de honora, refrend\u00f3 el apoyo que su gobierno brinda a la educaci\u00f3n para beneficiar a estudiantes, maestros y padres de familia, adem\u00e1s se comprometi\u00f3 a mantenerlo a lo largo de su gesti\u00f3n.<\/p>\n\n\n\n<p class=\"wp-block-paragraph\">Destac\u00f3 que desde el primer d\u00eda de su gobierno han emprendido acciones en beneficio de la educaci\u00f3n a trav\u00e9s de inversi\u00f3n en infraestructura, esto aunado a los diferentes programas con los que cuenta para\nque los ni\u00f1os y j\u00f3venes de la ciudad cuenten con espacios dignos para su formaci\u00f3n. <\/p>\n\n\n\n<blockquote class=\"wp-block-quote is-layout-flow wp-block-quote-is-layout-flow\"><p>Desde el inicio de nuestro gobierno, la educaci\u00f3n es nuestra prioridad; hemos destinado los recursos necesarios de forma estrat\u00e9gica y transparente. Nos hemos dedicado a cerrar brechas para que ning\u00fan ni\u00f1o, ni\u00f1a o joven en edad escolar se quede fuera del sistema educativo, porque el acceso a la educaci\u00f3n es un derecho universal\u201d, enfatiz\u00f3 la alcaldesa.<\/p><\/blockquote>\n\n\n\n<p class=\"wp-block-paragraph\">Agreg\u00f3 que el Gobierno Municipal apoya a los estudiantes con Transporte Escolar a m\u00e1s de mil 300 estudiantes&nbsp; de educaci\u00f3n b\u00e1sica y media superior;&nbsp; adem\u00e1s,&nbsp; a partir del 28 de\nseptiembre, iniciar\u00e1 la entrega de uniformes, mochilas y&nbsp; \u00fatiles escolares para los alumnos de preescolar, primaria y secundaria.<\/p>\n\n\n\n<p class=\"wp-block-paragraph\">La escritora atestigu\u00f3&nbsp; en la preparatoria que lleva su nombre, el cumplimiento de los objetivos\nplanteados por el Gobierno Municipal para impulsar la educaci\u00f3n.<\/p>\n\n\n\n<blockquote class=\"wp-block-quote is-layout-flow wp-block-quote-is-layout-flow\"><p>Es un honor lo que hacen, agradezco esta invitaci\u00f3n y es un gusto estar aqu\u00ed; a los estudiantes les digo que cuiden esta escuela, que la preserven y se esfuercen para salir adelante\u201d, expres\u00f3.<\/p><\/blockquote>\n\n\n\n<p class=\"wp-block-paragraph\">El municipio beneficiar\u00e1 tambi\u00e9n a miles de estudiantes con la convocatoria para becas \u201cUna Nueva Era\u201d para el ciclo escolar 2022-2023, en la que los padres de familia podr\u00e1n obtener una solicitud del 3 al 12 de\noctubre, en l\u00ednea y en 14 sedes. <\/p>\n\n\n\n<p class=\"wp-block-paragraph\">La presidenta municipal reconoci\u00f3 la amplia trayectoria de Poniatowska y enfatiz\u00f3 que la educaci\u00f3n es una prioridad en su gobierno. <\/p>\n\n\n\n<blockquote class=\"wp-block-quote is-layout-flow wp-block-quote-is-layout-flow\"><p>Saludo con mucho gusto a nuestra amiga la escritora Elena Poniatowska Amor, creadora de un rico mundo de ficci\u00f3n, relacionado siempre con los acontecimientos,&nbsp; movimientos sociales y personajes del M\u00e9xico contempor\u00e1neo;&nbsp; una escritora que ha dejado una importante huella en la memoria de nuestro pa\u00eds, de Nuevo Laredo y el mundo entero\u201d, destac\u00f3.<\/p><\/blockquote>\n\n\n\n<p class=\"wp-block-paragraph\">La alcaldesa, junto a s\u00edndicos y regidores, as\u00ed como la renombrada escritora, develaron una placa con la que se ratifica el compromiso del Gobierno municipal por la educaci\u00f3n <\/p>\n\n\n\n<p class=\"wp-block-paragraph\">En el evento estuvieron presentes: el Secretario de Educaci\u00f3n, Cultura y Deporte, H\u00e9ctor Adolfo Mondrag\u00f3n Mass; el director de Educaci\u00f3n Municipal, Francisco Javier Altamirano Carrasco; el director de Arte y Cultura Municipal, Marcos Rodr\u00edguez Leija. <\/p>\n\n\n\n<p class=\"wp-block-paragraph\">Tambi\u00e9n asistieron alumnos y docentes de la preparatoria municipal \u201cElena Poniatowska\u201d, autoridades municipales y literarios participantes en el encuentro de escritores \u201cLetras en la Frontera 2022\u201d. <\/p>\n","protected":false},"excerpt":{"rendered":"<p>NUEVO LAREDO.- La alcaldesa, Carmen Lilia Canturosas Villarreal, acompa\u00f1ada de la escritora Elena Poniatowska, quien fungi\u00f3 como testigo<\/p>\n","protected":false},"author":1,"featured_media":392,"comment_status":"open","ping_status":"open","sticky":false,"template":"","format":"standard","meta":{"_crdt_document":"","_jetpack_memberships_contains_paid_content":false,"footnotes":"","jetpack_publicize_message":"La alcaldesa se\u00f1ala que es una de las prioridades de su gobierno","jetpack_publicize_feature_enabled":true,"jetpack_social_post_already_shared":true,"jetpack_social_options":{"image_generator_settings":{"template":"highway","default_image_id":0,"font":"","enabled":false},"version":2},"_wpas_customize_per_network":false},"categories":[5],"tags":[],"class_list":["post-391","post","type-post","status-publish","format-standard","has-post-thumbnail","hentry","category-dos-laredos"],"magazineBlocksPostFeaturedMedia":{"thumbnail":"https:\/\/pornuestrolaredo.com\/wp-content\/uploads\/2022\/09\/PNL-20220922-9-150x150.jpeg","medium":"https:\/\/pornuestrolaredo.com\/wp-content\/uploads\/2022\/09\/PNL-20220922-9-300x200.jpeg","medium_large":"https:\/\/pornuestrolaredo.com\/wp-content\/uploads\/2022\/09\/PNL-20220922-9-768x512.jpeg","large":"https:\/\/pornuestrolaredo.com\/wp-content\/uploads\/2022\/09\/PNL-20220922-9-1024x682.jpeg","1536x1536":"https:\/\/pornuestrolaredo.com\/wp-content\/uploads\/2022\/09\/PNL-20220922-9.jpeg","2048x2048":"https:\/\/pornuestrolaredo.com\/wp-content\/uploads\/2022\/09\/PNL-20220922-9.jpeg","morenews-large":"https:\/\/pornuestrolaredo.com\/wp-content\/uploads\/2022\/09\/PNL-20220922-9.jpeg","morenews-medium":"https:\/\/pornuestrolaredo.com\/wp-content\/uploads\/2022\/09\/PNL-20220922-9.jpeg"},"magazineBlocksPostAuthor":{"name":"Redactor","avatar":"https:\/\/pornuestrolaredo.com\/wp-content\/litespeed\/avatar\/dca1d7ec750c399f025f23b0b314f4cf.jpg?ver=1777007253"},"magazineBlocksPostCommentsNumber":false,"magazineBlocksPostExcerpt":"NUEVO LAREDO.- La alcaldesa, Carmen Lilia Canturosas Villarreal, acompa\u00f1ada de la escritora Elena Poniatowska, quien fungi\u00f3 como testigo","magazineBlocksPostCategories":["Dos Laredos"],"magazineBlocksPostViewCount":142,"magazineBlocksPostReadTime":3,"magazine_blocks_featured_image_url":{"full":["https:\/\/pornuestrolaredo.com\/wp-content\/uploads\/2022\/09\/PNL-20220922-9.jpeg",1280,853,false],"medium":["https:\/\/pornuestrolaredo.com\/wp-content\/uploads\/2022\/09\/PNL-20220922-9-300x200.jpeg",300,200,true],"thumbnail":["https:\/\/pornuestrolaredo.com\/wp-content\/uploads\/2022\/09\/PNL-20220922-9-150x150.jpeg",150,150,true]},"magazine_blocks_author":{"display_name":"Redactor","author_link":"https:\/\/pornuestrolaredo.com\/?author=1"},"magazine_blocks_comment":0,"magazine_blocks_author_image":"https:\/\/pornuestrolaredo.com\/wp-content\/litespeed\/avatar\/dca1d7ec750c399f025f23b0b314f4cf.jpg?ver=1777007253","magazine_blocks_category":"<a href=\"#\" class=\"category-link category-link-5\">Dos Laredos<\/a>","jetpack_publicize_connections":[],"featured_image_urls":{"full":["https:\/\/pornuestrolaredo.com\/wp-content\/uploads\/2022\/09\/PNL-20220922-9.jpeg",1280,853,false],"thumbnail":["https:\/\/pornuestrolaredo.com\/wp-content\/uploads\/2022\/09\/PNL-20220922-9-150x150.jpeg",150,150,true],"medium":["https:\/\/pornuestrolaredo.com\/wp-content\/uploads\/2022\/09\/PNL-20220922-9-300x200.jpeg",300,200,true],"medium_large":["https:\/\/pornuestrolaredo.com\/wp-content\/uploads\/2022\/09\/PNL-20220922-9-768x512.jpeg",640,427,true],"large":["https:\/\/pornuestrolaredo.com\/wp-content\/uploads\/2022\/09\/PNL-20220922-9-1024x682.jpeg",640,426,true],"1536x1536":["https:\/\/pornuestrolaredo.com\/wp-content\/uploads\/2022\/09\/PNL-20220922-9.jpeg",1280,853,false],"2048x2048":["https:\/\/pornuestrolaredo.com\/wp-content\/uploads\/2022\/09\/PNL-20220922-9.jpeg",1280,853,false],"morenews-large":["https:\/\/pornuestrolaredo.com\/wp-content\/uploads\/2022\/09\/PNL-20220922-9.jpeg",825,550,false],"morenews-medium":["https:\/\/pornuestrolaredo.com\/wp-content\/uploads\/2022\/09\/PNL-20220922-9.jpeg",590,393,false]},"author_info":{"info":["Redactor"]},"category_info":"<a href=\"https:\/\/pornuestrolaredo.com\/?cat=5\" rel=\"category\">Dos Laredos<\/a>","tag_info":"Dos Laredos","comment_count":"0","jetpack_featured_media_url":"https:\/\/pornuestrolaredo.com\/wp-content\/uploads\/2022\/09\/PNL-20220922-9.jpeg","jetpack_sharing_enabled":true,"_links":{"self":[{"href":"https:\/\/pornuestrolaredo.com\/index.php?rest_route=\/wp\/v2\/posts\/391","targetHints":{"allow":["GET"]}}],"collection":[{"href":"https:\/\/pornuestrolaredo.com\/index.php?rest_route=\/wp\/v2\/posts"}],"about":[{"href":"https:\/\/pornuestrolaredo.com\/index.php?rest_route=\/wp\/v2\/types\/post"}],"author":[{"embeddable":true,"href":"https:\/\/pornuestrolaredo.com\/index.php?rest_route=\/wp\/v2\/users\/1"}],"replies":[{"embeddable":true,"href":"https:\/\/pornuestrolaredo.com\/index.php?rest_route=%2Fwp%2Fv2%2Fcomments&post=391"}],"version-history":[{"count":1,"href":"https:\/\/pornuestrolaredo.com\/index.php?rest_route=\/wp\/v2\/posts\/391\/revisions"}],"predecessor-version":[{"id":393,"href":"https:\/\/pornuestrolaredo.com\/index.php?rest_route=\/wp\/v2\/posts\/391\/revisions\/393"}],"wp:featuredmedia":[{"embeddable":true,"href":"https:\/\/pornuestrolaredo.com\/index.php?rest_route=\/wp\/v2\/media\/392"}],"wp:attachment":[{"href":"https:\/\/pornuestrolaredo.com\/index.php?rest_route=%2Fwp%2Fv2%2Fmedia&parent=391"}],"wp:term":[{"taxonomy":"category","embeddable":true,"href":"https:\/\/pornuestrolaredo.com\/index.php?rest_route=%2Fwp%2Fv2%2Fcategories&post=391"},{"taxonomy":"post_tag","embeddable":true,"href":"https:\/\/pornuestrolaredo.com\/index.php?rest_route=%2Fwp%2Fv2%2Ftags&post=391"}],"curies":[{"name":"wp","href":"https:\/\/api.w.org\/{rel}","templated":true}]}}