{"id":3911,"date":"2024-03-01T05:18:48","date_gmt":"2024-03-01T05:18:48","guid":{"rendered":"https:\/\/pornuestrolaredo.com\/?p=3911"},"modified":"2024-03-01T05:32:17","modified_gmt":"2024-03-01T05:32:17","slug":"3911","status":"publish","type":"post","link":"https:\/\/pornuestrolaredo.com\/?p=3911","title":{"rendered":"Apple descarta construir un auto el\u00e9ctrico"},"content":{"rendered":"<p><strong>NUEVA YORK.-<\/strong><em> Cuando surgi\u00f3 el iPhone, el mundo de la telefon\u00eda cambi\u00f3 para siempre y por esa raz\u00f3n, muchos amantes de la tecnolog\u00eda esperaban que Apple lanzara su autom\u00f3vil 100 por ciento el\u00e9ctrico, las expectativas eran muy altas. Por desgracia, no ocurrir\u00e1.<\/p>\n<p>La La compa\u00f1\u00eda de Cupertino ha comunicado de manera interna que ya no trabajar\u00e1 en su proyecto para construir un coche el\u00e9ctrico. Dieron carpetazo al Project Titan, que es como se le conoc\u00eda a la iniciativa.<\/p>\n<p>Seg\u00fan Bloomberg, los empleados que estaban involucrados en el desarrollo del ambicioso veh\u00edculo ser\u00e1n transferidos a la divisi\u00f3n de inteligencia artificial de la firma dirigida por Tim Cook.<\/p>\n<p>La decisi\u00f3n fue dada a conocer este martes por el director de operaciones de Apple, Jeff Williams, y por uno de los m\u00e1ximos responsables del proyecto de movilidad, Kevin Lynch. No se trat\u00f3 de un anuncio p\u00fablico, sino de un anuncio privado para los cerca de 2 mil miembros del proyecto. La idea de construir un coche el\u00e9ctrico ha sido uno de los secretos mejores guardados de la compa\u00f1\u00eda, ya que su existencia se basaba principalmente en rumores.<\/p>\n<p>El esfuerzo de Apple por entrar al mundo de la movilidad el\u00e9ctrica con su propio veh\u00edculo se hab\u00eda extendido por m\u00e1s de una d\u00e9cada y traducido, adem\u00e1s, en una inversi\u00f3n multimillonaria. Sin embargo, los desaf\u00edos para la firma han estado presentes desde que empez\u00f3 a dar los primeros pasos en esta nueva industria, lo que oblig\u00f3 al proyecto a ir mutando. Los rumores m\u00e1s recientes se\u00f1alaban que la compa\u00f1\u00eda hab\u00eda reducido dr\u00e1sticamente su ambici\u00f3n.<\/p>\n<p>Fuentes cercanas al proyecto se\u00f1alaron que Apple imaginaba un coche tecnol\u00f3gicamente avanzado con un sistema de asistencia a la conducci\u00f3n de nivel 5, tambi\u00e9n conocido en el sector como &#8220;automatizaci\u00f3n completa&#8221;. Lejos de poder alcanzar este nivel, el objetivo se rebaj\u00f3 a nivel 4 de &#8220;automatizaci\u00f3n elevada&#8221;, aunque m\u00e1s tarde se acab\u00f3 escogiendo un nivel 2+, similar al que equipan los coches comercializados por Tesla.<\/p>\n<p>Pese a las dificultades que se presentaban por el camino, Apple segu\u00eda apostando por el proyecto, aunque dilatando internamente su fecha de lanzamiento. Al principio se pensaba que llegar\u00eda en 2025, despu\u00e9s en 2026 y finalmente en 2028. Se esperaba que el coche costara alrededor de 100 mil d\u00f3lares, pero los cambios en el proyecto empezaron a comprometer los m\u00e1rgenes de beneficio que pod\u00eda obtener la compa\u00f1\u00eda con un ajuste del precio.<\/p>\n<p>As\u00ed que Apple empez\u00f3 el 2024 destinando una importante cantidad de recursos a un proyecto que hab\u00eda cambiado demasiado desde sus or\u00edgenes y que, posiblemente, no se convertir\u00eda en realidad. La decisi\u00f3n de la c\u00fapula de la compa\u00f1\u00eda ha sido dejar esta idea atr\u00e1s y enfocarse en sus proyectos de inteligencia artificial. Como decimos, los empleados del proyecto han empezado a ser transferidos a esta otra divisi\u00f3n de Apple, pero no todos. En Bloomberg apuntan a que &#8220;habr\u00e1 despidos&#8221;, pero no especifican una cantidad. Los afectados ser\u00edan principalmente ingenieros de hardware y otros profesionales cuyo talento est\u00e1 directamente relacionado a la industria de la automoci\u00f3n.<\/p>\n","protected":false},"excerpt":{"rendered":"<p>Ante la probabilidad de no conseguir grandes ganancias, deciden mejor apostar por la inteligencia artificial<\/p>\n","protected":false},"author":1,"featured_media":3912,"comment_status":"open","ping_status":"open","sticky":false,"template":"","format":"standard","meta":{"_crdt_document":"","_jetpack_memberships_contains_paid_content":false,"footnotes":"","jetpack_publicize_message":"","jetpack_publicize_feature_enabled":true,"jetpack_social_post_already_shared":true,"jetpack_social_options":{"image_generator_settings":{"template":"highway","default_image_id":0,"font":"","enabled":false},"version":2},"_wpas_customize_per_network":false},"categories":[9],"tags":[],"class_list":["post-3911","post","type-post","status-publish","format-standard","has-post-thumbnail","hentry","category-el-mundo"],"magazineBlocksPostFeaturedMedia":{"thumbnail":"https:\/\/pornuestrolaredo.com\/wp-content\/uploads\/2024\/03\/Stereo91-20240228-3-150x150.jpg","medium":"https:\/\/pornuestrolaredo.com\/wp-content\/uploads\/2024\/03\/Stereo91-20240228-3-300x169.jpg","medium_large":"https:\/\/pornuestrolaredo.com\/wp-content\/uploads\/2024\/03\/Stereo91-20240228-3-768x432.jpg","large":"https:\/\/pornuestrolaredo.com\/wp-content\/uploads\/2024\/03\/Stereo91-20240228-3.jpg","1536x1536":"https:\/\/pornuestrolaredo.com\/wp-content\/uploads\/2024\/03\/Stereo91-20240228-3.jpg","2048x2048":"https:\/\/pornuestrolaredo.com\/wp-content\/uploads\/2024\/03\/Stereo91-20240228-3.jpg","morenews-large":"https:\/\/pornuestrolaredo.com\/wp-content\/uploads\/2024\/03\/Stereo91-20240228-3.jpg","morenews-medium":"https:\/\/pornuestrolaredo.com\/wp-content\/uploads\/2024\/03\/Stereo91-20240228-3.jpg"},"magazineBlocksPostAuthor":{"name":"Redactor","avatar":"https:\/\/pornuestrolaredo.com\/wp-content\/litespeed\/avatar\/dca1d7ec750c399f025f23b0b314f4cf.jpg?ver=1777612120"},"magazineBlocksPostCommentsNumber":false,"magazineBlocksPostExcerpt":"Ante la probabilidad de no conseguir grandes ganancias, deciden mejor apostar por la inteligencia artificial","magazineBlocksPostCategories":["El Mundo"],"magazineBlocksPostViewCount":139,"magazineBlocksPostReadTime":3,"magazine_blocks_featured_image_url":{"full":["https:\/\/pornuestrolaredo.com\/wp-content\/uploads\/2024\/03\/Stereo91-20240228-3.jpg",850,478,false],"medium":["https:\/\/pornuestrolaredo.com\/wp-content\/uploads\/2024\/03\/Stereo91-20240228-3-300x169.jpg",300,169,true],"thumbnail":["https:\/\/pornuestrolaredo.com\/wp-content\/uploads\/2024\/03\/Stereo91-20240228-3-150x150.jpg",150,150,true]},"magazine_blocks_author":{"display_name":"Redactor","author_link":"https:\/\/pornuestrolaredo.com\/?author=1"},"magazine_blocks_comment":0,"magazine_blocks_author_image":"https:\/\/pornuestrolaredo.com\/wp-content\/litespeed\/avatar\/dca1d7ec750c399f025f23b0b314f4cf.jpg?ver=1777612120","magazine_blocks_category":"<a href=\"#\" class=\"category-link category-link-9\">El Mundo<\/a>","jetpack_publicize_connections":[],"featured_image_urls":{"full":["https:\/\/pornuestrolaredo.com\/wp-content\/uploads\/2024\/03\/Stereo91-20240228-3.jpg",850,478,false],"thumbnail":["https:\/\/pornuestrolaredo.com\/wp-content\/uploads\/2024\/03\/Stereo91-20240228-3-150x150.jpg",150,150,true],"medium":["https:\/\/pornuestrolaredo.com\/wp-content\/uploads\/2024\/03\/Stereo91-20240228-3-300x169.jpg",300,169,true],"medium_large":["https:\/\/pornuestrolaredo.com\/wp-content\/uploads\/2024\/03\/Stereo91-20240228-3-768x432.jpg",640,360,true],"large":["https:\/\/pornuestrolaredo.com\/wp-content\/uploads\/2024\/03\/Stereo91-20240228-3.jpg",640,360,false],"1536x1536":["https:\/\/pornuestrolaredo.com\/wp-content\/uploads\/2024\/03\/Stereo91-20240228-3.jpg",850,478,false],"2048x2048":["https:\/\/pornuestrolaredo.com\/wp-content\/uploads\/2024\/03\/Stereo91-20240228-3.jpg",850,478,false],"morenews-large":["https:\/\/pornuestrolaredo.com\/wp-content\/uploads\/2024\/03\/Stereo91-20240228-3.jpg",825,464,false],"morenews-medium":["https:\/\/pornuestrolaredo.com\/wp-content\/uploads\/2024\/03\/Stereo91-20240228-3.jpg",590,332,false]},"author_info":{"info":["Redactor"]},"category_info":"<a href=\"https:\/\/pornuestrolaredo.com\/?cat=9\" rel=\"category\">El Mundo<\/a>","tag_info":"El Mundo","comment_count":"0","jetpack_featured_media_url":"https:\/\/pornuestrolaredo.com\/wp-content\/uploads\/2024\/03\/Stereo91-20240228-3.jpg","jetpack_sharing_enabled":true,"_links":{"self":[{"href":"https:\/\/pornuestrolaredo.com\/index.php?rest_route=\/wp\/v2\/posts\/3911","targetHints":{"allow":["GET"]}}],"collection":[{"href":"https:\/\/pornuestrolaredo.com\/index.php?rest_route=\/wp\/v2\/posts"}],"about":[{"href":"https:\/\/pornuestrolaredo.com\/index.php?rest_route=\/wp\/v2\/types\/post"}],"author":[{"embeddable":true,"href":"https:\/\/pornuestrolaredo.com\/index.php?rest_route=\/wp\/v2\/users\/1"}],"replies":[{"embeddable":true,"href":"https:\/\/pornuestrolaredo.com\/index.php?rest_route=%2Fwp%2Fv2%2Fcomments&post=3911"}],"version-history":[{"count":2,"href":"https:\/\/pornuestrolaredo.com\/index.php?rest_route=\/wp\/v2\/posts\/3911\/revisions"}],"predecessor-version":[{"id":3914,"href":"https:\/\/pornuestrolaredo.com\/index.php?rest_route=\/wp\/v2\/posts\/3911\/revisions\/3914"}],"wp:featuredmedia":[{"embeddable":true,"href":"https:\/\/pornuestrolaredo.com\/index.php?rest_route=\/wp\/v2\/media\/3912"}],"wp:attachment":[{"href":"https:\/\/pornuestrolaredo.com\/index.php?rest_route=%2Fwp%2Fv2%2Fmedia&parent=3911"}],"wp:term":[{"taxonomy":"category","embeddable":true,"href":"https:\/\/pornuestrolaredo.com\/index.php?rest_route=%2Fwp%2Fv2%2Fcategories&post=3911"},{"taxonomy":"post_tag","embeddable":true,"href":"https:\/\/pornuestrolaredo.com\/index.php?rest_route=%2Fwp%2Fv2%2Ftags&post=3911"}],"curies":[{"name":"wp","href":"https:\/\/api.w.org\/{rel}","templated":true}]}}