{"id":3915,"date":"2024-03-01T05:42:29","date_gmt":"2024-03-01T05:42:29","guid":{"rendered":"https:\/\/pornuestrolaredo.com\/?p=3915"},"modified":"2024-03-01T05:42:29","modified_gmt":"2024-03-01T05:42:29","slug":"bloquea-juez-ley-que-permite-a-policias-arrestar-a-migrantes","status":"publish","type":"post","link":"https:\/\/pornuestrolaredo.com\/?p=3915","title":{"rendered":"Bloquea juez ley que permite a polic\u00edas arrestar a migrantes"},"content":{"rendered":"<p><strong><em>AUSTIN, Texas.-<\/em><\/strong> Un juez federal bloque\u00f3 el jueves una nueva ley de Texas que permitir\u00eda a la polic\u00eda arrestar a migrantes sospechosos de haber entrado ilegalmente a Estados Unidos, en una victoria para el gobierno del presidente Joe Biden en su disputa con el gobernador republicano Greg Abbott sobre el tema migratorio.<\/p>\n<p>La orden preliminar del juez David Ezra deja en pausa una ley que iba a entrar en vigencia el 5 de marzo y se produjo mientras Biden y su probable contrincante republicano Donald Trump visitan la frontera sur de Texas para hablar de temas migratorios.<\/p>\n<p>La fiscal\u00eda general de Texas inmediatamente apel\u00f3 el fallo, seg\u00fan un comunicado emitido el jueves.<\/p>\n<p>En su propio comunicado, Abbott culp\u00f3 a Biden por el ingreso de migrantes.<\/p>\n<blockquote><p>No cederemos en nuestra lucha por proteger a nuestro estado, y a nuestra naci\u00f3n\u201d, expresa Abbott en su comunicado.<\/p><\/blockquote>\n<blockquote><p>Texas tiene derecho a defenderse por el continuo fracaso del presidente Biden de cumplir con su deber de proteger a nuestro estado de la invasi\u00f3n en nuestra frontera sur\u201d, a\u00f1adi\u00f3. vaticinando que el caso eventualmente llegar\u00e1 a la Corte Suprema.<\/p><\/blockquote>\n<p>Los cr\u00edticos de la ley dicen que es la iniciativa de un estado m\u00e1s dram\u00e1tica por restringir la inmigraci\u00f3n desde una aprobada en Arizona en 2010 y que los opositores apodaban como \u201cLa Ley Muestra Tus Papeles\u201d. La Corte Suprema de Estados Unidos anul\u00f3 parcialmente la ley de Arizona, pero algunos l\u00edderes republicanos de Texas, que suelen referirse al flujo migratorio como \u201cinvasi\u00f3n\u201d, quieren que ese fallo sea revisado.<\/p>\n<p>Ezra mencion\u00f3 la cl\u00e1usula de supremac\u00eda de la Constituci\u00f3n y varias decisiones de la Corte Suprema como factores que contribuyeron a su decisi\u00f3n. Dijo que la ley de Texas entrar\u00eda en conflicto con la ley federal de inmigraci\u00f3n, as\u00ed como con las relaciones exteriores y las obligaciones adquiridas en tratados por Estados Unidos.<\/p>\n<p>Permitir que Texas \u201creemplace permanentemente las directivas federales\u201d debido a una presunta invasi\u00f3n \u201cequivaldr\u00eda a la anulaci\u00f3n de la ley y la autoridad federal, una idea que es antit\u00e9tica con la Constituci\u00f3n y ha sido rechazada inequ\u00edvocamente por tribunales federales desde la Guerra Civil\u201d, escribi\u00f3 el juez.<\/p>\n<p>Al mencionar la decisi\u00f3n de la Corte Suprema sobre la ley de Arizona, Ezra escribi\u00f3 que la ley de Texas no es ejecutable, y refut\u00f3 las afirmaciones de funcionarios del estado, seg\u00fan las cuales las grandes cantidades de cruces fronterizos no autorizados constitu\u00edan una \u201cinvasi\u00f3n\u201d.<\/p>\n<p>La demanda es una de las varias batallas legales entre Texas y el gobierno de Biden sobre qu\u00e9 tan lejos puede ir el estado para tratar de evitar que los migrantes crucen la frontera.<\/p>\n","protected":false},"excerpt":{"rendered":"<p>Pone en pausa la legislaci\u00f3n que deber\u00eda ponerse en vigor en Texas a partir del 5 de marzo<\/p>\n","protected":false},"author":1,"featured_media":3916,"comment_status":"closed","ping_status":"closed","sticky":false,"template":"","format":"standard","meta":{"_crdt_document":"","_jetpack_memberships_contains_paid_content":false,"footnotes":"","jetpack_publicize_message":"","jetpack_publicize_feature_enabled":true,"jetpack_social_post_already_shared":true,"jetpack_social_options":{"image_generator_settings":{"template":"highway","default_image_id":0,"font":"","enabled":false},"version":2},"_wpas_customize_per_network":false},"categories":[9],"tags":[],"class_list":["post-3915","post","type-post","status-publish","format-standard","has-post-thumbnail","hentry","category-el-mundo"],"magazineBlocksPostFeaturedMedia":{"thumbnail":"https:\/\/pornuestrolaredo.com\/wp-content\/uploads\/2024\/03\/Stereo91-20240229-2-150x150.jpg","medium":"https:\/\/pornuestrolaredo.com\/wp-content\/uploads\/2024\/03\/Stereo91-20240229-2-300x170.jpg","medium_large":"https:\/\/pornuestrolaredo.com\/wp-content\/uploads\/2024\/03\/Stereo91-20240229-2-768x436.jpg","large":"https:\/\/pornuestrolaredo.com\/wp-content\/uploads\/2024\/03\/Stereo91-20240229-2.jpg","1536x1536":"https:\/\/pornuestrolaredo.com\/wp-content\/uploads\/2024\/03\/Stereo91-20240229-2.jpg","2048x2048":"https:\/\/pornuestrolaredo.com\/wp-content\/uploads\/2024\/03\/Stereo91-20240229-2.jpg","morenews-large":"https:\/\/pornuestrolaredo.com\/wp-content\/uploads\/2024\/03\/Stereo91-20240229-2.jpg","morenews-medium":"https:\/\/pornuestrolaredo.com\/wp-content\/uploads\/2024\/03\/Stereo91-20240229-2.jpg"},"magazineBlocksPostAuthor":{"name":"Redactor","avatar":"https:\/\/pornuestrolaredo.com\/wp-content\/litespeed\/avatar\/dca1d7ec750c399f025f23b0b314f4cf.jpg?ver=1777612120"},"magazineBlocksPostCommentsNumber":false,"magazineBlocksPostExcerpt":"Pone en pausa la legislaci\u00f3n que deber\u00eda ponerse en vigor en Texas a partir del 5 de marzo","magazineBlocksPostCategories":["El Mundo"],"magazineBlocksPostViewCount":152,"magazineBlocksPostReadTime":3,"magazine_blocks_featured_image_url":{"full":["https:\/\/pornuestrolaredo.com\/wp-content\/uploads\/2024\/03\/Stereo91-20240229-2.jpg",980,556,false],"medium":["https:\/\/pornuestrolaredo.com\/wp-content\/uploads\/2024\/03\/Stereo91-20240229-2-300x170.jpg",300,170,true],"thumbnail":["https:\/\/pornuestrolaredo.com\/wp-content\/uploads\/2024\/03\/Stereo91-20240229-2-150x150.jpg",150,150,true]},"magazine_blocks_author":{"display_name":"Redactor","author_link":"https:\/\/pornuestrolaredo.com\/?author=1"},"magazine_blocks_comment":0,"magazine_blocks_author_image":"https:\/\/pornuestrolaredo.com\/wp-content\/litespeed\/avatar\/dca1d7ec750c399f025f23b0b314f4cf.jpg?ver=1777612120","magazine_blocks_category":"<a href=\"#\" class=\"category-link category-link-9\">El Mundo<\/a>","jetpack_publicize_connections":[],"featured_image_urls":{"full":["https:\/\/pornuestrolaredo.com\/wp-content\/uploads\/2024\/03\/Stereo91-20240229-2.jpg",980,556,false],"thumbnail":["https:\/\/pornuestrolaredo.com\/wp-content\/uploads\/2024\/03\/Stereo91-20240229-2-150x150.jpg",150,150,true],"medium":["https:\/\/pornuestrolaredo.com\/wp-content\/uploads\/2024\/03\/Stereo91-20240229-2-300x170.jpg",300,170,true],"medium_large":["https:\/\/pornuestrolaredo.com\/wp-content\/uploads\/2024\/03\/Stereo91-20240229-2-768x436.jpg",640,363,true],"large":["https:\/\/pornuestrolaredo.com\/wp-content\/uploads\/2024\/03\/Stereo91-20240229-2.jpg",640,363,false],"1536x1536":["https:\/\/pornuestrolaredo.com\/wp-content\/uploads\/2024\/03\/Stereo91-20240229-2.jpg",980,556,false],"2048x2048":["https:\/\/pornuestrolaredo.com\/wp-content\/uploads\/2024\/03\/Stereo91-20240229-2.jpg",980,556,false],"morenews-large":["https:\/\/pornuestrolaredo.com\/wp-content\/uploads\/2024\/03\/Stereo91-20240229-2.jpg",825,468,false],"morenews-medium":["https:\/\/pornuestrolaredo.com\/wp-content\/uploads\/2024\/03\/Stereo91-20240229-2.jpg",590,335,false]},"author_info":{"info":["Redactor"]},"category_info":"<a href=\"https:\/\/pornuestrolaredo.com\/?cat=9\" rel=\"category\">El Mundo<\/a>","tag_info":"El Mundo","comment_count":"0","jetpack_featured_media_url":"https:\/\/pornuestrolaredo.com\/wp-content\/uploads\/2024\/03\/Stereo91-20240229-2.jpg","jetpack_sharing_enabled":true,"_links":{"self":[{"href":"https:\/\/pornuestrolaredo.com\/index.php?rest_route=\/wp\/v2\/posts\/3915","targetHints":{"allow":["GET"]}}],"collection":[{"href":"https:\/\/pornuestrolaredo.com\/index.php?rest_route=\/wp\/v2\/posts"}],"about":[{"href":"https:\/\/pornuestrolaredo.com\/index.php?rest_route=\/wp\/v2\/types\/post"}],"author":[{"embeddable":true,"href":"https:\/\/pornuestrolaredo.com\/index.php?rest_route=\/wp\/v2\/users\/1"}],"replies":[{"embeddable":true,"href":"https:\/\/pornuestrolaredo.com\/index.php?rest_route=%2Fwp%2Fv2%2Fcomments&post=3915"}],"version-history":[{"count":1,"href":"https:\/\/pornuestrolaredo.com\/index.php?rest_route=\/wp\/v2\/posts\/3915\/revisions"}],"predecessor-version":[{"id":3917,"href":"https:\/\/pornuestrolaredo.com\/index.php?rest_route=\/wp\/v2\/posts\/3915\/revisions\/3917"}],"wp:featuredmedia":[{"embeddable":true,"href":"https:\/\/pornuestrolaredo.com\/index.php?rest_route=\/wp\/v2\/media\/3916"}],"wp:attachment":[{"href":"https:\/\/pornuestrolaredo.com\/index.php?rest_route=%2Fwp%2Fv2%2Fmedia&parent=3915"}],"wp:term":[{"taxonomy":"category","embeddable":true,"href":"https:\/\/pornuestrolaredo.com\/index.php?rest_route=%2Fwp%2Fv2%2Fcategories&post=3915"},{"taxonomy":"post_tag","embeddable":true,"href":"https:\/\/pornuestrolaredo.com\/index.php?rest_route=%2Fwp%2Fv2%2Ftags&post=3915"}],"curies":[{"name":"wp","href":"https:\/\/api.w.org\/{rel}","templated":true}]}}