{"id":3930,"date":"2024-03-02T02:33:21","date_gmt":"2024-03-02T02:33:21","guid":{"rendered":"https:\/\/pornuestrolaredo.com\/?p=3930"},"modified":"2024-03-02T02:33:21","modified_gmt":"2024-03-02T02:33:21","slug":"preocupa-a-fieles-la-salud-del-papa-francisco","status":"publish","type":"post","link":"https:\/\/pornuestrolaredo.com\/?p=3930","title":{"rendered":"Preocupa a fieles la salud del Papa Francisco"},"content":{"rendered":"<p><strong><em>CIUDAD DEL VATICANO.- <\/em><\/strong>El papa Francisco, que ha estado resfriado en los \u00faltimos d\u00edas, le pidi\u00f3 a un asistente que leyera el discurso que prepar\u00f3 en una conferencia realizada el viernes en el Vaticano, al se\u00f1alar que a\u00fan no estaba totalmente recuperado de su enfermedad m\u00e1s reciente \u2014lo cual ha generado preocupaciones sobre su capacidad de continuar encabezando a la Iglesia cat\u00f3lica romana.<\/p>\n<p>El pont\u00edfice de 87 a\u00f1os, que fue llevado a un hospital de Roma el mi\u00e9rcoles para una prueba diagn\u00f3stica tras tener que cancelar algunas audiencias p\u00fablicas, le entreg\u00f3 su discurso a su ayudante, monse\u00f1or Filippo Ciampanelli.<\/p>\n<blockquote><p>Todav\u00eda estoy resfriado y me cansa leer durante un buen rato\u201d, dijo. Francisco, que ha sido hospitalizado tres veces desde su ascenso al papado en 2013, comenz\u00f3 a usar una silla de ruedas y bast\u00f3n para caminar tras sufrir problemas de rodilla el a\u00f1o pasado.<\/p><\/blockquote>\n<p>En una alocuci\u00f3n improvisada al inicio de la conferencia de dos d\u00edas titulada \u201cHombre-mujer imagen de Dios. Por una antropolog\u00eda de las vocaciones\u201d, calific\u00f3 lo que denomin\u00f3 \u201cideolog\u00eda de g\u00e9nero\u201d como \u201cel peor peligro\u201d.<\/p>\n<blockquote><p>Es muy importante que se realice esta reuni\u00f3n, este encuentro entre hombres y mujeres\u201d, dijo al p\u00fablico.<\/p><\/blockquote>\n<blockquote><p>Porque el peor peligro de nuestro tiempo es la ideolog\u00eda de g\u00e9nero\u2026 Ped\u00ed estudios sobre esta fea ideolog\u00eda de nuestro tiempo, que borra las diferencias y hace que todo sea igual; borrar la diferencia es borrar la humanidad\u201d, se\u00f1al\u00f3.<\/p><\/blockquote>\n<p>El pont\u00edfice cancel\u00f3 citas el s\u00e1bado y el lunes pasados debido a un persistente pero \u201cleve resfriado\u201d, pero apareci\u00f3 como de costumbre para la bendici\u00f3n desde el balc\u00f3n de la plaza de San Pedro.<\/p>\n<p>La semana pasada, Francisco tosi\u00f3 varias veces cuando oficiaba los servicios del Mi\u00e9rcoles de Ceniza en una iglesia romana, y decidi\u00f3 no participar en la tradicional procesi\u00f3n que da inicio a la cuaresma.<\/p>\n<p>Cuando era joven, al papa de origen argentino se le extirp\u00f3 parte de un pulm\u00f3n debido a una infecci\u00f3n respiratoria, y en 2021 se le retir\u00f3 parte del colon por una inflamaci\u00f3n intestinal. Ha utilizado una silla de ruedas y bast\u00f3n desde el a\u00f1o pasado por esguinces en los ligamentos de la rodilla y una peque\u00f1a fractura que le ha dificultado caminar y estar de pie.<\/p>\n","protected":false},"excerpt":{"rendered":"<p>Pide a un asistente que leyera el discurso que prepar\u00f3 en una conferencia realizada el viernes en el Vaticano<\/p>\n","protected":false},"author":1,"featured_media":3931,"comment_status":"closed","ping_status":"closed","sticky":false,"template":"","format":"standard","meta":{"_crdt_document":"","_jetpack_memberships_contains_paid_content":false,"footnotes":"","jetpack_publicize_message":"","jetpack_publicize_feature_enabled":true,"jetpack_social_post_already_shared":true,"jetpack_social_options":{"image_generator_settings":{"template":"highway","default_image_id":0,"font":"","enabled":false},"version":2},"_wpas_customize_per_network":false},"categories":[9],"tags":[],"class_list":["post-3930","post","type-post","status-publish","format-standard","has-post-thumbnail","hentry","category-el-mundo"],"magazineBlocksPostFeaturedMedia":{"thumbnail":"https:\/\/pornuestrolaredo.com\/wp-content\/uploads\/2024\/03\/PNL-20240301-6-150x150.jpg","medium":"https:\/\/pornuestrolaredo.com\/wp-content\/uploads\/2024\/03\/PNL-20240301-6-300x186.jpg","medium_large":"https:\/\/pornuestrolaredo.com\/wp-content\/uploads\/2024\/03\/PNL-20240301-6-768x476.jpg","large":"https:\/\/pornuestrolaredo.com\/wp-content\/uploads\/2024\/03\/PNL-20240301-6.jpg","1536x1536":"https:\/\/pornuestrolaredo.com\/wp-content\/uploads\/2024\/03\/PNL-20240301-6.jpg","2048x2048":"https:\/\/pornuestrolaredo.com\/wp-content\/uploads\/2024\/03\/PNL-20240301-6.jpg","morenews-large":"https:\/\/pornuestrolaredo.com\/wp-content\/uploads\/2024\/03\/PNL-20240301-6.jpg","morenews-medium":"https:\/\/pornuestrolaredo.com\/wp-content\/uploads\/2024\/03\/PNL-20240301-6.jpg"},"magazineBlocksPostAuthor":{"name":"Redactor","avatar":"https:\/\/pornuestrolaredo.com\/wp-content\/litespeed\/avatar\/dca1d7ec750c399f025f23b0b314f4cf.jpg?ver=1777612120"},"magazineBlocksPostCommentsNumber":false,"magazineBlocksPostExcerpt":"Pide a un asistente que leyera el discurso que prepar\u00f3 en una conferencia realizada el viernes en el Vaticano","magazineBlocksPostCategories":["El Mundo"],"magazineBlocksPostViewCount":120,"magazineBlocksPostReadTime":3,"magazine_blocks_featured_image_url":{"full":["https:\/\/pornuestrolaredo.com\/wp-content\/uploads\/2024\/03\/PNL-20240301-6.jpg",980,608,false],"medium":["https:\/\/pornuestrolaredo.com\/wp-content\/uploads\/2024\/03\/PNL-20240301-6-300x186.jpg",300,186,true],"thumbnail":["https:\/\/pornuestrolaredo.com\/wp-content\/uploads\/2024\/03\/PNL-20240301-6-150x150.jpg",150,150,true]},"magazine_blocks_author":{"display_name":"Redactor","author_link":"https:\/\/pornuestrolaredo.com\/?author=1"},"magazine_blocks_comment":0,"magazine_blocks_author_image":"https:\/\/pornuestrolaredo.com\/wp-content\/litespeed\/avatar\/dca1d7ec750c399f025f23b0b314f4cf.jpg?ver=1777612120","magazine_blocks_category":"<a href=\"#\" class=\"category-link category-link-9\">El Mundo<\/a>","jetpack_publicize_connections":[],"featured_image_urls":{"full":["https:\/\/pornuestrolaredo.com\/wp-content\/uploads\/2024\/03\/PNL-20240301-6.jpg",980,608,false],"thumbnail":["https:\/\/pornuestrolaredo.com\/wp-content\/uploads\/2024\/03\/PNL-20240301-6-150x150.jpg",150,150,true],"medium":["https:\/\/pornuestrolaredo.com\/wp-content\/uploads\/2024\/03\/PNL-20240301-6-300x186.jpg",300,186,true],"medium_large":["https:\/\/pornuestrolaredo.com\/wp-content\/uploads\/2024\/03\/PNL-20240301-6-768x476.jpg",640,397,true],"large":["https:\/\/pornuestrolaredo.com\/wp-content\/uploads\/2024\/03\/PNL-20240301-6.jpg",640,397,false],"1536x1536":["https:\/\/pornuestrolaredo.com\/wp-content\/uploads\/2024\/03\/PNL-20240301-6.jpg",980,608,false],"2048x2048":["https:\/\/pornuestrolaredo.com\/wp-content\/uploads\/2024\/03\/PNL-20240301-6.jpg",980,608,false],"morenews-large":["https:\/\/pornuestrolaredo.com\/wp-content\/uploads\/2024\/03\/PNL-20240301-6.jpg",825,512,false],"morenews-medium":["https:\/\/pornuestrolaredo.com\/wp-content\/uploads\/2024\/03\/PNL-20240301-6.jpg",590,366,false]},"author_info":{"info":["Redactor"]},"category_info":"<a href=\"https:\/\/pornuestrolaredo.com\/?cat=9\" rel=\"category\">El Mundo<\/a>","tag_info":"El Mundo","comment_count":"0","jetpack_featured_media_url":"https:\/\/pornuestrolaredo.com\/wp-content\/uploads\/2024\/03\/PNL-20240301-6.jpg","jetpack_sharing_enabled":true,"_links":{"self":[{"href":"https:\/\/pornuestrolaredo.com\/index.php?rest_route=\/wp\/v2\/posts\/3930","targetHints":{"allow":["GET"]}}],"collection":[{"href":"https:\/\/pornuestrolaredo.com\/index.php?rest_route=\/wp\/v2\/posts"}],"about":[{"href":"https:\/\/pornuestrolaredo.com\/index.php?rest_route=\/wp\/v2\/types\/post"}],"author":[{"embeddable":true,"href":"https:\/\/pornuestrolaredo.com\/index.php?rest_route=\/wp\/v2\/users\/1"}],"replies":[{"embeddable":true,"href":"https:\/\/pornuestrolaredo.com\/index.php?rest_route=%2Fwp%2Fv2%2Fcomments&post=3930"}],"version-history":[{"count":1,"href":"https:\/\/pornuestrolaredo.com\/index.php?rest_route=\/wp\/v2\/posts\/3930\/revisions"}],"predecessor-version":[{"id":3932,"href":"https:\/\/pornuestrolaredo.com\/index.php?rest_route=\/wp\/v2\/posts\/3930\/revisions\/3932"}],"wp:featuredmedia":[{"embeddable":true,"href":"https:\/\/pornuestrolaredo.com\/index.php?rest_route=\/wp\/v2\/media\/3931"}],"wp:attachment":[{"href":"https:\/\/pornuestrolaredo.com\/index.php?rest_route=%2Fwp%2Fv2%2Fmedia&parent=3930"}],"wp:term":[{"taxonomy":"category","embeddable":true,"href":"https:\/\/pornuestrolaredo.com\/index.php?rest_route=%2Fwp%2Fv2%2Fcategories&post=3930"},{"taxonomy":"post_tag","embeddable":true,"href":"https:\/\/pornuestrolaredo.com\/index.php?rest_route=%2Fwp%2Fv2%2Ftags&post=3930"}],"curies":[{"name":"wp","href":"https:\/\/api.w.org\/{rel}","templated":true}]}}