{"id":3933,"date":"2024-03-02T02:45:48","date_gmt":"2024-03-02T02:45:48","guid":{"rendered":"https:\/\/pornuestrolaredo.com\/?p=3933"},"modified":"2024-03-02T02:45:48","modified_gmt":"2024-03-02T02:45:48","slug":"da-claudia-sheinbaum-a-conocer-parte-del-plan-de-nacion","status":"publish","type":"post","link":"https:\/\/pornuestrolaredo.com\/?p=3933","title":{"rendered":"Da Claudia Sheinbaum a conocer parte del Plan de Naci\u00f3n"},"content":{"rendered":"<p><strong><em>CIUDAD DE M\u00c9XICO.-<\/em><\/strong> Claudia Sheinbaum arranc\u00f3 su campa\u00f1a este viernes en el Z\u00f3calo de la Ciudad de M\u00e9xico.<\/p>\n<p>Al arrancar su discurso, la morenista dijo que la gente deber\u00e1 tomar una decisi\u00f3n hist\u00f3rica en la siguiente elecci\u00f3n.<\/p>\n<blockquote><p>Por el triunfo de la cuarta transformaci\u00f3n de la vida p\u00fablica, este 2 de junio el pueblo de M\u00e9xico tomar\u00e1 una decisi\u00f3n hist\u00f3rica; s\u00f3lo hay dos caminos a tomar este 2 de junio: uno, que siga la transformaci\u00f3n, el otro, que regrese la corrupci\u00f3n&#8221;, declar\u00f3 ante simpatizantes.<\/p><\/blockquote>\n<p>Pidi\u00f3 paciencia al aclarar que presentar\u00e1 los 100 puntos de su Programa de Naci\u00f3n.<br \/>\nLo primero, dijo, es una Rep\u00fablica democr\u00e1tica, justa y responsable.<\/p>\n<blockquote><p>Gobernar\u00e9 con la obligada divisi\u00f3n entre poder pol\u00edtico y poder econ\u00f3mico, nunca me someter\u00e9 a ning\u00fan poder econ\u00f3mico pol\u00edtico o extranjero, siempre trabajar\u00e9 por el inter\u00e9s supremo del pueblo de M\u00e9xico y de la naci\u00f3n&#8221;.<\/p><\/blockquote>\n<p>La candidata afirm\u00f3 que su gobierno garantizar\u00e1 las libertades de expresi\u00f3n, de prensa, de reuni\u00f3n, de movilizaci\u00f3n y que se respetar\u00e1n los derechos humanos.<\/p>\n<blockquote><p>Nunca usaremos la fuerza del Estado para reprimir al pueblo de M\u00e9xico. Respetaremos y garantizaremos el respeto a la libertad religiosa, pol\u00edtica, social, cultural y sexual de nuestra sociedad&#8221;.<\/p><\/blockquote>\n<p>Afirm\u00f3 que siempre habr\u00e1 buena voluntad para la coordinaci\u00f3n con Estados Unidos, pero que exigir\u00e1 tambi\u00e9n el respeto a la soberan\u00eda nacional.<\/p>\n<blockquote><p>Coordinaci\u00f3n s\u00ed, subordinaci\u00f3n no&#8221;, dijo ante los aplausos.<\/p><\/blockquote>\n<p>Entre las distintas propuestas planteadas destaca que las mujeres de 60 a 64 a\u00f1os reciban un apoyo bimestral equivalente a la mitad de la pensi\u00f3n de adultos mayores.<\/p>\n<p>En materia de salario m\u00ednimo, ofreci\u00f3 negociar con el sector empresarial para que \u00e9ste llegue a un equivalente de 2.5 millones canastas b\u00e1sicas diarias, lo que significar\u00eda un aumento de cerca del 11%.<\/p>\n<p>Otras de sus planteamientos es que todos los mexicanos, desde su nacimiento, queden afiliados al servicio p\u00fablico de salud.<\/p>\n<p>Asimismo, ofreci\u00f3 promover la obligatoriedad de la Seguridad Social para los repartidores de aplicaciones telef\u00f3nicas que son contratados en esquemas fuera de la ley.<\/p>\n<p>En materia de seguridad plante\u00f3 atender las causas de la violencia, consolidar la Guardia Nacional y su coordinaci\u00f3n con las polic\u00edas estatales, fortalecer la inteligencia, la investigaci\u00f3n y el trabajo conjunto para reducir la impunidad. Destac\u00f3 que invitar\u00e1 al Fiscal General de la Rep\u00fablica a que se integre a las reuniones del Gabinete.<\/p>\n<blockquote><p>No se trata de mano dura, de guerras o de autoritarismos, sino de justicia en un sentido amplio. El Gabinete de seguridad seguir\u00e1 reuni\u00e9ndose muy temprano en la ma\u00f1ana y, en pleno respeto a su autonom\u00eda, invitar\u00e9 al Fiscal General de la Rep\u00fablica a que participe en esas reuniones para fortalecer la coordinaci\u00f3n para la seguridad y la procuraci\u00f3n de justicia.<\/p><\/blockquote>\n<blockquote><p>Que se entienda bien. La construcci\u00f3n de la paz es una responsabilidad de todos los poderes y eso s\u00f3lo se logra con coordinaci\u00f3n&#8221;, dijo.<\/p><\/blockquote>\n<p>La candidata aclar\u00f3 que con el objetivo de atender a las mujeres v\u00edctimas de violencia crear\u00e1 un programa de ayuda como lo hizo en la Ciudad.<\/p>\n<p>Adem\u00e1s, se comprometi\u00f3 a impulsar que se haga obligatorio que cada homicidio de una mujer sea investigado como feminicidio.<\/p>\n<p>Se\u00f1al\u00f3 que promover\u00e1 cambios en la ley con el objetivo de establecer una articulaci\u00f3n entre la Guardia Nacional, las fiscal\u00edas estatales y la Fiscal\u00eda General de la Rep\u00fablica con el prop\u00f3sito de disminuir la impunidad.<\/p>\n<p>Lanz\u00f3 una cr\u00edtica al Poder Judicial al se\u00f1alar que \u00e9ste debe dejar de proteger los intereses de una minor\u00eda para tutelar los derechos establecidos en la Constituci\u00f3n, por lo que respald\u00f3 que jueces, magistrados y ministros sean electos por el pueblo, as\u00ed como la creaci\u00f3n de un Tribunal que sancione a los jueces corruptos.<\/p>\n<p>Desde el arranque de su discurso y en distintos pasajes de \u00e9ste, Claudia Sheinbaum reconoci\u00f3 el &#8220;humanismo mexicano&#8221; y agradeci\u00f3 al Presidente L\u00f3pez Obrador por los cambios hist\u00f3ricos impulsados por su Gobierno.<\/p>\n<blockquote><p>Tengo claro que nos tocar\u00e1, juntos y juntas guardar el legado de un hombre que est\u00e1 hoy en Palacio Nacional, que ha cambiado -para bien- la historia de nuestro pa\u00eds. AMLO nos ha ense\u00f1ado a no caernos frente a ninguna adversidad, a no arrodillarnos frente al poder del dinero, a confiar en el pueblo y su dignidad, y a que cuando hay revoluci\u00f3n de las conciencias y un pueblo se empodera y reconoce su fuerza y su historia, no hay nada que lo detenga&#8221;, asever\u00f3.<\/p><\/blockquote>\n<p>En su cierre, ofreci\u00f3 construir el segundo piso de la Cuarta Trasformaci\u00f3n y estar obligada a llevar a M\u00e9xico por el sendero de la paz, la seguridad, la democracia, las libertades y la justicia.<\/p>\n<blockquote><p>Vengo a comprometerme con ustedes y a decirle al pueblo de M\u00e9xico, en esta plaza maravillosa, coraz\u00f3n de la patria, que protesto ante ustedes, a no mentir, no robar y no traicionar nunca al pueblo de M\u00e9xico, ni la dignidad de la Rep\u00fablica&#8221;, sentenci\u00f3.<\/p><\/blockquote>\n","protected":false},"excerpt":{"rendered":"<p>Se\u00f1ala que son 100 puntos y lo primero es una Rep\u00fablica democr\u00e1tica, justa y responsable<\/p>\n","protected":false},"author":1,"featured_media":3934,"comment_status":"open","ping_status":"open","sticky":false,"template":"","format":"standard","meta":{"_crdt_document":"","_jetpack_memberships_contains_paid_content":false,"footnotes":"","jetpack_publicize_message":"","jetpack_publicize_feature_enabled":true,"jetpack_social_post_already_shared":true,"jetpack_social_options":{"image_generator_settings":{"template":"highway","default_image_id":0,"font":"","enabled":false},"version":2},"_wpas_customize_per_network":false},"categories":[33],"tags":[],"class_list":["post-3933","post","type-post","status-publish","format-standard","has-post-thumbnail","hentry","category-mexico"],"magazineBlocksPostFeaturedMedia":{"thumbnail":"https:\/\/pornuestrolaredo.com\/wp-content\/uploads\/2024\/03\/PNL-20240301-7-150x150.jpg","medium":"https:\/\/pornuestrolaredo.com\/wp-content\/uploads\/2024\/03\/PNL-20240301-7-300x200.jpg","medium_large":"https:\/\/pornuestrolaredo.com\/wp-content\/uploads\/2024\/03\/PNL-20240301-7-768x512.jpg","large":"https:\/\/pornuestrolaredo.com\/wp-content\/uploads\/2024\/03\/PNL-20240301-7.jpg","1536x1536":"https:\/\/pornuestrolaredo.com\/wp-content\/uploads\/2024\/03\/PNL-20240301-7.jpg","2048x2048":"https:\/\/pornuestrolaredo.com\/wp-content\/uploads\/2024\/03\/PNL-20240301-7.jpg","morenews-large":"https:\/\/pornuestrolaredo.com\/wp-content\/uploads\/2024\/03\/PNL-20240301-7.jpg","morenews-medium":"https:\/\/pornuestrolaredo.com\/wp-content\/uploads\/2024\/03\/PNL-20240301-7.jpg"},"magazineBlocksPostAuthor":{"name":"Redactor","avatar":"https:\/\/pornuestrolaredo.com\/wp-content\/litespeed\/avatar\/dca1d7ec750c399f025f23b0b314f4cf.jpg?ver=1777612120"},"magazineBlocksPostCommentsNumber":false,"magazineBlocksPostExcerpt":"Se\u00f1ala que son 100 puntos y lo primero es una Rep\u00fablica democr\u00e1tica, justa y responsable","magazineBlocksPostCategories":["Mexico"],"magazineBlocksPostViewCount":116,"magazineBlocksPostReadTime":5,"magazine_blocks_featured_image_url":{"full":["https:\/\/pornuestrolaredo.com\/wp-content\/uploads\/2024\/03\/PNL-20240301-7.jpg",960,640,false],"medium":["https:\/\/pornuestrolaredo.com\/wp-content\/uploads\/2024\/03\/PNL-20240301-7-300x200.jpg",300,200,true],"thumbnail":["https:\/\/pornuestrolaredo.com\/wp-content\/uploads\/2024\/03\/PNL-20240301-7-150x150.jpg",150,150,true]},"magazine_blocks_author":{"display_name":"Redactor","author_link":"https:\/\/pornuestrolaredo.com\/?author=1"},"magazine_blocks_comment":0,"magazine_blocks_author_image":"https:\/\/pornuestrolaredo.com\/wp-content\/litespeed\/avatar\/dca1d7ec750c399f025f23b0b314f4cf.jpg?ver=1777612120","magazine_blocks_category":"<a href=\"#\" class=\"category-link category-link-33\">Mexico<\/a>","jetpack_publicize_connections":[],"featured_image_urls":{"full":["https:\/\/pornuestrolaredo.com\/wp-content\/uploads\/2024\/03\/PNL-20240301-7.jpg",960,640,false],"thumbnail":["https:\/\/pornuestrolaredo.com\/wp-content\/uploads\/2024\/03\/PNL-20240301-7-150x150.jpg",150,150,true],"medium":["https:\/\/pornuestrolaredo.com\/wp-content\/uploads\/2024\/03\/PNL-20240301-7-300x200.jpg",300,200,true],"medium_large":["https:\/\/pornuestrolaredo.com\/wp-content\/uploads\/2024\/03\/PNL-20240301-7-768x512.jpg",640,427,true],"large":["https:\/\/pornuestrolaredo.com\/wp-content\/uploads\/2024\/03\/PNL-20240301-7.jpg",640,427,false],"1536x1536":["https:\/\/pornuestrolaredo.com\/wp-content\/uploads\/2024\/03\/PNL-20240301-7.jpg",960,640,false],"2048x2048":["https:\/\/pornuestrolaredo.com\/wp-content\/uploads\/2024\/03\/PNL-20240301-7.jpg",960,640,false],"morenews-large":["https:\/\/pornuestrolaredo.com\/wp-content\/uploads\/2024\/03\/PNL-20240301-7.jpg",825,550,false],"morenews-medium":["https:\/\/pornuestrolaredo.com\/wp-content\/uploads\/2024\/03\/PNL-20240301-7.jpg",590,393,false]},"author_info":{"info":["Redactor"]},"category_info":"<a href=\"https:\/\/pornuestrolaredo.com\/?cat=33\" rel=\"category\">Mexico<\/a>","tag_info":"Mexico","comment_count":"0","jetpack_featured_media_url":"https:\/\/pornuestrolaredo.com\/wp-content\/uploads\/2024\/03\/PNL-20240301-7.jpg","jetpack_sharing_enabled":true,"_links":{"self":[{"href":"https:\/\/pornuestrolaredo.com\/index.php?rest_route=\/wp\/v2\/posts\/3933","targetHints":{"allow":["GET"]}}],"collection":[{"href":"https:\/\/pornuestrolaredo.com\/index.php?rest_route=\/wp\/v2\/posts"}],"about":[{"href":"https:\/\/pornuestrolaredo.com\/index.php?rest_route=\/wp\/v2\/types\/post"}],"author":[{"embeddable":true,"href":"https:\/\/pornuestrolaredo.com\/index.php?rest_route=\/wp\/v2\/users\/1"}],"replies":[{"embeddable":true,"href":"https:\/\/pornuestrolaredo.com\/index.php?rest_route=%2Fwp%2Fv2%2Fcomments&post=3933"}],"version-history":[{"count":1,"href":"https:\/\/pornuestrolaredo.com\/index.php?rest_route=\/wp\/v2\/posts\/3933\/revisions"}],"predecessor-version":[{"id":3935,"href":"https:\/\/pornuestrolaredo.com\/index.php?rest_route=\/wp\/v2\/posts\/3933\/revisions\/3935"}],"wp:featuredmedia":[{"embeddable":true,"href":"https:\/\/pornuestrolaredo.com\/index.php?rest_route=\/wp\/v2\/media\/3934"}],"wp:attachment":[{"href":"https:\/\/pornuestrolaredo.com\/index.php?rest_route=%2Fwp%2Fv2%2Fmedia&parent=3933"}],"wp:term":[{"taxonomy":"category","embeddable":true,"href":"https:\/\/pornuestrolaredo.com\/index.php?rest_route=%2Fwp%2Fv2%2Fcategories&post=3933"},{"taxonomy":"post_tag","embeddable":true,"href":"https:\/\/pornuestrolaredo.com\/index.php?rest_route=%2Fwp%2Fv2%2Ftags&post=3933"}],"curies":[{"name":"wp","href":"https:\/\/api.w.org\/{rel}","templated":true}]}}