{"id":3941,"date":"2024-03-04T02:49:03","date_gmt":"2024-03-04T02:49:03","guid":{"rendered":"https:\/\/pornuestrolaredo.com\/?p=3941"},"modified":"2024-03-04T02:49:03","modified_gmt":"2024-03-04T02:49:03","slug":"cuide-a-sus-mascotas-durante-el-eclipse","status":"publish","type":"post","link":"https:\/\/pornuestrolaredo.com\/?p=3941","title":{"rendered":"Cuide a sus mascotas durante el eclipse"},"content":{"rendered":"<p><strong><em>CIUDAD DE M\u00c9XICO.-<\/em><\/strong> El pr\u00f3ximo 8 de abril tendr\u00e1 lugar un eclipse total de sol que ser\u00e1 visible en parte de M\u00e9xico y Estados Unidos, por lo que cient\u00edficos est\u00e1n llamando a la poblaci\u00f3n a extremar el cuidado de los animales de compa\u00f1\u00eda ante este fen\u00f3meno astron\u00f3mico de gran magnitud que podr\u00eda influir en su comportamiento.<\/p>\n<p>Y es que, de acuerdo con especialistas, el eclipse solar total del pr\u00f3ximo mes podr\u00eda confundir much\u00edsimo a los animales y generar algunos comportamientos extra\u00f1os, por lo que los cient\u00edficos est\u00e1n vigilando los zool\u00f3gicos y pidiendo a las personas que tomen notas sobre sus mascotas para conocer qu\u00e9 tipo de cambios podr\u00edan experimentar.<\/p>\n<p>Los expertos coinciden en que los animales simplemente no saben qu\u00e9 hacer con los eclipses porque los fen\u00f3menos celestes no son algo para lo que su biolog\u00eda est\u00e9 adaptada.<\/p>\n<blockquote><p>Los eclipses no son comunes, pero no son raros, y los humanos podemos planificarlos. Pero para los animales de vida corta que tal vez no est\u00e9n siguiendo la astronom\u00eda con las matem\u00e1ticas, es bastante inesperado&#8221;, dijeron.<\/p><\/blockquote>\n<p>El pr\u00f3ximo eclipse total pasar\u00e1 sobre Am\u00e9rica del Norte el 8 de abril, comenzando en M\u00e9xico y formando una l\u00ednea diagonal hacia el noreste que se extender\u00e1 desde Texas hasta Maine y New Brunswick, Canad\u00e1. Cruzar\u00e1 las monta\u00f1as Adirondack de Nueva York alrededor de las 15:25 horas, seg\u00fan la NASA.<\/p>\n<p>En otros eclipses captados en a\u00f1os recientes se observ\u00f3 que, cuando oscureci\u00f3 a primera hora de la tarde, las cabras cercanas r\u00e1pidamente pasaron de locuaces a silenciosas y asumieron una posici\u00f3n de descanso.<\/p>\n<p>Los cient\u00edficos tambi\u00e9n han invitado a la gente a observar a sus mascotas y animales de granja durante el eclipse.<\/p>\n<p>La NASA tambi\u00e9n ha invitado a grabar el repentino sonido de silencio que una vez m\u00e1s se espera cuando el cielo se oscurece abruptamente, pues se sabe que las aves y los insectos se quedan repentinamente en silencio durante los eclipses totales.<\/p>\n","protected":false},"excerpt":{"rendered":"<p>Un gran eclipse de sol ser\u00e1 visible el 8 de abril en gran parte de M\u00e9xico; advierten que los animales pueden sufrir ansiedad<\/p>\n","protected":false},"author":1,"featured_media":3942,"comment_status":"closed","ping_status":"closed","sticky":false,"template":"","format":"standard","meta":{"_crdt_document":"","_jetpack_memberships_contains_paid_content":false,"footnotes":"","jetpack_publicize_message":"","jetpack_publicize_feature_enabled":true,"jetpack_social_post_already_shared":true,"jetpack_social_options":{"image_generator_settings":{"template":"highway","default_image_id":0,"font":"","enabled":false},"version":2},"_wpas_customize_per_network":false},"categories":[33],"tags":[],"class_list":["post-3941","post","type-post","status-publish","format-standard","has-post-thumbnail","hentry","category-mexico"],"magazineBlocksPostFeaturedMedia":{"thumbnail":"https:\/\/pornuestrolaredo.com\/wp-content\/uploads\/2024\/03\/Stereo91-20240303-2-150x150.jpg","medium":"https:\/\/pornuestrolaredo.com\/wp-content\/uploads\/2024\/03\/Stereo91-20240303-2-300x179.jpg","medium_large":"https:\/\/pornuestrolaredo.com\/wp-content\/uploads\/2024\/03\/Stereo91-20240303-2-768x458.jpg","large":"https:\/\/pornuestrolaredo.com\/wp-content\/uploads\/2024\/03\/Stereo91-20240303-2.jpg","1536x1536":"https:\/\/pornuestrolaredo.com\/wp-content\/uploads\/2024\/03\/Stereo91-20240303-2.jpg","2048x2048":"https:\/\/pornuestrolaredo.com\/wp-content\/uploads\/2024\/03\/Stereo91-20240303-2.jpg","morenews-large":"https:\/\/pornuestrolaredo.com\/wp-content\/uploads\/2024\/03\/Stereo91-20240303-2.jpg","morenews-medium":"https:\/\/pornuestrolaredo.com\/wp-content\/uploads\/2024\/03\/Stereo91-20240303-2.jpg"},"magazineBlocksPostAuthor":{"name":"Redactor","avatar":"https:\/\/pornuestrolaredo.com\/wp-content\/litespeed\/avatar\/dca1d7ec750c399f025f23b0b314f4cf.jpg?ver=1777612120"},"magazineBlocksPostCommentsNumber":false,"magazineBlocksPostExcerpt":"Un gran eclipse de sol ser\u00e1 visible el 8 de abril en gran parte de M\u00e9xico; advierten que los animales pueden sufrir ansiedad","magazineBlocksPostCategories":["Mexico"],"magazineBlocksPostViewCount":122,"magazineBlocksPostReadTime":2,"magazine_blocks_featured_image_url":{"full":["https:\/\/pornuestrolaredo.com\/wp-content\/uploads\/2024\/03\/Stereo91-20240303-2.jpg",830,495,false],"medium":["https:\/\/pornuestrolaredo.com\/wp-content\/uploads\/2024\/03\/Stereo91-20240303-2-300x179.jpg",300,179,true],"thumbnail":["https:\/\/pornuestrolaredo.com\/wp-content\/uploads\/2024\/03\/Stereo91-20240303-2-150x150.jpg",150,150,true]},"magazine_blocks_author":{"display_name":"Redactor","author_link":"https:\/\/pornuestrolaredo.com\/?author=1"},"magazine_blocks_comment":0,"magazine_blocks_author_image":"https:\/\/pornuestrolaredo.com\/wp-content\/litespeed\/avatar\/dca1d7ec750c399f025f23b0b314f4cf.jpg?ver=1777612120","magazine_blocks_category":"<a href=\"#\" class=\"category-link category-link-33\">Mexico<\/a>","jetpack_publicize_connections":[],"featured_image_urls":{"full":["https:\/\/pornuestrolaredo.com\/wp-content\/uploads\/2024\/03\/Stereo91-20240303-2.jpg",830,495,false],"thumbnail":["https:\/\/pornuestrolaredo.com\/wp-content\/uploads\/2024\/03\/Stereo91-20240303-2-150x150.jpg",150,150,true],"medium":["https:\/\/pornuestrolaredo.com\/wp-content\/uploads\/2024\/03\/Stereo91-20240303-2-300x179.jpg",300,179,true],"medium_large":["https:\/\/pornuestrolaredo.com\/wp-content\/uploads\/2024\/03\/Stereo91-20240303-2-768x458.jpg",640,382,true],"large":["https:\/\/pornuestrolaredo.com\/wp-content\/uploads\/2024\/03\/Stereo91-20240303-2.jpg",640,382,false],"1536x1536":["https:\/\/pornuestrolaredo.com\/wp-content\/uploads\/2024\/03\/Stereo91-20240303-2.jpg",830,495,false],"2048x2048":["https:\/\/pornuestrolaredo.com\/wp-content\/uploads\/2024\/03\/Stereo91-20240303-2.jpg",830,495,false],"morenews-large":["https:\/\/pornuestrolaredo.com\/wp-content\/uploads\/2024\/03\/Stereo91-20240303-2.jpg",825,492,false],"morenews-medium":["https:\/\/pornuestrolaredo.com\/wp-content\/uploads\/2024\/03\/Stereo91-20240303-2.jpg",590,352,false]},"author_info":{"info":["Redactor"]},"category_info":"<a href=\"https:\/\/pornuestrolaredo.com\/?cat=33\" rel=\"category\">Mexico<\/a>","tag_info":"Mexico","comment_count":"0","jetpack_featured_media_url":"https:\/\/pornuestrolaredo.com\/wp-content\/uploads\/2024\/03\/Stereo91-20240303-2.jpg","jetpack_sharing_enabled":true,"_links":{"self":[{"href":"https:\/\/pornuestrolaredo.com\/index.php?rest_route=\/wp\/v2\/posts\/3941","targetHints":{"allow":["GET"]}}],"collection":[{"href":"https:\/\/pornuestrolaredo.com\/index.php?rest_route=\/wp\/v2\/posts"}],"about":[{"href":"https:\/\/pornuestrolaredo.com\/index.php?rest_route=\/wp\/v2\/types\/post"}],"author":[{"embeddable":true,"href":"https:\/\/pornuestrolaredo.com\/index.php?rest_route=\/wp\/v2\/users\/1"}],"replies":[{"embeddable":true,"href":"https:\/\/pornuestrolaredo.com\/index.php?rest_route=%2Fwp%2Fv2%2Fcomments&post=3941"}],"version-history":[{"count":1,"href":"https:\/\/pornuestrolaredo.com\/index.php?rest_route=\/wp\/v2\/posts\/3941\/revisions"}],"predecessor-version":[{"id":3943,"href":"https:\/\/pornuestrolaredo.com\/index.php?rest_route=\/wp\/v2\/posts\/3941\/revisions\/3943"}],"wp:featuredmedia":[{"embeddable":true,"href":"https:\/\/pornuestrolaredo.com\/index.php?rest_route=\/wp\/v2\/media\/3942"}],"wp:attachment":[{"href":"https:\/\/pornuestrolaredo.com\/index.php?rest_route=%2Fwp%2Fv2%2Fmedia&parent=3941"}],"wp:term":[{"taxonomy":"category","embeddable":true,"href":"https:\/\/pornuestrolaredo.com\/index.php?rest_route=%2Fwp%2Fv2%2Fcategories&post=3941"},{"taxonomy":"post_tag","embeddable":true,"href":"https:\/\/pornuestrolaredo.com\/index.php?rest_route=%2Fwp%2Fv2%2Ftags&post=3941"}],"curies":[{"name":"wp","href":"https:\/\/api.w.org\/{rel}","templated":true}]}}