{"id":3962,"date":"2024-03-06T19:17:18","date_gmt":"2024-03-06T19:17:18","guid":{"rendered":"https:\/\/pornuestrolaredo.com\/?p=3962"},"modified":"2024-03-06T19:24:56","modified_gmt":"2024-03-06T19:24:56","slug":"manifestantes-derriban-puerta-de-palacio-nacional","status":"publish","type":"post","link":"https:\/\/pornuestrolaredo.com\/?p=3962","title":{"rendered":"Manifestantes derriban puerta de Palacio Nacional"},"content":{"rendered":"<p><strong><em>CIUDAD DE M\u00c9XICO.-<\/em><\/strong> Un grupo de normalistas de Ayotzinapa intent\u00f3 ingresar a Palacio Nacional al derribar una de las puertas como parte de las acciones de protesta que han realizado en los \u00faltimos d\u00edas y que ha incluido el lanzamiento de petardos.<\/p>\n<p>Fue antes de las 9:00 horas que varios j\u00f3venes encapuchados llegaron a la puerta 1 que se ubica en la calle de Moneda, por donde ingresan los periodistas a La Ma\u00f1anera, a trav\u00e9s de la cual pretendieron entrar al recinto mientras se desarrollaba la conferencia del presidente Andr\u00e9s Manuel L\u00f3pez Obrador, por lo que r\u00e1pidamente fue cerrada por personal militar que custodia el inmueble y el cual inmediatamente lanz\u00f3 gas pimienta y gas lacrim\u00f3geno para intentar disuadir al grupo.<\/p>\n<p>Sin embargo, los manifestantes tomaron una camioneta de la Comisi\u00f3n Federal de Electricidad (CFE) y con ella lograron derribar la puerta de madera del inmueble. Una vez que tiraron la puerta, los manifestantes buscaron ingresar, pero personal de seguridad les volvi\u00f3 a lanzar gas para evitar su avance.<\/p>\n<p>Adem\u00e1s de la puerta, los manifestantes rompieron varios vidrios de las ventanas del inmueble e intentaron prender un objeto ante la imposibilidad de ingresar al recinto. Tras el lanzamiento de gas, los j\u00f3venes encapuchados se replegaron afuera de Palacio Nacional, donde se mantienen hasta el momento.<\/p>\n<p>Los encapuchados tambi\u00e9n realizaron algunas pintas en el inmueble y en la propia camioneta de la CFE que usaron para derribar la puerta de Palacio Nacional. &#8220;Faltan 43&#8221;, &#8220;S\u00f3lo queremos un di\u00e1logo&#8221; y &#8220;43&#8221; fueron algunas de las leyendas que escribieron.<\/p>\n<p><strong>L\u00f3pez Obrador critica derribo de puerta; &#8220;quieren provocar&#8221;<br \/>\n<\/strong><br \/>\nEl presidente Andr\u00e9s Manuel L\u00f3pez Obrador critic\u00f3 que normalistas de Ayotzinapa derribaran una de las puertas de Palacio Nacional, pues asegur\u00f3 que con ello s\u00f3lo buscan provocar, por lo que descart\u00f3 que \u00e9l personalmente los recibiera y dijo que ser\u00e1 el subsecretario de Gobernaci\u00f3n quien los atender\u00e1.<\/p>\n<blockquote><p>Los va atender el subsecretario de Gobernaci\u00f3n, yo estoy analizando y conduciendo todo porque lo que me importa es encontrar a los j\u00f3venes y ya la actitud, no de los padres, de los asesores y de las organizaciones que supuestamente defienden derechos Humanos es una actitud, en el mejor de los casos pol\u00edtica, muy de confrontaci\u00f3n en contra nuestra, de provocaci\u00f3n y nosotros no queremos para nada la confrontaci\u00f3n\u201d, coment\u00f3.<\/p><\/blockquote>\n<p>Asegur\u00f3 a los padres de los 43 normalistas de Ayotzinapa que han avanzado mucho en la investigaci\u00f3n y est\u00e1n dedicados a ello; sin embargo, consider\u00f3 que ellos est\u00e1n siendo manipulados por el grupo que, dijo, encabeza Emilio \u00c1lvarez Icaza y la Comisi\u00f3n Interamericana de Derechos Humanos.<\/p>\n<p>Agreg\u00f3 que la puerta que fue derribada se arreglar\u00e1 y sostuvo que con este tipo de protestas lo \u00fanico que buscan es la confrontaci\u00f3n.<\/p>\n","protected":false},"excerpt":{"rendered":"<p>Utilizan una camioneta de la CFE; son replegados por personal militar de seguridad; AMLO promete que ser\u00e1n atendidos<\/p>\n","protected":false},"author":1,"featured_media":3967,"comment_status":"closed","ping_status":"closed","sticky":false,"template":"","format":"standard","meta":{"_crdt_document":"","_jetpack_memberships_contains_paid_content":false,"footnotes":"","jetpack_publicize_message":"","jetpack_publicize_feature_enabled":true,"jetpack_social_post_already_shared":true,"jetpack_social_options":{"image_generator_settings":{"template":"highway","default_image_id":0,"font":"","enabled":false},"version":2},"_wpas_customize_per_network":false},"categories":[33],"tags":[],"class_list":["post-3962","post","type-post","status-publish","format-standard","has-post-thumbnail","hentry","category-mexico"],"magazineBlocksPostFeaturedMedia":{"thumbnail":"https:\/\/pornuestrolaredo.com\/wp-content\/uploads\/2024\/03\/107FM-20240306-3-150x150.jpeg","medium":"https:\/\/pornuestrolaredo.com\/wp-content\/uploads\/2024\/03\/107FM-20240306-3-300x160.jpeg","medium_large":"https:\/\/pornuestrolaredo.com\/wp-content\/uploads\/2024\/03\/107FM-20240306-3-768x410.jpeg","large":"https:\/\/pornuestrolaredo.com\/wp-content\/uploads\/2024\/03\/107FM-20240306-3.jpeg","1536x1536":"https:\/\/pornuestrolaredo.com\/wp-content\/uploads\/2024\/03\/107FM-20240306-3.jpeg","2048x2048":"https:\/\/pornuestrolaredo.com\/wp-content\/uploads\/2024\/03\/107FM-20240306-3.jpeg","morenews-large":"https:\/\/pornuestrolaredo.com\/wp-content\/uploads\/2024\/03\/107FM-20240306-3.jpeg","morenews-medium":"https:\/\/pornuestrolaredo.com\/wp-content\/uploads\/2024\/03\/107FM-20240306-3.jpeg"},"magazineBlocksPostAuthor":{"name":"Redactor","avatar":"https:\/\/pornuestrolaredo.com\/wp-content\/litespeed\/avatar\/dca1d7ec750c399f025f23b0b314f4cf.jpg?ver=1777612120"},"magazineBlocksPostCommentsNumber":false,"magazineBlocksPostExcerpt":"Utilizan una camioneta de la CFE; son replegados por personal militar de seguridad; AMLO promete que ser\u00e1n atendidos","magazineBlocksPostCategories":["Mexico"],"magazineBlocksPostViewCount":119,"magazineBlocksPostReadTime":3,"magazine_blocks_featured_image_url":{"full":["https:\/\/pornuestrolaredo.com\/wp-content\/uploads\/2024\/03\/107FM-20240306-3.jpeg",850,454,false],"medium":["https:\/\/pornuestrolaredo.com\/wp-content\/uploads\/2024\/03\/107FM-20240306-3-300x160.jpeg",300,160,true],"thumbnail":["https:\/\/pornuestrolaredo.com\/wp-content\/uploads\/2024\/03\/107FM-20240306-3-150x150.jpeg",150,150,true]},"magazine_blocks_author":{"display_name":"Redactor","author_link":"https:\/\/pornuestrolaredo.com\/?author=1"},"magazine_blocks_comment":0,"magazine_blocks_author_image":"https:\/\/pornuestrolaredo.com\/wp-content\/litespeed\/avatar\/dca1d7ec750c399f025f23b0b314f4cf.jpg?ver=1777612120","magazine_blocks_category":"<a href=\"#\" class=\"category-link category-link-33\">Mexico<\/a>","jetpack_publicize_connections":[],"featured_image_urls":{"full":["https:\/\/pornuestrolaredo.com\/wp-content\/uploads\/2024\/03\/107FM-20240306-3.jpeg",850,454,false],"thumbnail":["https:\/\/pornuestrolaredo.com\/wp-content\/uploads\/2024\/03\/107FM-20240306-3-150x150.jpeg",150,150,true],"medium":["https:\/\/pornuestrolaredo.com\/wp-content\/uploads\/2024\/03\/107FM-20240306-3-300x160.jpeg",300,160,true],"medium_large":["https:\/\/pornuestrolaredo.com\/wp-content\/uploads\/2024\/03\/107FM-20240306-3-768x410.jpeg",640,342,true],"large":["https:\/\/pornuestrolaredo.com\/wp-content\/uploads\/2024\/03\/107FM-20240306-3.jpeg",640,342,false],"1536x1536":["https:\/\/pornuestrolaredo.com\/wp-content\/uploads\/2024\/03\/107FM-20240306-3.jpeg",850,454,false],"2048x2048":["https:\/\/pornuestrolaredo.com\/wp-content\/uploads\/2024\/03\/107FM-20240306-3.jpeg",850,454,false],"morenews-large":["https:\/\/pornuestrolaredo.com\/wp-content\/uploads\/2024\/03\/107FM-20240306-3.jpeg",825,441,false],"morenews-medium":["https:\/\/pornuestrolaredo.com\/wp-content\/uploads\/2024\/03\/107FM-20240306-3.jpeg",590,315,false]},"author_info":{"info":["Redactor"]},"category_info":"<a href=\"https:\/\/pornuestrolaredo.com\/?cat=33\" rel=\"category\">Mexico<\/a>","tag_info":"Mexico","comment_count":"0","jetpack_featured_media_url":"https:\/\/pornuestrolaredo.com\/wp-content\/uploads\/2024\/03\/107FM-20240306-3.jpeg","jetpack_sharing_enabled":true,"_links":{"self":[{"href":"https:\/\/pornuestrolaredo.com\/index.php?rest_route=\/wp\/v2\/posts\/3962","targetHints":{"allow":["GET"]}}],"collection":[{"href":"https:\/\/pornuestrolaredo.com\/index.php?rest_route=\/wp\/v2\/posts"}],"about":[{"href":"https:\/\/pornuestrolaredo.com\/index.php?rest_route=\/wp\/v2\/types\/post"}],"author":[{"embeddable":true,"href":"https:\/\/pornuestrolaredo.com\/index.php?rest_route=\/wp\/v2\/users\/1"}],"replies":[{"embeddable":true,"href":"https:\/\/pornuestrolaredo.com\/index.php?rest_route=%2Fwp%2Fv2%2Fcomments&post=3962"}],"version-history":[{"count":2,"href":"https:\/\/pornuestrolaredo.com\/index.php?rest_route=\/wp\/v2\/posts\/3962\/revisions"}],"predecessor-version":[{"id":3965,"href":"https:\/\/pornuestrolaredo.com\/index.php?rest_route=\/wp\/v2\/posts\/3962\/revisions\/3965"}],"wp:featuredmedia":[{"embeddable":true,"href":"https:\/\/pornuestrolaredo.com\/index.php?rest_route=\/wp\/v2\/media\/3967"}],"wp:attachment":[{"href":"https:\/\/pornuestrolaredo.com\/index.php?rest_route=%2Fwp%2Fv2%2Fmedia&parent=3962"}],"wp:term":[{"taxonomy":"category","embeddable":true,"href":"https:\/\/pornuestrolaredo.com\/index.php?rest_route=%2Fwp%2Fv2%2Fcategories&post=3962"},{"taxonomy":"post_tag","embeddable":true,"href":"https:\/\/pornuestrolaredo.com\/index.php?rest_route=%2Fwp%2Fv2%2Ftags&post=3962"}],"curies":[{"name":"wp","href":"https:\/\/api.w.org\/{rel}","templated":true}]}}