{"id":3971,"date":"2024-03-06T20:03:17","date_gmt":"2024-03-06T20:03:17","guid":{"rendered":"https:\/\/pornuestrolaredo.com\/?p=3971"},"modified":"2024-03-06T20:03:17","modified_gmt":"2024-03-06T20:03:17","slug":"ofreceran-curso-de-primeros-auxilios","status":"publish","type":"post","link":"https:\/\/pornuestrolaredo.com\/?p=3971","title":{"rendered":"Ofrecer\u00e1n curso de Primeros Auxilios"},"content":{"rendered":"<p><strong><em>NUEVO LAREDO.-<\/em> <\/strong>Una emergencia la puede sufrir cualquiera y en cualquier momento. Estar preparados para enfrentarla es crucial y esa es la raz\u00f3n por la que la Protecci\u00f3n Civil y Bomberos realizar\u00e1 el curso de Primeros Auxilios.<\/p>\n<p>El curso, que recibir\u00e1 a 40 personas de 20 a 40 a\u00f1os, se realizar\u00e1 en las instalaciones de Protecci\u00f3n Civil, el s\u00e1bado 23 de marzo de 2:00 a 6:00 de la tarde. Ah\u00ed mismo, en H\u00e9roe de Nacataz y Morelos de 8:00 de la ma\u00f1ana a 3:30 de la tarde los interesados pueden inscribirse.<\/p>\n<p>La fecha l\u00edmite para registrarse es el 15 de mayo y quienes tomen el curso aprender\u00e1n c\u00f3mo tratar una cortadura o una hemorragia, fractura, una inmovilizaci\u00f3n, movimiento y traslado de lesionados, RCP y la maniobra de Heimlich.<\/p>\n<blockquote><p>Se implement\u00f3 esta capacitaci\u00f3n para que la ciudadan\u00eda tenga los puntos b\u00e1sicos, la intenci\u00f3n es que m\u00e1s gente est\u00e9 capacitada porque todos necesitamos tener este conocimiento que puede salvar vidas\u201d, dijo Humberto Fern\u00e1ndez D\u00edez de Pinos, director de Protecci\u00f3n Civil y Bomberos.<\/p><\/blockquote>\n<p>Dado que el cupo es limitado, se recomienda registrarse lo m\u00e1s r\u00e1pido posible.<\/p>\n","protected":false},"excerpt":{"rendered":"<p>Protecci\u00f3n Civil y Bomberos capacitar\u00e1 a 40 personas para tratar emergencias <\/p>\n","protected":false},"author":1,"featured_media":3972,"comment_status":"closed","ping_status":"closed","sticky":false,"template":"","format":"standard","meta":{"_crdt_document":"","_jetpack_memberships_contains_paid_content":false,"footnotes":"","jetpack_publicize_message":"","jetpack_publicize_feature_enabled":true,"jetpack_social_post_already_shared":true,"jetpack_social_options":{"image_generator_settings":{"template":"highway","default_image_id":0,"font":"","enabled":false},"version":2},"_wpas_customize_per_network":false},"categories":[4],"tags":[],"class_list":["post-3971","post","type-post","status-publish","format-standard","has-post-thumbnail","hentry","category-los-dos-laredos"],"magazineBlocksPostFeaturedMedia":{"thumbnail":"https:\/\/pornuestrolaredo.com\/wp-content\/uploads\/2024\/03\/Stereo91-20240306-6-150x150.jpg","medium":"https:\/\/pornuestrolaredo.com\/wp-content\/uploads\/2024\/03\/Stereo91-20240306-6-300x200.jpg","medium_large":"https:\/\/pornuestrolaredo.com\/wp-content\/uploads\/2024\/03\/Stereo91-20240306-6-768x512.jpg","large":"https:\/\/pornuestrolaredo.com\/wp-content\/uploads\/2024\/03\/Stereo91-20240306-6-1000x666.jpg","1536x1536":"https:\/\/pornuestrolaredo.com\/wp-content\/uploads\/2024\/03\/Stereo91-20240306-6.jpg","2048x2048":"https:\/\/pornuestrolaredo.com\/wp-content\/uploads\/2024\/03\/Stereo91-20240306-6.jpg","morenews-large":"https:\/\/pornuestrolaredo.com\/wp-content\/uploads\/2024\/03\/Stereo91-20240306-6.jpg","morenews-medium":"https:\/\/pornuestrolaredo.com\/wp-content\/uploads\/2024\/03\/Stereo91-20240306-6.jpg"},"magazineBlocksPostAuthor":{"name":"Redactor","avatar":"https:\/\/pornuestrolaredo.com\/wp-content\/litespeed\/avatar\/dca1d7ec750c399f025f23b0b314f4cf.jpg?ver=1777612120"},"magazineBlocksPostCommentsNumber":false,"magazineBlocksPostExcerpt":"Protecci\u00f3n Civil y Bomberos capacitar\u00e1 a 40 personas para tratar emergencias ","magazineBlocksPostCategories":["Los dos Laredos"],"magazineBlocksPostViewCount":130,"magazineBlocksPostReadTime":1,"magazine_blocks_featured_image_url":{"full":["https:\/\/pornuestrolaredo.com\/wp-content\/uploads\/2024\/03\/Stereo91-20240306-6.jpg",1280,853,false],"medium":["https:\/\/pornuestrolaredo.com\/wp-content\/uploads\/2024\/03\/Stereo91-20240306-6-300x200.jpg",300,200,true],"thumbnail":["https:\/\/pornuestrolaredo.com\/wp-content\/uploads\/2024\/03\/Stereo91-20240306-6-150x150.jpg",150,150,true]},"magazine_blocks_author":{"display_name":"Redactor","author_link":"https:\/\/pornuestrolaredo.com\/?author=1"},"magazine_blocks_comment":0,"magazine_blocks_author_image":"https:\/\/pornuestrolaredo.com\/wp-content\/litespeed\/avatar\/dca1d7ec750c399f025f23b0b314f4cf.jpg?ver=1777612120","magazine_blocks_category":"<a href=\"#\" class=\"category-link category-link-4\">Los dos Laredos<\/a>","jetpack_publicize_connections":[],"featured_image_urls":{"full":["https:\/\/pornuestrolaredo.com\/wp-content\/uploads\/2024\/03\/Stereo91-20240306-6.jpg",1280,853,false],"thumbnail":["https:\/\/pornuestrolaredo.com\/wp-content\/uploads\/2024\/03\/Stereo91-20240306-6-150x150.jpg",150,150,true],"medium":["https:\/\/pornuestrolaredo.com\/wp-content\/uploads\/2024\/03\/Stereo91-20240306-6-300x200.jpg",300,200,true],"medium_large":["https:\/\/pornuestrolaredo.com\/wp-content\/uploads\/2024\/03\/Stereo91-20240306-6-768x512.jpg",640,427,true],"large":["https:\/\/pornuestrolaredo.com\/wp-content\/uploads\/2024\/03\/Stereo91-20240306-6-1000x666.jpg",640,426,true],"1536x1536":["https:\/\/pornuestrolaredo.com\/wp-content\/uploads\/2024\/03\/Stereo91-20240306-6.jpg",1280,853,false],"2048x2048":["https:\/\/pornuestrolaredo.com\/wp-content\/uploads\/2024\/03\/Stereo91-20240306-6.jpg",1280,853,false],"morenews-large":["https:\/\/pornuestrolaredo.com\/wp-content\/uploads\/2024\/03\/Stereo91-20240306-6.jpg",825,550,false],"morenews-medium":["https:\/\/pornuestrolaredo.com\/wp-content\/uploads\/2024\/03\/Stereo91-20240306-6.jpg",590,393,false]},"author_info":{"info":["Redactor"]},"category_info":"<a href=\"https:\/\/pornuestrolaredo.com\/?cat=4\" rel=\"category\">Los dos Laredos<\/a>","tag_info":"Los dos Laredos","comment_count":"0","jetpack_featured_media_url":"https:\/\/pornuestrolaredo.com\/wp-content\/uploads\/2024\/03\/Stereo91-20240306-6.jpg","jetpack_sharing_enabled":true,"_links":{"self":[{"href":"https:\/\/pornuestrolaredo.com\/index.php?rest_route=\/wp\/v2\/posts\/3971","targetHints":{"allow":["GET"]}}],"collection":[{"href":"https:\/\/pornuestrolaredo.com\/index.php?rest_route=\/wp\/v2\/posts"}],"about":[{"href":"https:\/\/pornuestrolaredo.com\/index.php?rest_route=\/wp\/v2\/types\/post"}],"author":[{"embeddable":true,"href":"https:\/\/pornuestrolaredo.com\/index.php?rest_route=\/wp\/v2\/users\/1"}],"replies":[{"embeddable":true,"href":"https:\/\/pornuestrolaredo.com\/index.php?rest_route=%2Fwp%2Fv2%2Fcomments&post=3971"}],"version-history":[{"count":1,"href":"https:\/\/pornuestrolaredo.com\/index.php?rest_route=\/wp\/v2\/posts\/3971\/revisions"}],"predecessor-version":[{"id":3973,"href":"https:\/\/pornuestrolaredo.com\/index.php?rest_route=\/wp\/v2\/posts\/3971\/revisions\/3973"}],"wp:featuredmedia":[{"embeddable":true,"href":"https:\/\/pornuestrolaredo.com\/index.php?rest_route=\/wp\/v2\/media\/3972"}],"wp:attachment":[{"href":"https:\/\/pornuestrolaredo.com\/index.php?rest_route=%2Fwp%2Fv2%2Fmedia&parent=3971"}],"wp:term":[{"taxonomy":"category","embeddable":true,"href":"https:\/\/pornuestrolaredo.com\/index.php?rest_route=%2Fwp%2Fv2%2Fcategories&post=3971"},{"taxonomy":"post_tag","embeddable":true,"href":"https:\/\/pornuestrolaredo.com\/index.php?rest_route=%2Fwp%2Fv2%2Ftags&post=3971"}],"curies":[{"name":"wp","href":"https:\/\/api.w.org\/{rel}","templated":true}]}}