{"id":3977,"date":"2024-03-08T06:16:48","date_gmt":"2024-03-08T06:16:48","guid":{"rendered":"https:\/\/pornuestrolaredo.com\/?p=3977"},"modified":"2024-03-08T06:16:48","modified_gmt":"2024-03-08T06:16:48","slug":"pasean-monica-bellucci-y-tim-burton-por-barcelona","status":"publish","type":"post","link":"https:\/\/pornuestrolaredo.com\/?p=3977","title":{"rendered":"Pasean Monica Bellucci y Tim Burton por Barcelona"},"content":{"rendered":"<p><strong>BARCELONA.- <\/strong>Tras m\u00e1s de un a\u00f1o de discreta relaci\u00f3n en el que apenas se hab\u00edan dejado ver juntos en p\u00fablico, Monica Bellucci y Tim Burton decidieron pasear por las calles de Barcelona.<\/p>\n<p>La pareja viaj\u00f3 a Barcelona para disfrutar de unos d\u00edas juntos en la ciudad, aunque decidieron llegar separados para evitar que la prensa los interrogara.<\/p>\n<p>El primero en llegar al exclusivo hotel en el que se est\u00e1n alojando en su paso por Barcelona fue el director de Charlie y la F\u00e1brica de Chocolate. Con una gran sonrisa en el rostro y mostrando su lado m\u00e1s amable y cercano, Tim salud\u00f3 a los medios que esperaban su arribo, agradeciendo el cari\u00f1o recibido.<\/p>\n<p>Horas m\u00e1s tarde, Monica lleg\u00f3 con una actitud muy diferente a la de su novio. Rodeada de personas de seguridad que intentaron tapar los objetivos de las c\u00e1maras, la italiana se reencontraba con el director en el hotel sin hacer declaraciones a la prensa sobre el motivo de su visita sorpresa a Espa\u00f1a.<\/p>\n<blockquote><p>Es lo mejor que me ha pasado en la vida&#8221;, dijo el director sobre su relaci\u00f3n con Bellucci.<\/p><\/blockquote>\n<blockquote><p>Es uno de esos encuentros que ocurren pocas veces en la vida. He encontrado en Tim un esp\u00edritu maravilloso, una alma espectacular, alguien con quien compartir un mundo de ensue\u00f1o. Es maravilloso&#8221;, dijo la actriz sobre su pareja.<\/p><\/blockquote>\n","protected":false},"excerpt":{"rendered":"<p>Llegan al hotel y muestran rostros diferentes: el director de cine el amable y la actriz el de la seriedad<\/p>\n","protected":false},"author":1,"featured_media":3978,"comment_status":"closed","ping_status":"closed","sticky":false,"template":"","format":"standard","meta":{"_crdt_document":"","_jetpack_memberships_contains_paid_content":false,"footnotes":"","jetpack_publicize_message":"","jetpack_publicize_feature_enabled":true,"jetpack_social_post_already_shared":true,"jetpack_social_options":{"image_generator_settings":{"template":"highway","default_image_id":0,"font":"","enabled":false},"version":2},"_wpas_customize_per_network":false},"categories":[34],"tags":[],"class_list":["post-3977","post","type-post","status-publish","format-standard","has-post-thumbnail","hentry","category-farandula"],"magazineBlocksPostFeaturedMedia":{"thumbnail":"https:\/\/pornuestrolaredo.com\/wp-content\/uploads\/2024\/03\/107FM-20240308-2-150x150.jpg","medium":"https:\/\/pornuestrolaredo.com\/wp-content\/uploads\/2024\/03\/107FM-20240308-2-300x168.jpg","medium_large":"https:\/\/pornuestrolaredo.com\/wp-content\/uploads\/2024\/03\/107FM-20240308-2-768x431.jpg","large":"https:\/\/pornuestrolaredo.com\/wp-content\/uploads\/2024\/03\/107FM-20240308-2.jpg","1536x1536":"https:\/\/pornuestrolaredo.com\/wp-content\/uploads\/2024\/03\/107FM-20240308-2.jpg","2048x2048":"https:\/\/pornuestrolaredo.com\/wp-content\/uploads\/2024\/03\/107FM-20240308-2.jpg","morenews-large":"https:\/\/pornuestrolaredo.com\/wp-content\/uploads\/2024\/03\/107FM-20240308-2.jpg","morenews-medium":"https:\/\/pornuestrolaredo.com\/wp-content\/uploads\/2024\/03\/107FM-20240308-2.jpg"},"magazineBlocksPostAuthor":{"name":"Redactor","avatar":"https:\/\/pornuestrolaredo.com\/wp-content\/litespeed\/avatar\/dca1d7ec750c399f025f23b0b314f4cf.jpg?ver=1777612120"},"magazineBlocksPostCommentsNumber":false,"magazineBlocksPostExcerpt":"Llegan al hotel y muestran rostros diferentes: el director de cine el amable y la actriz el de la seriedad","magazineBlocksPostCategories":["Far\u00e1ndula"],"magazineBlocksPostViewCount":127,"magazineBlocksPostReadTime":2,"magazine_blocks_featured_image_url":{"full":["https:\/\/pornuestrolaredo.com\/wp-content\/uploads\/2024\/03\/107FM-20240308-2.jpg",960,539,false],"medium":["https:\/\/pornuestrolaredo.com\/wp-content\/uploads\/2024\/03\/107FM-20240308-2-300x168.jpg",300,168,true],"thumbnail":["https:\/\/pornuestrolaredo.com\/wp-content\/uploads\/2024\/03\/107FM-20240308-2-150x150.jpg",150,150,true]},"magazine_blocks_author":{"display_name":"Redactor","author_link":"https:\/\/pornuestrolaredo.com\/?author=1"},"magazine_blocks_comment":0,"magazine_blocks_author_image":"https:\/\/pornuestrolaredo.com\/wp-content\/litespeed\/avatar\/dca1d7ec750c399f025f23b0b314f4cf.jpg?ver=1777612120","magazine_blocks_category":"<a href=\"#\" class=\"category-link category-link-34\">Far\u00e1ndula<\/a>","jetpack_publicize_connections":[],"featured_image_urls":{"full":["https:\/\/pornuestrolaredo.com\/wp-content\/uploads\/2024\/03\/107FM-20240308-2.jpg",960,539,false],"thumbnail":["https:\/\/pornuestrolaredo.com\/wp-content\/uploads\/2024\/03\/107FM-20240308-2-150x150.jpg",150,150,true],"medium":["https:\/\/pornuestrolaredo.com\/wp-content\/uploads\/2024\/03\/107FM-20240308-2-300x168.jpg",300,168,true],"medium_large":["https:\/\/pornuestrolaredo.com\/wp-content\/uploads\/2024\/03\/107FM-20240308-2-768x431.jpg",640,359,true],"large":["https:\/\/pornuestrolaredo.com\/wp-content\/uploads\/2024\/03\/107FM-20240308-2.jpg",640,359,false],"1536x1536":["https:\/\/pornuestrolaredo.com\/wp-content\/uploads\/2024\/03\/107FM-20240308-2.jpg",960,539,false],"2048x2048":["https:\/\/pornuestrolaredo.com\/wp-content\/uploads\/2024\/03\/107FM-20240308-2.jpg",960,539,false],"morenews-large":["https:\/\/pornuestrolaredo.com\/wp-content\/uploads\/2024\/03\/107FM-20240308-2.jpg",825,463,false],"morenews-medium":["https:\/\/pornuestrolaredo.com\/wp-content\/uploads\/2024\/03\/107FM-20240308-2.jpg",590,331,false]},"author_info":{"info":["Redactor"]},"category_info":"<a href=\"https:\/\/pornuestrolaredo.com\/?cat=34\" rel=\"category\">Far\u00e1ndula<\/a>","tag_info":"Far\u00e1ndula","comment_count":"0","jetpack_featured_media_url":"https:\/\/pornuestrolaredo.com\/wp-content\/uploads\/2024\/03\/107FM-20240308-2.jpg","jetpack_sharing_enabled":true,"_links":{"self":[{"href":"https:\/\/pornuestrolaredo.com\/index.php?rest_route=\/wp\/v2\/posts\/3977","targetHints":{"allow":["GET"]}}],"collection":[{"href":"https:\/\/pornuestrolaredo.com\/index.php?rest_route=\/wp\/v2\/posts"}],"about":[{"href":"https:\/\/pornuestrolaredo.com\/index.php?rest_route=\/wp\/v2\/types\/post"}],"author":[{"embeddable":true,"href":"https:\/\/pornuestrolaredo.com\/index.php?rest_route=\/wp\/v2\/users\/1"}],"replies":[{"embeddable":true,"href":"https:\/\/pornuestrolaredo.com\/index.php?rest_route=%2Fwp%2Fv2%2Fcomments&post=3977"}],"version-history":[{"count":1,"href":"https:\/\/pornuestrolaredo.com\/index.php?rest_route=\/wp\/v2\/posts\/3977\/revisions"}],"predecessor-version":[{"id":3979,"href":"https:\/\/pornuestrolaredo.com\/index.php?rest_route=\/wp\/v2\/posts\/3977\/revisions\/3979"}],"wp:featuredmedia":[{"embeddable":true,"href":"https:\/\/pornuestrolaredo.com\/index.php?rest_route=\/wp\/v2\/media\/3978"}],"wp:attachment":[{"href":"https:\/\/pornuestrolaredo.com\/index.php?rest_route=%2Fwp%2Fv2%2Fmedia&parent=3977"}],"wp:term":[{"taxonomy":"category","embeddable":true,"href":"https:\/\/pornuestrolaredo.com\/index.php?rest_route=%2Fwp%2Fv2%2Fcategories&post=3977"},{"taxonomy":"post_tag","embeddable":true,"href":"https:\/\/pornuestrolaredo.com\/index.php?rest_route=%2Fwp%2Fv2%2Ftags&post=3977"}],"curies":[{"name":"wp","href":"https:\/\/api.w.org\/{rel}","templated":true}]}}