{"id":398,"date":"2022-09-26T22:50:06","date_gmt":"2022-09-26T22:50:06","guid":{"rendered":"https:\/\/pornuestrolaredo.com\/?p=398"},"modified":"2022-09-26T22:51:14","modified_gmt":"2022-09-26T22:51:14","slug":"gobierno-municipal-da-a-conocer-requisitos-para-becas-une","status":"publish","type":"post","link":"https:\/\/pornuestrolaredo.com\/?p=398","title":{"rendered":"Gobierno Municipal da a conocer requisitos para becas UNE"},"content":{"rendered":"\n<p class=\"wp-block-paragraph\"><strong><em>NUEVO LAREDO.- <\/em><\/strong>El Gobierno Municipal, a trav\u00e9s de la Secretar\u00eda de Educaci\u00f3n&nbsp; Cultura y Deportes, da a conocer la convocatoria para obtener la beca Una Nueva Era (UNE) que beneficiar\u00e1 a estudiantes de primaria y secundaria de escuelas p\u00fablicas para el ciclo escolar 2022-2023.<\/p>\n\n\n\n<p class=\"wp-block-paragraph\">La alcaldesa, Carmen Lilia Canturosas Villarreal, reiter\u00f3 que en el Gobierno Municipal apoyar\u00e1n a los estudiantes y padres de familia con estos recursos para garantizar que por cuestiones econ\u00f3micas no abandonen la escuela.<\/p>\n\n\n\n<blockquote class=\"wp-block-quote is-layout-flow wp-block-quote-is-layout-flow\"><p>Con estas acciones refrendamos nuestro compromiso en beneficio de la educaci\u00f3n y los que menos tienen. Adem\u00e1s coadyuvaremos a padres de familia con m\u00e1s apoyos como la entrega de mochilas, uniformes y \u00fatiles escolares\u201d, se\u00f1al\u00f3.<\/p><\/blockquote>\n\n\n\n<p class=\"wp-block-paragraph\">El secretario de Educaci\u00f3n, Cultura y Deporte Municipal, Hector Adolfo Mondrag\u00f3n Mass, explic\u00f3 que todas las solicitudes ser\u00e1n consideradas de \u201cnuevo ingreso\u201d y participan en concurso, adem\u00e1s de que no habr\u00e1 renovaci\u00f3n autom\u00e1tica de aquellos que se han beneficiado anteriormente y se aclar\u00f3 que el hecho de entregar la solicitud no garantiza obtener la beca.<\/p>\n\n\n\n<p class=\"wp-block-paragraph\">En esta convocatoria podr\u00e1n participar alumnas y alumnos&nbsp; de nivel primaria (a partir de\nsegundo grado) y secundaria que pertenezcan a escuelas p\u00fablicas escolarizadas del ciclo escolar 2022 &#8211; 2023.<\/p>\n\n\n\n<p class=\"wp-block-paragraph\">Se otorgar\u00e1 como m\u00e1ximo una beca por familia, siempre y cuando el alumno no cuente con otro tipo de beca. <\/p>\n\n\n\n<p class=\"wp-block-paragraph\">Para ser acreedor a una beca UNE se deber\u00e1 de cumplir con\nlos siguientes requisitos: <\/p>\n\n\n\n<ul class=\"wp-block-list\"><li>1.- Acta de nacimiento del alumno (a) (copia simple).<\/li><li>2.- CURP del alumno (a) (copia simple).<\/li><li>3.- Promedio de 7.5 a 10. <\/li><li>4.- Boleta de calificaciones del ciclo escolar 2021-2022 y deber\u00e1 contar con firma y sello de la instituci\u00f3n educativa (Copia).<\/li><li>5.- Constancia de estudios del ciclo escolar 2022-2023 (Original).<\/li><li>6.-Comprobante de domicilio de agua, luz, gas o Telmex con una antig\u00fcedad no mayor a tres meses (Copia).<\/li><li>7.- Credencial de elector vigente del padre, madre o tutor. Otros documentos oficiales vigentes: pasaporte, licencia de conducir o cartilla militar (Copia).<\/li><li>8.- Para quien funja como tutor deber\u00e1 anexar el documento probatorio. (Expedido por un Juez o el DIF),&nbsp; s\u00f3lo en caso de familiar directo no requiere dicho documento: abuelos, t\u00edos, hermanos mayores de edad.<\/li><li>8.- Comprobante de ingresos de padre, madre o tutor (Copia).<\/li><li>9.- CURP y RFC del padre, madre o tutor para generar la cuenta bancaria (Copia).<\/li><li>10.- Las personas que ya fueron beneficiadas con la Beca UNE, anexar contrato o Estado de Cuenta que acredite el N\u00famero de Cuenta.<\/li><\/ul>\n\n\n\n<p class=\"wp-block-paragraph\">Las solicitudes se entregar\u00e1n del 3 al 12 de octubre&nbsp; en 14 sedes y tambi\u00e9n estar\u00e1n disponibles de\nmanera digital en la p\u00e1gina web del Gobierno Municipal. <\/p>\n\n\n\n<p class=\"wp-block-paragraph\">Las solicitudes se podr\u00e1n obtener&nbsp; de lunes a viernes de&nbsp; 8:00 de la ma\u00f1ana a las 4:00 de la tarde, en las seis bibliotecas municipales: Rub\u00e9n Miranda, Emiliano Zapata, Jos\u00e9\nVasconcelos, Jos\u00e9 Mar\u00eda Mart\u00ednez, Fidel Cu\u00e9llar, Octavio Paz.<\/p>\n\n\n\n<p class=\"wp-block-paragraph\">Tambi\u00e9n en las Preparatorias Municipales Jos\u00e9 Vasconcelos, Elena Poniatowska y Manuel G\u00f3mez Mor\u00edn.<\/p>\n\n\n\n<p class=\"wp-block-paragraph\">Igualmente en el Centro Cultural Comunitario Palmares; m\u00f3dulos deportivos ubicado en la Colonia Institucional y en la Colonia El Progreso; Espacio de Artes y Oficios Maquila Creativa y el Instituto Municipal para el Desarrollo de la Juventud (IMJUVE). <\/p>\n\n\n\n<p class=\"wp-block-paragraph\">La recepci\u00f3n de solicitudes con la documentaci\u00f3n est\u00e1 programada para los d\u00edas del 10 al 21 de octubre de 8:00 de la ma\u00f1ana a las 4:00 de la tarde, en las mismas sedes antes mencionadas. <\/p>\n","protected":false},"excerpt":{"rendered":"<p>NUEVO LAREDO.- El Gobierno Municipal, a trav\u00e9s de la Secretar\u00eda de Educaci\u00f3n&nbsp; Cultura y Deportes, da a conocer<\/p>\n","protected":false},"author":1,"featured_media":399,"comment_status":"closed","ping_status":"closed","sticky":false,"template":"","format":"standard","meta":{"_crdt_document":"","_jetpack_memberships_contains_paid_content":false,"footnotes":"","jetpack_publicize_message":"La alcaldesa, Carmen Lilia Canturosas Villarreal, reiter\u00f3 que apoyar\u00e1n a los estudiantes con estos recursos para garantizar que no abandonen la escuela","jetpack_publicize_feature_enabled":true,"jetpack_social_post_already_shared":true,"jetpack_social_options":{"image_generator_settings":{"template":"highway","default_image_id":0,"font":"","enabled":false},"version":2},"_wpas_customize_per_network":false},"categories":[5],"tags":[],"class_list":["post-398","post","type-post","status-publish","format-standard","has-post-thumbnail","hentry","category-dos-laredos"],"magazineBlocksPostFeaturedMedia":{"thumbnail":"https:\/\/pornuestrolaredo.com\/wp-content\/uploads\/2022\/09\/Becas-1-150x150.jpeg","medium":"https:\/\/pornuestrolaredo.com\/wp-content\/uploads\/2022\/09\/Becas-1-300x200.jpeg","medium_large":"https:\/\/pornuestrolaredo.com\/wp-content\/uploads\/2022\/09\/Becas-1-768x512.jpeg","large":"https:\/\/pornuestrolaredo.com\/wp-content\/uploads\/2022\/09\/Becas-1-1024x682.jpeg","1536x1536":"https:\/\/pornuestrolaredo.com\/wp-content\/uploads\/2022\/09\/Becas-1.jpeg","2048x2048":"https:\/\/pornuestrolaredo.com\/wp-content\/uploads\/2022\/09\/Becas-1.jpeg","morenews-large":"https:\/\/pornuestrolaredo.com\/wp-content\/uploads\/2022\/09\/Becas-1.jpeg","morenews-medium":"https:\/\/pornuestrolaredo.com\/wp-content\/uploads\/2022\/09\/Becas-1.jpeg"},"magazineBlocksPostAuthor":{"name":"Redactor","avatar":"https:\/\/pornuestrolaredo.com\/wp-content\/litespeed\/avatar\/dca1d7ec750c399f025f23b0b314f4cf.jpg?ver=1777007253"},"magazineBlocksPostCommentsNumber":false,"magazineBlocksPostExcerpt":"NUEVO LAREDO.- El Gobierno Municipal, a trav\u00e9s de la Secretar\u00eda de Educaci\u00f3n&nbsp; Cultura y Deportes, da a conocer","magazineBlocksPostCategories":["Dos Laredos"],"magazineBlocksPostViewCount":135,"magazineBlocksPostReadTime":3,"magazine_blocks_featured_image_url":{"full":["https:\/\/pornuestrolaredo.com\/wp-content\/uploads\/2022\/09\/Becas-1.jpeg",1280,853,false],"medium":["https:\/\/pornuestrolaredo.com\/wp-content\/uploads\/2022\/09\/Becas-1-300x200.jpeg",300,200,true],"thumbnail":["https:\/\/pornuestrolaredo.com\/wp-content\/uploads\/2022\/09\/Becas-1-150x150.jpeg",150,150,true]},"magazine_blocks_author":{"display_name":"Redactor","author_link":"https:\/\/pornuestrolaredo.com\/?author=1"},"magazine_blocks_comment":0,"magazine_blocks_author_image":"https:\/\/pornuestrolaredo.com\/wp-content\/litespeed\/avatar\/dca1d7ec750c399f025f23b0b314f4cf.jpg?ver=1777007253","magazine_blocks_category":"<a href=\"#\" class=\"category-link category-link-5\">Dos Laredos<\/a>","jetpack_publicize_connections":[],"featured_image_urls":{"full":["https:\/\/pornuestrolaredo.com\/wp-content\/uploads\/2022\/09\/Becas-1.jpeg",1280,853,false],"thumbnail":["https:\/\/pornuestrolaredo.com\/wp-content\/uploads\/2022\/09\/Becas-1-150x150.jpeg",150,150,true],"medium":["https:\/\/pornuestrolaredo.com\/wp-content\/uploads\/2022\/09\/Becas-1-300x200.jpeg",300,200,true],"medium_large":["https:\/\/pornuestrolaredo.com\/wp-content\/uploads\/2022\/09\/Becas-1-768x512.jpeg",640,427,true],"large":["https:\/\/pornuestrolaredo.com\/wp-content\/uploads\/2022\/09\/Becas-1-1024x682.jpeg",640,426,true],"1536x1536":["https:\/\/pornuestrolaredo.com\/wp-content\/uploads\/2022\/09\/Becas-1.jpeg",1280,853,false],"2048x2048":["https:\/\/pornuestrolaredo.com\/wp-content\/uploads\/2022\/09\/Becas-1.jpeg",1280,853,false],"morenews-large":["https:\/\/pornuestrolaredo.com\/wp-content\/uploads\/2022\/09\/Becas-1.jpeg",825,550,false],"morenews-medium":["https:\/\/pornuestrolaredo.com\/wp-content\/uploads\/2022\/09\/Becas-1.jpeg",590,393,false]},"author_info":{"info":["Redactor"]},"category_info":"<a href=\"https:\/\/pornuestrolaredo.com\/?cat=5\" rel=\"category\">Dos Laredos<\/a>","tag_info":"Dos Laredos","comment_count":"0","jetpack_featured_media_url":"https:\/\/pornuestrolaredo.com\/wp-content\/uploads\/2022\/09\/Becas-1.jpeg","jetpack_sharing_enabled":true,"_links":{"self":[{"href":"https:\/\/pornuestrolaredo.com\/index.php?rest_route=\/wp\/v2\/posts\/398","targetHints":{"allow":["GET"]}}],"collection":[{"href":"https:\/\/pornuestrolaredo.com\/index.php?rest_route=\/wp\/v2\/posts"}],"about":[{"href":"https:\/\/pornuestrolaredo.com\/index.php?rest_route=\/wp\/v2\/types\/post"}],"author":[{"embeddable":true,"href":"https:\/\/pornuestrolaredo.com\/index.php?rest_route=\/wp\/v2\/users\/1"}],"replies":[{"embeddable":true,"href":"https:\/\/pornuestrolaredo.com\/index.php?rest_route=%2Fwp%2Fv2%2Fcomments&post=398"}],"version-history":[{"count":2,"href":"https:\/\/pornuestrolaredo.com\/index.php?rest_route=\/wp\/v2\/posts\/398\/revisions"}],"predecessor-version":[{"id":402,"href":"https:\/\/pornuestrolaredo.com\/index.php?rest_route=\/wp\/v2\/posts\/398\/revisions\/402"}],"wp:featuredmedia":[{"embeddable":true,"href":"https:\/\/pornuestrolaredo.com\/index.php?rest_route=\/wp\/v2\/media\/399"}],"wp:attachment":[{"href":"https:\/\/pornuestrolaredo.com\/index.php?rest_route=%2Fwp%2Fv2%2Fmedia&parent=398"}],"wp:term":[{"taxonomy":"category","embeddable":true,"href":"https:\/\/pornuestrolaredo.com\/index.php?rest_route=%2Fwp%2Fv2%2Fcategories&post=398"},{"taxonomy":"post_tag","embeddable":true,"href":"https:\/\/pornuestrolaredo.com\/index.php?rest_route=%2Fwp%2Fv2%2Ftags&post=398"}],"curies":[{"name":"wp","href":"https:\/\/api.w.org\/{rel}","templated":true}]}}