{"id":3983,"date":"2024-03-08T06:38:45","date_gmt":"2024-03-08T06:38:45","guid":{"rendered":"https:\/\/pornuestrolaredo.com\/?p=3983"},"modified":"2024-03-08T06:38:45","modified_gmt":"2024-03-08T06:38:45","slug":"fallece-akira-toriyama-creador-de-dragon-ball","status":"publish","type":"post","link":"https:\/\/pornuestrolaredo.com\/?p=3983","title":{"rendered":"Fallece Akira Toriyama, creador de Dragon Ball"},"content":{"rendered":"<p><strong><em>TOKIO.-<\/em> <\/strong>Akira Toriyama, dise\u00f1ador y mangaka, creador de Dragon Ball, muri\u00f3 a los 68 a\u00f1os, informaron en la p\u00e1gina oficial del autor.<\/p>\n<blockquote><p>Estimados amigos y socios. Nos entristece profundamente informarles de que el creador de manga Akira Toriyama falleci\u00f3 el 1 de marzo debido a un hematoma subdural agudo. Ten\u00eda 68 a\u00f1os&#8221;, reportaron.<\/p><\/blockquote>\n<p>Toriyama se encontraba trabajando en el manga Dragon Ball Super, que se hab\u00eda posicionado como uno de los \u00e9xitos m\u00e1s importantes del 2024.<\/p>\n<blockquote><p>Lamentamos profundamente que a\u00fan tuviera varias obras en plena creaci\u00f3n con gran entusiasmo. Adem\u00e1s, le quedaban muchas cosas por realizar&#8221;, informaron.<\/p><\/blockquote>\n<p>El creador de Dragon Ball marc\u00f3 un hito en la cultura japonesa, pues inspir\u00f3 a muchas personas que crearon otros mangas como Naruto, One Piece y My Hero Academia.<\/p>\n<blockquote><p>Ha dejado muchos t\u00edtulos de manga y obras de arte a este mundo. Gracias al apoyo de tantas personas de todo el mundo, ha podido continuar con sus actividades creativas durante m\u00e1s de 45 a\u00f1os. Esperamos que el singular mundo de creaci\u00f3n de Akira Toriyama siga siendo amado por todos durante mucho tiempo&#8221;, compartieron.<\/p><\/blockquote>\n<p>En el comunicado tambi\u00e9n revelaron que el funeral se llev\u00f3 a cabo s\u00f3lo con familia y amigos cercanos al creador, por lo que le pidieron a sus fans que no manden cartas, regalos, flores o alg\u00fan tipo de obsequio, pues esperan rendirle un homenaje a Toriyama.<\/p>\n<blockquote><p>El plan futuro para la reuni\u00f3n conmemorativa no est\u00e1 decidido, les informaremos cuando est\u00e9 confirmado. Les agradecemos profundamente por su comprensi\u00f3n y apoyo como siempre&#8221;, terminaron.<\/p><\/blockquote>\n","protected":false},"excerpt":{"rendered":"<p>Ten\u00eda 68 a\u00f1os y sufri\u00f3 un hematoma subdural agudo; su deceso toma a todos por sorpresa<\/p>\n","protected":false},"author":1,"featured_media":3984,"comment_status":"closed","ping_status":"closed","sticky":false,"template":"","format":"standard","meta":{"_crdt_document":"","_jetpack_memberships_contains_paid_content":false,"footnotes":"","jetpack_publicize_message":"","jetpack_publicize_feature_enabled":true,"jetpack_social_post_already_shared":true,"jetpack_social_options":{"image_generator_settings":{"template":"highway","default_image_id":0,"font":"","enabled":false},"version":2},"_wpas_customize_per_network":false},"categories":[9],"tags":[],"class_list":["post-3983","post","type-post","status-publish","format-standard","has-post-thumbnail","hentry","category-el-mundo"],"magazineBlocksPostFeaturedMedia":{"thumbnail":"https:\/\/pornuestrolaredo.com\/wp-content\/uploads\/2024\/03\/PNL-20240308-3-150x150.jpg","medium":"https:\/\/pornuestrolaredo.com\/wp-content\/uploads\/2024\/03\/PNL-20240308-3-300x195.jpg","medium_large":"https:\/\/pornuestrolaredo.com\/wp-content\/uploads\/2024\/03\/PNL-20240308-3-768x499.jpg","large":"https:\/\/pornuestrolaredo.com\/wp-content\/uploads\/2024\/03\/PNL-20240308-3.jpg","1536x1536":"https:\/\/pornuestrolaredo.com\/wp-content\/uploads\/2024\/03\/PNL-20240308-3.jpg","2048x2048":"https:\/\/pornuestrolaredo.com\/wp-content\/uploads\/2024\/03\/PNL-20240308-3.jpg","morenews-large":"https:\/\/pornuestrolaredo.com\/wp-content\/uploads\/2024\/03\/PNL-20240308-3.jpg","morenews-medium":"https:\/\/pornuestrolaredo.com\/wp-content\/uploads\/2024\/03\/PNL-20240308-3.jpg"},"magazineBlocksPostAuthor":{"name":"Redactor","avatar":"https:\/\/pornuestrolaredo.com\/wp-content\/litespeed\/avatar\/dca1d7ec750c399f025f23b0b314f4cf.jpg?ver=1777612120"},"magazineBlocksPostCommentsNumber":false,"magazineBlocksPostExcerpt":"Ten\u00eda 68 a\u00f1os y sufri\u00f3 un hematoma subdural agudo; su deceso toma a todos por sorpresa","magazineBlocksPostCategories":["El Mundo"],"magazineBlocksPostViewCount":114,"magazineBlocksPostReadTime":2,"magazine_blocks_featured_image_url":{"full":["https:\/\/pornuestrolaredo.com\/wp-content\/uploads\/2024\/03\/PNL-20240308-3.jpg",830,539,false],"medium":["https:\/\/pornuestrolaredo.com\/wp-content\/uploads\/2024\/03\/PNL-20240308-3-300x195.jpg",300,195,true],"thumbnail":["https:\/\/pornuestrolaredo.com\/wp-content\/uploads\/2024\/03\/PNL-20240308-3-150x150.jpg",150,150,true]},"magazine_blocks_author":{"display_name":"Redactor","author_link":"https:\/\/pornuestrolaredo.com\/?author=1"},"magazine_blocks_comment":0,"magazine_blocks_author_image":"https:\/\/pornuestrolaredo.com\/wp-content\/litespeed\/avatar\/dca1d7ec750c399f025f23b0b314f4cf.jpg?ver=1777612120","magazine_blocks_category":"<a href=\"#\" class=\"category-link category-link-9\">El Mundo<\/a>","jetpack_publicize_connections":[],"featured_image_urls":{"full":["https:\/\/pornuestrolaredo.com\/wp-content\/uploads\/2024\/03\/PNL-20240308-3.jpg",830,539,false],"thumbnail":["https:\/\/pornuestrolaredo.com\/wp-content\/uploads\/2024\/03\/PNL-20240308-3-150x150.jpg",150,150,true],"medium":["https:\/\/pornuestrolaredo.com\/wp-content\/uploads\/2024\/03\/PNL-20240308-3-300x195.jpg",300,195,true],"medium_large":["https:\/\/pornuestrolaredo.com\/wp-content\/uploads\/2024\/03\/PNL-20240308-3-768x499.jpg",640,416,true],"large":["https:\/\/pornuestrolaredo.com\/wp-content\/uploads\/2024\/03\/PNL-20240308-3.jpg",640,416,false],"1536x1536":["https:\/\/pornuestrolaredo.com\/wp-content\/uploads\/2024\/03\/PNL-20240308-3.jpg",830,539,false],"2048x2048":["https:\/\/pornuestrolaredo.com\/wp-content\/uploads\/2024\/03\/PNL-20240308-3.jpg",830,539,false],"morenews-large":["https:\/\/pornuestrolaredo.com\/wp-content\/uploads\/2024\/03\/PNL-20240308-3.jpg",825,536,false],"morenews-medium":["https:\/\/pornuestrolaredo.com\/wp-content\/uploads\/2024\/03\/PNL-20240308-3.jpg",590,383,false]},"author_info":{"info":["Redactor"]},"category_info":"<a href=\"https:\/\/pornuestrolaredo.com\/?cat=9\" rel=\"category\">El Mundo<\/a>","tag_info":"El Mundo","comment_count":"0","jetpack_featured_media_url":"https:\/\/pornuestrolaredo.com\/wp-content\/uploads\/2024\/03\/PNL-20240308-3.jpg","jetpack_sharing_enabled":true,"_links":{"self":[{"href":"https:\/\/pornuestrolaredo.com\/index.php?rest_route=\/wp\/v2\/posts\/3983","targetHints":{"allow":["GET"]}}],"collection":[{"href":"https:\/\/pornuestrolaredo.com\/index.php?rest_route=\/wp\/v2\/posts"}],"about":[{"href":"https:\/\/pornuestrolaredo.com\/index.php?rest_route=\/wp\/v2\/types\/post"}],"author":[{"embeddable":true,"href":"https:\/\/pornuestrolaredo.com\/index.php?rest_route=\/wp\/v2\/users\/1"}],"replies":[{"embeddable":true,"href":"https:\/\/pornuestrolaredo.com\/index.php?rest_route=%2Fwp%2Fv2%2Fcomments&post=3983"}],"version-history":[{"count":1,"href":"https:\/\/pornuestrolaredo.com\/index.php?rest_route=\/wp\/v2\/posts\/3983\/revisions"}],"predecessor-version":[{"id":3985,"href":"https:\/\/pornuestrolaredo.com\/index.php?rest_route=\/wp\/v2\/posts\/3983\/revisions\/3985"}],"wp:featuredmedia":[{"embeddable":true,"href":"https:\/\/pornuestrolaredo.com\/index.php?rest_route=\/wp\/v2\/media\/3984"}],"wp:attachment":[{"href":"https:\/\/pornuestrolaredo.com\/index.php?rest_route=%2Fwp%2Fv2%2Fmedia&parent=3983"}],"wp:term":[{"taxonomy":"category","embeddable":true,"href":"https:\/\/pornuestrolaredo.com\/index.php?rest_route=%2Fwp%2Fv2%2Fcategories&post=3983"},{"taxonomy":"post_tag","embeddable":true,"href":"https:\/\/pornuestrolaredo.com\/index.php?rest_route=%2Fwp%2Fv2%2Ftags&post=3983"}],"curies":[{"name":"wp","href":"https:\/\/api.w.org\/{rel}","templated":true}]}}