{"id":3992,"date":"2024-03-13T04:41:34","date_gmt":"2024-03-13T04:41:34","guid":{"rendered":"https:\/\/pornuestrolaredo.com\/?p=3992"},"modified":"2024-03-13T04:41:34","modified_gmt":"2024-03-13T04:41:34","slug":"van-biden-y-trump-por-la-revancha","status":"publish","type":"post","link":"https:\/\/pornuestrolaredo.com\/?p=3992","title":{"rendered":"Van Biden y Trump por la revancha"},"content":{"rendered":"<p><strong<em>>WASHINGTON.-<\/em><\/strong> El presidente Joe Biden y el expresidente Donald Trump aseguraron el martes las nominaciones presidenciales de sus partidos con victorias decisivas en una serie de elecciones primarias, con lo que se vislumbra una revancha en las urnas que muchos votantes no quieren.<\/p>\n<p>El resultado de las primarias en Georgia, Mississippi y el estado de Washington nunca estuvo en duda. Ni Biden, del Partido Dem\u00f3crata, ni Trump, del Partido Republicano, enfrentaban una gran oposici\u00f3n. Pero sus victorias dieron a cada uno la cantidad de delegados que necesitaban para reclamar la nominaci\u00f3n de su partido en las convenciones nacionales de mediados de a\u00f1o.<\/p>\n<p>Sin haber llegado siquiera a la mitad del calendario de primarias presidenciales, el martes marc\u00f3 un momento de cristalizaci\u00f3n para una naci\u00f3n intranquila con sus opciones en 2024.<\/p>\n<p>Ya no hay duda de que las elecciones de noviembre ofrecer\u00e1n una revancha entre dos presidentes con deficiencias e impopulares. A sus 81 a\u00f1os, Biden es el presidente de mayor edad en la historia de Estados Unidos, mientras que Trump, de 77 a\u00f1os, est\u00e1 acusado en cuatro casos penales. Su revancha, la primera entre dos presidentes de Estados Unidos desde 1912, ahondar\u00e1 casi con total seguridad las profundas divisiones pol\u00edticas y culturales del pa\u00eds en los ocho meses de campa\u00f1a que quedan por delante.<\/p>\n<p>En un comunicado, Biden celebr\u00f3 su nominaci\u00f3n al tiempo que se\u00f1al\u00f3 que Trump era una grave amenaza para la democracia.<\/p>\n<p>Trump \u201cest\u00e1 llevando a cabo una campa\u00f1a de resentimiento, venganza y represalias que amenaza la idea misma de Estados Unidos\u201d, afirm\u00f3.<\/p>\n<blockquote><p>Me siento honrado de que la amplia coalici\u00f3n de votantes que representan la rica diversidad del Partido Dem\u00f3crata en todo el pa\u00eds haya confiado en m\u00ed una vez m\u00e1s para liderar nuestro partido \u2014y nuestro pa\u00eds\u2014 en un momento en el que la amenaza que supone Trump es mayor que nunca\u201d, a\u00f1adi\u00f3.<\/p><\/blockquote>\n<p>Trump, en un video publicado en redes sociales, celebr\u00f3 lo que llam\u00f3 \u201cun gran d\u00eda de victoria\u201d.<\/p>\n<blockquote><p>Pero ahora tenemos que volver al trabajo porque tenemos al peor presidente de la historia de nuestro pa\u00eds\u201d, dijo Trump en referencia a Biden. \u201cAs\u00ed que no vamos a tomarnos tiempo para celebrarlo. Lo celebraremos dentro de ocho meses, cuando acaben las elecciones\u201d.<\/p><\/blockquote>\n","protected":false},"excerpt":{"rendered":"<p>Ganan ambos una serie de elecciones primarias, lo que les da el derecho a ser candidatos por sus partidos a la Presidencia de Estados Unidos<\/p>\n","protected":false},"author":1,"featured_media":3993,"comment_status":"closed","ping_status":"closed","sticky":false,"template":"","format":"standard","meta":{"_crdt_document":"","_jetpack_memberships_contains_paid_content":false,"footnotes":"","jetpack_publicize_message":"","jetpack_publicize_feature_enabled":true,"jetpack_social_post_already_shared":false,"jetpack_social_options":{"image_generator_settings":{"template":"highway","default_image_id":0,"font":"","enabled":false},"version":2},"_wpas_customize_per_network":false},"categories":[9],"tags":[],"class_list":["post-3992","post","type-post","status-publish","format-standard","has-post-thumbnail","hentry","category-el-mundo"],"magazineBlocksPostFeaturedMedia":{"thumbnail":"https:\/\/pornuestrolaredo.com\/wp-content\/uploads\/2024\/03\/107FM-20240312-2-150x150.jpg","medium":"https:\/\/pornuestrolaredo.com\/wp-content\/uploads\/2024\/03\/107FM-20240312-2-300x180.jpg","medium_large":"https:\/\/pornuestrolaredo.com\/wp-content\/uploads\/2024\/03\/107FM-20240312-2-768x461.jpg","large":"https:\/\/pornuestrolaredo.com\/wp-content\/uploads\/2024\/03\/107FM-20240312-2-1000x600.jpg","1536x1536":"https:\/\/pornuestrolaredo.com\/wp-content\/uploads\/2024\/03\/107FM-20240312-2.jpg","2048x2048":"https:\/\/pornuestrolaredo.com\/wp-content\/uploads\/2024\/03\/107FM-20240312-2.jpg","morenews-large":"https:\/\/pornuestrolaredo.com\/wp-content\/uploads\/2024\/03\/107FM-20240312-2.jpg","morenews-medium":"https:\/\/pornuestrolaredo.com\/wp-content\/uploads\/2024\/03\/107FM-20240312-2.jpg"},"magazineBlocksPostAuthor":{"name":"Redactor","avatar":"https:\/\/pornuestrolaredo.com\/wp-content\/litespeed\/avatar\/dca1d7ec750c399f025f23b0b314f4cf.jpg?ver=1777612120"},"magazineBlocksPostCommentsNumber":false,"magazineBlocksPostExcerpt":"Ganan ambos una serie de elecciones primarias, lo que les da el derecho a ser candidatos por sus partidos a la Presidencia de Estados Unidos","magazineBlocksPostCategories":["El Mundo"],"magazineBlocksPostViewCount":134,"magazineBlocksPostReadTime":2,"magazine_blocks_featured_image_url":{"full":["https:\/\/pornuestrolaredo.com\/wp-content\/uploads\/2024\/03\/107FM-20240312-2.jpg",1298,779,false],"medium":["https:\/\/pornuestrolaredo.com\/wp-content\/uploads\/2024\/03\/107FM-20240312-2-300x180.jpg",300,180,true],"thumbnail":["https:\/\/pornuestrolaredo.com\/wp-content\/uploads\/2024\/03\/107FM-20240312-2-150x150.jpg",150,150,true]},"magazine_blocks_author":{"display_name":"Redactor","author_link":"https:\/\/pornuestrolaredo.com\/?author=1"},"magazine_blocks_comment":0,"magazine_blocks_author_image":"https:\/\/pornuestrolaredo.com\/wp-content\/litespeed\/avatar\/dca1d7ec750c399f025f23b0b314f4cf.jpg?ver=1777612120","magazine_blocks_category":"<a href=\"#\" class=\"category-link category-link-9\">El Mundo<\/a>","jetpack_publicize_connections":[],"featured_image_urls":{"full":["https:\/\/pornuestrolaredo.com\/wp-content\/uploads\/2024\/03\/107FM-20240312-2.jpg",1298,779,false],"thumbnail":["https:\/\/pornuestrolaredo.com\/wp-content\/uploads\/2024\/03\/107FM-20240312-2-150x150.jpg",150,150,true],"medium":["https:\/\/pornuestrolaredo.com\/wp-content\/uploads\/2024\/03\/107FM-20240312-2-300x180.jpg",300,180,true],"medium_large":["https:\/\/pornuestrolaredo.com\/wp-content\/uploads\/2024\/03\/107FM-20240312-2-768x461.jpg",640,384,true],"large":["https:\/\/pornuestrolaredo.com\/wp-content\/uploads\/2024\/03\/107FM-20240312-2-1000x600.jpg",640,384,true],"1536x1536":["https:\/\/pornuestrolaredo.com\/wp-content\/uploads\/2024\/03\/107FM-20240312-2.jpg",1298,779,false],"2048x2048":["https:\/\/pornuestrolaredo.com\/wp-content\/uploads\/2024\/03\/107FM-20240312-2.jpg",1298,779,false],"morenews-large":["https:\/\/pornuestrolaredo.com\/wp-content\/uploads\/2024\/03\/107FM-20240312-2.jpg",825,495,false],"morenews-medium":["https:\/\/pornuestrolaredo.com\/wp-content\/uploads\/2024\/03\/107FM-20240312-2.jpg",590,354,false]},"author_info":{"info":["Redactor"]},"category_info":"<a href=\"https:\/\/pornuestrolaredo.com\/?cat=9\" rel=\"category\">El Mundo<\/a>","tag_info":"El Mundo","comment_count":"0","jetpack_featured_media_url":"https:\/\/pornuestrolaredo.com\/wp-content\/uploads\/2024\/03\/107FM-20240312-2.jpg","jetpack_sharing_enabled":true,"_links":{"self":[{"href":"https:\/\/pornuestrolaredo.com\/index.php?rest_route=\/wp\/v2\/posts\/3992","targetHints":{"allow":["GET"]}}],"collection":[{"href":"https:\/\/pornuestrolaredo.com\/index.php?rest_route=\/wp\/v2\/posts"}],"about":[{"href":"https:\/\/pornuestrolaredo.com\/index.php?rest_route=\/wp\/v2\/types\/post"}],"author":[{"embeddable":true,"href":"https:\/\/pornuestrolaredo.com\/index.php?rest_route=\/wp\/v2\/users\/1"}],"replies":[{"embeddable":true,"href":"https:\/\/pornuestrolaredo.com\/index.php?rest_route=%2Fwp%2Fv2%2Fcomments&post=3992"}],"version-history":[{"count":1,"href":"https:\/\/pornuestrolaredo.com\/index.php?rest_route=\/wp\/v2\/posts\/3992\/revisions"}],"predecessor-version":[{"id":3994,"href":"https:\/\/pornuestrolaredo.com\/index.php?rest_route=\/wp\/v2\/posts\/3992\/revisions\/3994"}],"wp:featuredmedia":[{"embeddable":true,"href":"https:\/\/pornuestrolaredo.com\/index.php?rest_route=\/wp\/v2\/media\/3993"}],"wp:attachment":[{"href":"https:\/\/pornuestrolaredo.com\/index.php?rest_route=%2Fwp%2Fv2%2Fmedia&parent=3992"}],"wp:term":[{"taxonomy":"category","embeddable":true,"href":"https:\/\/pornuestrolaredo.com\/index.php?rest_route=%2Fwp%2Fv2%2Fcategories&post=3992"},{"taxonomy":"post_tag","embeddable":true,"href":"https:\/\/pornuestrolaredo.com\/index.php?rest_route=%2Fwp%2Fv2%2Ftags&post=3992"}],"curies":[{"name":"wp","href":"https:\/\/api.w.org\/{rel}","templated":true}]}}