{"id":4009,"date":"2024-03-14T05:34:59","date_gmt":"2024-03-14T05:34:59","guid":{"rendered":"https:\/\/pornuestrolaredo.com\/?p=4009"},"modified":"2024-03-14T05:34:59","modified_gmt":"2024-03-14T05:34:59","slug":"fallece-hombre-que-vivio-70-anos-en-pulmon-de-hierro","status":"publish","type":"post","link":"https:\/\/pornuestrolaredo.com\/?p=4009","title":{"rendered":"Fallece hombre que vivi\u00f3 70 a\u00f1os en \u2018pulm\u00f3n de hierro\u2019"},"content":{"rendered":"<p><strong><em>DALLAS.-<\/em><\/strong> Paul Alexander, un hombre que por las secuelas de la poliomielitis debi\u00f3 vivir por siete d\u00e9cadas dentro de una especie de cilindro conocido como &#8220;pulm\u00f3n de hierro&#8221;, falleci\u00f3 a los 78 a\u00f1os, inform\u00f3 su familia.<\/p>\n<p>El hombre que resid\u00eda en Dallas, Texas, en el sur de Estados Unidos, contrajo polio a los seis a\u00f1os y qued\u00f3 paralizado del cuello para abajo. Por ello debi\u00f3 vivir dentro de un respirador mec\u00e1nico, que manten\u00eda todo su cuerpo encapsulado, con un orificio solo para la salida de su cabeza.<\/p>\n<p>Pese a su confinamiento, fue una persona destacada en sus estudios. Se gradu\u00f3 en Derecho, trabaj\u00f3 en el campo jur\u00eddico y escribi\u00f3 un libro.<\/p>\n<blockquote><p>Fue un honor ser parte de la vida de alguien tan admirado como \u00e9l&#8221;, escribi\u00f3 en la madrugada del mi\u00e9rcoles su hermano Philip Alexander, en Facebook, al anunciar el deceso de Paul. &#8220;Conmovi\u00f3 e inspir\u00f3 a millones de personas y eso no es una exageraci\u00f3n&#8221;.<\/p>\n<p>De acuerdo con un obituario en l\u00ednea, Paul Alexander falleci\u00f3 el 11 de marzo pero las noticias sobre su muerte comenzaron a difundirse este mi\u00e9rcoles.<\/p>\n<p>Christopher Ulmer, un activista que apoya a personas con discapacidad y que dirige una recaudaci\u00f3n de fondos para Alexander, tambi\u00e9n confirm\u00f3 su muerte en una actualizaci\u00f3n de GoFundMe publicada el martes.<\/p>\n<\/blockquote>\n<p>Su historia viaj\u00f3 muy lejos, influyendo positivamente en personas de todo el mundo. Paul fue un modelo incre\u00edble que seguir\u00e1 siendo recordado&#8221;, dijo Ulmer.<\/p>\n<blockquote>\n<p>Una publicaci\u00f3n de fines de febrero en la cuenta oficial de TikTok de Alexander dec\u00eda que lo hab\u00edan llevado de urgencia a la sala de emergencias despu\u00e9s de contraer covid-19.<\/p>\n<p>Los pulmones de hierro son c\u00e1maras selladas equipadas con bombas.<\/p>\n<p>Al aumentar y disminuir la presi\u00f3n dentro de la c\u00e1mara, los pulmones del paciente se expanden y contraen, haci\u00e9ndole respirar.<\/p>\n<p>Inventadas en la d\u00e9cada de 1920, su uso desapareci\u00f3 despu\u00e9s de la invenci\u00f3n de la vacuna contra la polio por Jonas Salk, que estuvo ampliamente disponible a partir de 1955 y ayud\u00f3 a contener esta devastadora enfermedad que causaba par\u00e1lisis.<\/p>\n<p>Alexander ostentaba el r\u00e9cord mundial Guinness oficial por el tiempo que pas\u00f3 dentro de un &#8220;pulm\u00f3n&#8221;. Seg\u00fan reportes, Martha Lillard, de 75 a\u00f1os, de Oklahoma, es ahora la \u00faltima persona sobreviviente en un pulm\u00f3n de hierro.<\/p>\n","protected":false},"excerpt":{"rendered":"<p>Qued\u00f3 paralizado del cuello hacia abajo, lo que lo conden\u00f3 a mantener su cuerpo dentro de una gran c\u00e1psula<\/p>\n","protected":false},"author":1,"featured_media":4010,"comment_status":"closed","ping_status":"closed","sticky":false,"template":"","format":"standard","meta":{"_crdt_document":"","_jetpack_memberships_contains_paid_content":false,"footnotes":"","jetpack_publicize_message":"","jetpack_publicize_feature_enabled":true,"jetpack_social_post_already_shared":true,"jetpack_social_options":{"image_generator_settings":{"template":"highway","default_image_id":0,"font":"","enabled":false},"version":2},"_wpas_customize_per_network":false},"categories":[9],"tags":[],"class_list":["post-4009","post","type-post","status-publish","format-standard","has-post-thumbnail","hentry","category-el-mundo"],"magazineBlocksPostFeaturedMedia":{"thumbnail":"https:\/\/pornuestrolaredo.com\/wp-content\/uploads\/2024\/03\/PNL-20240313-3-150x150.jpg","medium":"https:\/\/pornuestrolaredo.com\/wp-content\/uploads\/2024\/03\/PNL-20240313-3-300x179.jpg","medium_large":"https:\/\/pornuestrolaredo.com\/wp-content\/uploads\/2024\/03\/PNL-20240313-3-768x458.jpg","large":"https:\/\/pornuestrolaredo.com\/wp-content\/uploads\/2024\/03\/PNL-20240313-3.jpg","1536x1536":"https:\/\/pornuestrolaredo.com\/wp-content\/uploads\/2024\/03\/PNL-20240313-3.jpg","2048x2048":"https:\/\/pornuestrolaredo.com\/wp-content\/uploads\/2024\/03\/PNL-20240313-3.jpg","morenews-large":"https:\/\/pornuestrolaredo.com\/wp-content\/uploads\/2024\/03\/PNL-20240313-3.jpg","morenews-medium":"https:\/\/pornuestrolaredo.com\/wp-content\/uploads\/2024\/03\/PNL-20240313-3.jpg"},"magazineBlocksPostAuthor":{"name":"Redactor","avatar":"https:\/\/pornuestrolaredo.com\/wp-content\/litespeed\/avatar\/dca1d7ec750c399f025f23b0b314f4cf.jpg?ver=1777612120"},"magazineBlocksPostCommentsNumber":false,"magazineBlocksPostExcerpt":"Qued\u00f3 paralizado del cuello hacia abajo, lo que lo conden\u00f3 a mantener su cuerpo dentro de una gran c\u00e1psula","magazineBlocksPostCategories":["El Mundo"],"magazineBlocksPostViewCount":115,"magazineBlocksPostReadTime":3,"magazine_blocks_featured_image_url":{"full":["https:\/\/pornuestrolaredo.com\/wp-content\/uploads\/2024\/03\/PNL-20240313-3.jpg",960,573,false],"medium":["https:\/\/pornuestrolaredo.com\/wp-content\/uploads\/2024\/03\/PNL-20240313-3-300x179.jpg",300,179,true],"thumbnail":["https:\/\/pornuestrolaredo.com\/wp-content\/uploads\/2024\/03\/PNL-20240313-3-150x150.jpg",150,150,true]},"magazine_blocks_author":{"display_name":"Redactor","author_link":"https:\/\/pornuestrolaredo.com\/?author=1"},"magazine_blocks_comment":0,"magazine_blocks_author_image":"https:\/\/pornuestrolaredo.com\/wp-content\/litespeed\/avatar\/dca1d7ec750c399f025f23b0b314f4cf.jpg?ver=1777612120","magazine_blocks_category":"<a href=\"#\" class=\"category-link category-link-9\">El Mundo<\/a>","jetpack_publicize_connections":[],"featured_image_urls":{"full":["https:\/\/pornuestrolaredo.com\/wp-content\/uploads\/2024\/03\/PNL-20240313-3.jpg",960,573,false],"thumbnail":["https:\/\/pornuestrolaredo.com\/wp-content\/uploads\/2024\/03\/PNL-20240313-3-150x150.jpg",150,150,true],"medium":["https:\/\/pornuestrolaredo.com\/wp-content\/uploads\/2024\/03\/PNL-20240313-3-300x179.jpg",300,179,true],"medium_large":["https:\/\/pornuestrolaredo.com\/wp-content\/uploads\/2024\/03\/PNL-20240313-3-768x458.jpg",640,382,true],"large":["https:\/\/pornuestrolaredo.com\/wp-content\/uploads\/2024\/03\/PNL-20240313-3.jpg",640,382,false],"1536x1536":["https:\/\/pornuestrolaredo.com\/wp-content\/uploads\/2024\/03\/PNL-20240313-3.jpg",960,573,false],"2048x2048":["https:\/\/pornuestrolaredo.com\/wp-content\/uploads\/2024\/03\/PNL-20240313-3.jpg",960,573,false],"morenews-large":["https:\/\/pornuestrolaredo.com\/wp-content\/uploads\/2024\/03\/PNL-20240313-3.jpg",825,492,false],"morenews-medium":["https:\/\/pornuestrolaredo.com\/wp-content\/uploads\/2024\/03\/PNL-20240313-3.jpg",590,352,false]},"author_info":{"info":["Redactor"]},"category_info":"<a href=\"https:\/\/pornuestrolaredo.com\/?cat=9\" rel=\"category\">El Mundo<\/a>","tag_info":"El Mundo","comment_count":"0","jetpack_featured_media_url":"https:\/\/pornuestrolaredo.com\/wp-content\/uploads\/2024\/03\/PNL-20240313-3.jpg","jetpack_sharing_enabled":true,"_links":{"self":[{"href":"https:\/\/pornuestrolaredo.com\/index.php?rest_route=\/wp\/v2\/posts\/4009","targetHints":{"allow":["GET"]}}],"collection":[{"href":"https:\/\/pornuestrolaredo.com\/index.php?rest_route=\/wp\/v2\/posts"}],"about":[{"href":"https:\/\/pornuestrolaredo.com\/index.php?rest_route=\/wp\/v2\/types\/post"}],"author":[{"embeddable":true,"href":"https:\/\/pornuestrolaredo.com\/index.php?rest_route=\/wp\/v2\/users\/1"}],"replies":[{"embeddable":true,"href":"https:\/\/pornuestrolaredo.com\/index.php?rest_route=%2Fwp%2Fv2%2Fcomments&post=4009"}],"version-history":[{"count":1,"href":"https:\/\/pornuestrolaredo.com\/index.php?rest_route=\/wp\/v2\/posts\/4009\/revisions"}],"predecessor-version":[{"id":4011,"href":"https:\/\/pornuestrolaredo.com\/index.php?rest_route=\/wp\/v2\/posts\/4009\/revisions\/4011"}],"wp:featuredmedia":[{"embeddable":true,"href":"https:\/\/pornuestrolaredo.com\/index.php?rest_route=\/wp\/v2\/media\/4010"}],"wp:attachment":[{"href":"https:\/\/pornuestrolaredo.com\/index.php?rest_route=%2Fwp%2Fv2%2Fmedia&parent=4009"}],"wp:term":[{"taxonomy":"category","embeddable":true,"href":"https:\/\/pornuestrolaredo.com\/index.php?rest_route=%2Fwp%2Fv2%2Fcategories&post=4009"},{"taxonomy":"post_tag","embeddable":true,"href":"https:\/\/pornuestrolaredo.com\/index.php?rest_route=%2Fwp%2Fv2%2Ftags&post=4009"}],"curies":[{"name":"wp","href":"https:\/\/api.w.org\/{rel}","templated":true}]}}