{"id":4012,"date":"2024-03-15T04:11:47","date_gmt":"2024-03-15T04:11:47","guid":{"rendered":"https:\/\/pornuestrolaredo.com\/?p=4012"},"modified":"2024-03-15T04:11:47","modified_gmt":"2024-03-15T04:11:47","slug":"fallece-influencer-la-gilbertona","status":"publish","type":"post","link":"https:\/\/pornuestrolaredo.com\/?p=4012","title":{"rendered":"Fallece influencer \u2018La Gilbertona\u2019"},"content":{"rendered":"<p><strong>CULIAC\u00c1N.- <\/strong>Luego de que el domingo comenz\u00f3 a circular versiones que aseguraban que \u201cLa Gilbertona\u201d, influencer de Culiac\u00e1n que se hizo viral en redes sociales, la ma\u00f1ana de jueves se report\u00f3 su fallecimiento, a los 88 a\u00f1os.<\/p>\n<p>La noticia se dio a conocer a trav\u00e9s de una publicaci\u00f3n en su cuenta oficial de Facebook, donde mencionaron que el coraz\u00f3n del personaje \u201cque nos entretuvo tanto con sus ocurrencias dej\u00f3 de latir\u201d.<\/p>\n<blockquote><p>Hoy 14 de marzo nos despedimos de Gilberto Salomon Vazquez \u2018La Famosa Gilbertona\u2019 quien a los 88 a\u00f1os de edad deja de latir ese coraz\u00f3n que nos entretuvo tanto con sus ocurrencias y enojos, en paz descanse\u201d, se lee en el comunicado.<\/p><\/blockquote>\n<p>Durante una entrevista que tuvo el m\u00fasico Pavel Moreno, quien era amigo y representante de Gilberto Salom\u00f3n, nombre real del influencer, dio a conocer que ya se encontraba muy mal de salud debido a que sus pulmones estaban en mal estado.<\/p>\n<blockquote><p>Hicimos todo lo posible, trajimos doctores , pero la valorizaron los doctores y dijeron: \u2018La verdad Pavel ya no hay mucho que hacer, \u00e9l ya est\u00e1 cansado, tienen mucho deterioro sus pulmones y pues hay que esperar\u2019\u201d, expres\u00f3.<\/p><\/blockquote>\n<p>Aunque Pavel mencion\u00f3 esto, algunos medios de comunicaci\u00f3n y usuarios de redes sociales han recalcado que padec\u00eda de pulmon\u00eda; sin embargo se espera que su manager o su familia compartan m\u00e1s informaci\u00f3n al respecto.<\/p>\n<p>Asimismo, revel\u00f3 por medio de un video que fue publicado en su canal de YouTube que el creador de contenido ser\u00e1 velado este jueves en la funeraria Moreh en Culiac\u00e1n, Sinaloa.<\/p>\n<blockquote><p>Ayer ya lo miraba muy mal. Platiqu\u00e9 con \u00e9l ayer, lo poco que pudo platicar, y pues el d\u00eda de hoy ya se nos fue, ya est\u00e1 descansando en paz ahora s\u00ed \u2018La Gilbertona\u2019. Fue una persona que sinceramente nos divirti\u00f3 mucho, fue una persona que nos dej\u00f3 muchas ense\u00f1anzas y la verdad fue una persona excepcional\u201d, agreg\u00f3.<\/p><\/blockquote>\n<p><strong>\u00bfQUI\u00c9N ERA LA GILBERTONA?<br \/>\n<\/strong><br \/>\nGilberto Salom\u00f3n V\u00e1squez, quien era conocido en el mundo de las redes sociales como &#8220;La Gilbertona&#8221;, fue un personaje que se gan\u00f3 la simpat\u00eda en diferentes plataformas por su particular interacci\u00f3n con la gente.<\/p>\n<p>De acuerdo con el contenido que se ha difundido especialmente en TikTok viv\u00eda en Culiac\u00e1n, Sinaloa. Gracias a sus peculiares saludos, \u201cLa Gilbertona\u201d se hizo un icono de la comunidad LGBT.<\/p>\n<p>Aunque no se sabe mucho de su vida privada, se conoce que el creador de contenido naci\u00f3 en 1936, por lo que ten\u00eda 88 a\u00f1os.<\/p>\n<p>En 2022 ya se hab\u00eda difundido falsa informaci\u00f3n sobre su muerte debido a una protuberancia en el cuello, situaci\u00f3n que en aquel momento aclar\u00f3.<\/p>\n","protected":false},"excerpt":{"rendered":"<p>Ten\u00eda 88 a\u00f1os y sufr\u00eda de un problema grave con su salud debido al mal estado de sus pulmones<\/p>\n","protected":false},"author":1,"featured_media":4013,"comment_status":"closed","ping_status":"closed","sticky":false,"template":"","format":"standard","meta":{"_crdt_document":"","_jetpack_memberships_contains_paid_content":false,"footnotes":"","jetpack_publicize_message":"","jetpack_publicize_feature_enabled":true,"jetpack_social_post_already_shared":true,"jetpack_social_options":{"image_generator_settings":{"template":"highway","default_image_id":0,"font":"","enabled":false},"version":2},"_wpas_customize_per_network":false},"categories":[33],"tags":[],"class_list":["post-4012","post","type-post","status-publish","format-standard","has-post-thumbnail","hentry","category-mexico"],"magazineBlocksPostFeaturedMedia":{"thumbnail":"https:\/\/pornuestrolaredo.com\/wp-content\/uploads\/2024\/03\/PNL-20240314-1-150x150.jpg","medium":"https:\/\/pornuestrolaredo.com\/wp-content\/uploads\/2024\/03\/PNL-20240314-1-300x183.jpg","medium_large":"https:\/\/pornuestrolaredo.com\/wp-content\/uploads\/2024\/03\/PNL-20240314-1-768x468.jpg","large":"https:\/\/pornuestrolaredo.com\/wp-content\/uploads\/2024\/03\/PNL-20240314-1.jpg","1536x1536":"https:\/\/pornuestrolaredo.com\/wp-content\/uploads\/2024\/03\/PNL-20240314-1.jpg","2048x2048":"https:\/\/pornuestrolaredo.com\/wp-content\/uploads\/2024\/03\/PNL-20240314-1.jpg","morenews-large":"https:\/\/pornuestrolaredo.com\/wp-content\/uploads\/2024\/03\/PNL-20240314-1.jpg","morenews-medium":"https:\/\/pornuestrolaredo.com\/wp-content\/uploads\/2024\/03\/PNL-20240314-1.jpg"},"magazineBlocksPostAuthor":{"name":"Redactor","avatar":"https:\/\/pornuestrolaredo.com\/wp-content\/litespeed\/avatar\/dca1d7ec750c399f025f23b0b314f4cf.jpg?ver=1777612120"},"magazineBlocksPostCommentsNumber":false,"magazineBlocksPostExcerpt":"Ten\u00eda 88 a\u00f1os y sufr\u00eda de un problema grave con su salud debido al mal estado de sus pulmones","magazineBlocksPostCategories":["Mexico"],"magazineBlocksPostViewCount":115,"magazineBlocksPostReadTime":3,"magazine_blocks_featured_image_url":{"full":["https:\/\/pornuestrolaredo.com\/wp-content\/uploads\/2024\/03\/PNL-20240314-1.jpg",830,506,false],"medium":["https:\/\/pornuestrolaredo.com\/wp-content\/uploads\/2024\/03\/PNL-20240314-1-300x183.jpg",300,183,true],"thumbnail":["https:\/\/pornuestrolaredo.com\/wp-content\/uploads\/2024\/03\/PNL-20240314-1-150x150.jpg",150,150,true]},"magazine_blocks_author":{"display_name":"Redactor","author_link":"https:\/\/pornuestrolaredo.com\/?author=1"},"magazine_blocks_comment":0,"magazine_blocks_author_image":"https:\/\/pornuestrolaredo.com\/wp-content\/litespeed\/avatar\/dca1d7ec750c399f025f23b0b314f4cf.jpg?ver=1777612120","magazine_blocks_category":"<a href=\"#\" class=\"category-link category-link-33\">Mexico<\/a>","jetpack_publicize_connections":[],"featured_image_urls":{"full":["https:\/\/pornuestrolaredo.com\/wp-content\/uploads\/2024\/03\/PNL-20240314-1.jpg",830,506,false],"thumbnail":["https:\/\/pornuestrolaredo.com\/wp-content\/uploads\/2024\/03\/PNL-20240314-1-150x150.jpg",150,150,true],"medium":["https:\/\/pornuestrolaredo.com\/wp-content\/uploads\/2024\/03\/PNL-20240314-1-300x183.jpg",300,183,true],"medium_large":["https:\/\/pornuestrolaredo.com\/wp-content\/uploads\/2024\/03\/PNL-20240314-1-768x468.jpg",640,390,true],"large":["https:\/\/pornuestrolaredo.com\/wp-content\/uploads\/2024\/03\/PNL-20240314-1.jpg",640,390,false],"1536x1536":["https:\/\/pornuestrolaredo.com\/wp-content\/uploads\/2024\/03\/PNL-20240314-1.jpg",830,506,false],"2048x2048":["https:\/\/pornuestrolaredo.com\/wp-content\/uploads\/2024\/03\/PNL-20240314-1.jpg",830,506,false],"morenews-large":["https:\/\/pornuestrolaredo.com\/wp-content\/uploads\/2024\/03\/PNL-20240314-1.jpg",825,503,false],"morenews-medium":["https:\/\/pornuestrolaredo.com\/wp-content\/uploads\/2024\/03\/PNL-20240314-1.jpg",590,360,false]},"author_info":{"info":["Redactor"]},"category_info":"<a href=\"https:\/\/pornuestrolaredo.com\/?cat=33\" rel=\"category\">Mexico<\/a>","tag_info":"Mexico","comment_count":"0","jetpack_featured_media_url":"https:\/\/pornuestrolaredo.com\/wp-content\/uploads\/2024\/03\/PNL-20240314-1.jpg","jetpack_sharing_enabled":true,"_links":{"self":[{"href":"https:\/\/pornuestrolaredo.com\/index.php?rest_route=\/wp\/v2\/posts\/4012","targetHints":{"allow":["GET"]}}],"collection":[{"href":"https:\/\/pornuestrolaredo.com\/index.php?rest_route=\/wp\/v2\/posts"}],"about":[{"href":"https:\/\/pornuestrolaredo.com\/index.php?rest_route=\/wp\/v2\/types\/post"}],"author":[{"embeddable":true,"href":"https:\/\/pornuestrolaredo.com\/index.php?rest_route=\/wp\/v2\/users\/1"}],"replies":[{"embeddable":true,"href":"https:\/\/pornuestrolaredo.com\/index.php?rest_route=%2Fwp%2Fv2%2Fcomments&post=4012"}],"version-history":[{"count":1,"href":"https:\/\/pornuestrolaredo.com\/index.php?rest_route=\/wp\/v2\/posts\/4012\/revisions"}],"predecessor-version":[{"id":4014,"href":"https:\/\/pornuestrolaredo.com\/index.php?rest_route=\/wp\/v2\/posts\/4012\/revisions\/4014"}],"wp:featuredmedia":[{"embeddable":true,"href":"https:\/\/pornuestrolaredo.com\/index.php?rest_route=\/wp\/v2\/media\/4013"}],"wp:attachment":[{"href":"https:\/\/pornuestrolaredo.com\/index.php?rest_route=%2Fwp%2Fv2%2Fmedia&parent=4012"}],"wp:term":[{"taxonomy":"category","embeddable":true,"href":"https:\/\/pornuestrolaredo.com\/index.php?rest_route=%2Fwp%2Fv2%2Fcategories&post=4012"},{"taxonomy":"post_tag","embeddable":true,"href":"https:\/\/pornuestrolaredo.com\/index.php?rest_route=%2Fwp%2Fv2%2Ftags&post=4012"}],"curies":[{"name":"wp","href":"https:\/\/api.w.org\/{rel}","templated":true}]}}