{"id":4030,"date":"2024-03-20T19:17:29","date_gmt":"2024-03-20T19:17:29","guid":{"rendered":"https:\/\/pornuestrolaredo.com\/?p=4030"},"modified":"2024-03-20T19:17:29","modified_gmt":"2024-03-20T19:17:29","slug":"abren-inscripcion-al-maraton-internacional-puerta-de-las-americas","status":"publish","type":"post","link":"https:\/\/pornuestrolaredo.com\/?p=4030","title":{"rendered":"Abren inscripci\u00f3n al Marat\u00f3n Internacional Puerta de las Am\u00e9ricas"},"content":{"rendered":"<p><strong><em>LOS DOS LAREDOS.-<\/em><\/strong> El 28 de abril, a las 8:00 de la ma\u00f1ana, se realizar\u00e1 la tercera edici\u00f3n del Marat\u00f3n Internacional Puerta de las Am\u00e9ricas y se espera la participaci\u00f3n de 400 participantes de los dos Laredos, M\u00e9xico y Estados Unidos.<\/p>\n<p>Daniel Pe\u00f1a Trevi\u00f1o, promotor deportivo, enfatiz\u00f3 que se est\u00e1 impulsando el ciclismo con la finalidad de unificar ciudades y promover a los deportistas para que nuevas generaciones adopten esta disciplina.<\/p>\n<blockquote><p>Se ha trabajado incansablemente para que Nuevo Laredo se coloque en un nivel deportivo m\u00e1s alto, por ello la importancia de unir esfuerzos para llevar a cabo el tercer Marat\u00f3n Internacional Puerta de las Am\u00e9ricas\u201d, dijo Pe\u00f1a durante la conferencia de prensa de este martes en el Sal\u00f3n SUTERM.<\/p><\/blockquote>\n<p>Explic\u00f3 que hay una una bolsa de 160 mil pesos en premios y las categor\u00edas son varonil y femenil: iniciados 20 km; principiantes 25 km; intermedio varonil 30 km; avanzado 60 km; y  \u00e9lite 90 km.<\/p>\n<p>Pe\u00f1a dijo que se espera la presencia de ciclistas que est\u00e1n participando en panamericanos.<\/p>\n<p>Para participar hay que registrarse y el costo es de pesos m\u00e1s la comisi\u00f3n que cobra la p\u00e1gina e incluye playera dry fit, placa, chip, medalla e hidrataci\u00f3n y la fecha l\u00edmite es el 26 de abril.<\/p>\n<p>El registro se realiza en el siguiente enlace https:\/\/chronosport.mx\/carrera\/29683\/funcion\/190197  <\/p>\n<p>El Marat\u00f3n Internacional Puerta de las Am\u00e9ricas es la primera etapa del serial Maratones del Norte en el que participan Escobedo y Santiago, Nuevo Le\u00f3n y Candela, Coahuila.<\/p>\n","protected":false},"excerpt":{"rendered":"<p>Se espera la participaci\u00f3n de 400 atletas de los dos Laredos y otras ciudades de M\u00e9xico y Estados Unidos<\/p>\n","protected":false},"author":1,"featured_media":4031,"comment_status":"closed","ping_status":"closed","sticky":false,"template":"","format":"standard","meta":{"_crdt_document":"","_jetpack_memberships_contains_paid_content":false,"footnotes":"","jetpack_publicize_message":"","jetpack_publicize_feature_enabled":true,"jetpack_social_post_already_shared":true,"jetpack_social_options":{"image_generator_settings":{"template":"highway","default_image_id":0,"font":"","enabled":false},"version":2},"_wpas_customize_per_network":false},"categories":[10],"tags":[],"class_list":["post-4030","post","type-post","status-publish","format-standard","has-post-thumbnail","hentry","category-deportes"],"magazineBlocksPostFeaturedMedia":{"thumbnail":"https:\/\/pornuestrolaredo.com\/wp-content\/uploads\/2024\/03\/PNL-20240320-3-150x150.jpg","medium":"https:\/\/pornuestrolaredo.com\/wp-content\/uploads\/2024\/03\/PNL-20240320-3-300x200.jpg","medium_large":"https:\/\/pornuestrolaredo.com\/wp-content\/uploads\/2024\/03\/PNL-20240320-3-768x512.jpg","large":"https:\/\/pornuestrolaredo.com\/wp-content\/uploads\/2024\/03\/PNL-20240320-3-1000x666.jpg","1536x1536":"https:\/\/pornuestrolaredo.com\/wp-content\/uploads\/2024\/03\/PNL-20240320-3.jpg","2048x2048":"https:\/\/pornuestrolaredo.com\/wp-content\/uploads\/2024\/03\/PNL-20240320-3.jpg","morenews-large":"https:\/\/pornuestrolaredo.com\/wp-content\/uploads\/2024\/03\/PNL-20240320-3.jpg","morenews-medium":"https:\/\/pornuestrolaredo.com\/wp-content\/uploads\/2024\/03\/PNL-20240320-3.jpg"},"magazineBlocksPostAuthor":{"name":"Redactor","avatar":"https:\/\/pornuestrolaredo.com\/wp-content\/litespeed\/avatar\/dca1d7ec750c399f025f23b0b314f4cf.jpg?ver=1777612120"},"magazineBlocksPostCommentsNumber":false,"magazineBlocksPostExcerpt":"Se espera la participaci\u00f3n de 400 atletas de los dos Laredos y otras ciudades de M\u00e9xico y Estados Unidos","magazineBlocksPostCategories":["Deportes"],"magazineBlocksPostViewCount":126,"magazineBlocksPostReadTime":2,"magazine_blocks_featured_image_url":{"full":["https:\/\/pornuestrolaredo.com\/wp-content\/uploads\/2024\/03\/PNL-20240320-3.jpg",1280,853,false],"medium":["https:\/\/pornuestrolaredo.com\/wp-content\/uploads\/2024\/03\/PNL-20240320-3-300x200.jpg",300,200,true],"thumbnail":["https:\/\/pornuestrolaredo.com\/wp-content\/uploads\/2024\/03\/PNL-20240320-3-150x150.jpg",150,150,true]},"magazine_blocks_author":{"display_name":"Redactor","author_link":"https:\/\/pornuestrolaredo.com\/?author=1"},"magazine_blocks_comment":0,"magazine_blocks_author_image":"https:\/\/pornuestrolaredo.com\/wp-content\/litespeed\/avatar\/dca1d7ec750c399f025f23b0b314f4cf.jpg?ver=1777612120","magazine_blocks_category":"<a href=\"#\" class=\"category-link category-link-10\">Deportes<\/a>","jetpack_publicize_connections":[],"featured_image_urls":{"full":["https:\/\/pornuestrolaredo.com\/wp-content\/uploads\/2024\/03\/PNL-20240320-3.jpg",1280,853,false],"thumbnail":["https:\/\/pornuestrolaredo.com\/wp-content\/uploads\/2024\/03\/PNL-20240320-3-150x150.jpg",150,150,true],"medium":["https:\/\/pornuestrolaredo.com\/wp-content\/uploads\/2024\/03\/PNL-20240320-3-300x200.jpg",300,200,true],"medium_large":["https:\/\/pornuestrolaredo.com\/wp-content\/uploads\/2024\/03\/PNL-20240320-3-768x512.jpg",640,427,true],"large":["https:\/\/pornuestrolaredo.com\/wp-content\/uploads\/2024\/03\/PNL-20240320-3-1000x666.jpg",640,426,true],"1536x1536":["https:\/\/pornuestrolaredo.com\/wp-content\/uploads\/2024\/03\/PNL-20240320-3.jpg",1280,853,false],"2048x2048":["https:\/\/pornuestrolaredo.com\/wp-content\/uploads\/2024\/03\/PNL-20240320-3.jpg",1280,853,false],"morenews-large":["https:\/\/pornuestrolaredo.com\/wp-content\/uploads\/2024\/03\/PNL-20240320-3.jpg",825,550,false],"morenews-medium":["https:\/\/pornuestrolaredo.com\/wp-content\/uploads\/2024\/03\/PNL-20240320-3.jpg",590,393,false]},"author_info":{"info":["Redactor"]},"category_info":"<a href=\"https:\/\/pornuestrolaredo.com\/?cat=10\" rel=\"category\">Deportes<\/a>","tag_info":"Deportes","comment_count":"0","jetpack_featured_media_url":"https:\/\/pornuestrolaredo.com\/wp-content\/uploads\/2024\/03\/PNL-20240320-3.jpg","jetpack_sharing_enabled":true,"_links":{"self":[{"href":"https:\/\/pornuestrolaredo.com\/index.php?rest_route=\/wp\/v2\/posts\/4030","targetHints":{"allow":["GET"]}}],"collection":[{"href":"https:\/\/pornuestrolaredo.com\/index.php?rest_route=\/wp\/v2\/posts"}],"about":[{"href":"https:\/\/pornuestrolaredo.com\/index.php?rest_route=\/wp\/v2\/types\/post"}],"author":[{"embeddable":true,"href":"https:\/\/pornuestrolaredo.com\/index.php?rest_route=\/wp\/v2\/users\/1"}],"replies":[{"embeddable":true,"href":"https:\/\/pornuestrolaredo.com\/index.php?rest_route=%2Fwp%2Fv2%2Fcomments&post=4030"}],"version-history":[{"count":1,"href":"https:\/\/pornuestrolaredo.com\/index.php?rest_route=\/wp\/v2\/posts\/4030\/revisions"}],"predecessor-version":[{"id":4032,"href":"https:\/\/pornuestrolaredo.com\/index.php?rest_route=\/wp\/v2\/posts\/4030\/revisions\/4032"}],"wp:featuredmedia":[{"embeddable":true,"href":"https:\/\/pornuestrolaredo.com\/index.php?rest_route=\/wp\/v2\/media\/4031"}],"wp:attachment":[{"href":"https:\/\/pornuestrolaredo.com\/index.php?rest_route=%2Fwp%2Fv2%2Fmedia&parent=4030"}],"wp:term":[{"taxonomy":"category","embeddable":true,"href":"https:\/\/pornuestrolaredo.com\/index.php?rest_route=%2Fwp%2Fv2%2Fcategories&post=4030"},{"taxonomy":"post_tag","embeddable":true,"href":"https:\/\/pornuestrolaredo.com\/index.php?rest_route=%2Fwp%2Fv2%2Ftags&post=4030"}],"curies":[{"name":"wp","href":"https:\/\/api.w.org\/{rel}","templated":true}]}}