{"id":404,"date":"2022-09-27T02:22:01","date_gmt":"2022-09-27T02:22:01","guid":{"rendered":"https:\/\/pornuestrolaredo.com\/?p=404"},"modified":"2022-09-27T02:22:01","modified_gmt":"2022-09-27T02:22:01","slug":"ataca-tirador-en-escuela-y-mata-a-17-personas%ef%bf%bc","status":"publish","type":"post","link":"https:\/\/pornuestrolaredo.com\/?p=404","title":{"rendered":"Ataca tirador en escuela y mata a 17 personas\ufffc"},"content":{"rendered":"\n<p class=\"wp-block-paragraph\"><strong><em>MOSC\u00da.- <\/em><\/strong>Un hombre mat\u00f3 a tiros a 17 personas el lunes en una escuela del centro de Rusia para luego suicidarse, informaron las autoridades. Otras 24 personas resultaron heridas.<\/p>\n\n\n\n<p class=\"wp-block-paragraph\">El ataque ocurri\u00f3 en la Escuela 88, en Izhevsk, una ciudad unos 960 kil\u00f3metros (600 millas) al este de Mosc\u00fa, en la regi\u00f3n de Udmurtia.<\/p>\n\n\n\n<p class=\"wp-block-paragraph\">Seg\u00fan un comunicado del Comit\u00e9 Investigador de Rusia, el agresor era Artyom Kazantsev, de 34 a\u00f1os, egresado de la misma escuela, y vest\u00eda una camiseta negra con \u201cs\u00edmbolos nazis\u201d. No se dieron a conocer los motivos del ataque.<\/p>\n\n\n\n<p class=\"wp-block-paragraph\">El gobierno de Udmurtia se\u00f1al\u00f3 que 17 personas, entre ellas 11 ni\u00f1os, murieron en el ataque. De acuerdo con el Comit\u00e9 de Investigaci\u00f3n de Rusia, otras 24 personas, incluyendo 22 ni\u00f1os, resultaron heridas.<\/p>\n\n\n\n<p class=\"wp-block-paragraph\">El agresor se suicid\u00f3, indic\u00f3 el gobernador de Udmurtia, Alexander Brechalov, en un comunicado en video. Agreg\u00f3 que el agresor estaba registrado como paciente en un centro psiqui\u00e1trico.<\/p>\n\n\n\n<p class=\"wp-block-paragraph\">El portavoz del Kremlin, Dmitry Peskov, dijo que se trat\u00f3 de un \u201cacto terrorista\u201d y que el presidente ruso Vladimir Putin ya dio todas las \u00f3rdenes necesarias a las autoridades pertinentes.<\/p>\n\n\n\n<blockquote class=\"wp-block-quote is-layout-flow wp-block-quote-is-layout-flow\"><p>El presidente Putin lamenta profundamente la muerte de personas y ni\u00f1os en la escuela donde tuvo lugar un acto terrorista\u201d, afirm\u00f3 Peskov a los periodistas el lunes.<\/p><\/blockquote>\n\n\n\n<p class=\"wp-block-paragraph\">La escuela educa a ni\u00f1os entre los grados primero y 11mo. Ha sido desalojada y el \u00e1rea alrededor ha sido acordonada, detall\u00f3 el gobernador.<\/p>\n\n\n\n<p class=\"wp-block-paragraph\">La Guardia Nacional inform\u00f3 que Kazantsev us\u00f3 dos pistolas no letales adaptadas para disparar balas reales. Las armas no estaban registradas ante las autoridades.<\/p>\n\n\n\n<p class=\"wp-block-paragraph\">Las autoridades iniciaron una investigaci\u00f3n penal sobre el incidente por cargos de asesinato m\u00faltiple y posesi\u00f3n ilegal de armas de fuego.<\/p>\n\n\n\n<p class=\"wp-block-paragraph\">Izhevsk, una ciudad de 640 mil habitantes, se encuentra al oeste de los montes Urales, en el centro de Rusia.<\/p>\n","protected":false},"excerpt":{"rendered":"<p>MOSC\u00da.- Un hombre mat\u00f3 a tiros a 17 personas el lunes en una escuela del centro de Rusia<\/p>\n","protected":false},"author":1,"featured_media":405,"comment_status":"open","ping_status":"open","sticky":false,"template":"","format":"standard","meta":{"_crdt_document":"","_jetpack_memberships_contains_paid_content":false,"footnotes":"","jetpack_publicize_message":"De las v\u00edctimas, 11 son ni\u00f1os y hay otros 24 heridos; el agresor se suicid\u00f3, en el centro de Rusia ","jetpack_publicize_feature_enabled":true,"jetpack_social_post_already_shared":true,"jetpack_social_options":{"image_generator_settings":{"template":"highway","default_image_id":0,"font":"","enabled":false},"version":2},"_wpas_customize_per_network":false},"categories":[9],"tags":[],"class_list":["post-404","post","type-post","status-publish","format-standard","has-post-thumbnail","hentry","category-el-mundo"],"magazineBlocksPostFeaturedMedia":{"thumbnail":"https:\/\/pornuestrolaredo.com\/wp-content\/uploads\/2022\/09\/Tiroteo-150x150.jpeg","medium":"https:\/\/pornuestrolaredo.com\/wp-content\/uploads\/2022\/09\/Tiroteo-300x200.jpeg","medium_large":"https:\/\/pornuestrolaredo.com\/wp-content\/uploads\/2022\/09\/Tiroteo-768x511.jpeg","large":"https:\/\/pornuestrolaredo.com\/wp-content\/uploads\/2022\/09\/Tiroteo.jpeg","1536x1536":"https:\/\/pornuestrolaredo.com\/wp-content\/uploads\/2022\/09\/Tiroteo.jpeg","2048x2048":"https:\/\/pornuestrolaredo.com\/wp-content\/uploads\/2022\/09\/Tiroteo.jpeg","morenews-large":"https:\/\/pornuestrolaredo.com\/wp-content\/uploads\/2022\/09\/Tiroteo.jpeg","morenews-medium":"https:\/\/pornuestrolaredo.com\/wp-content\/uploads\/2022\/09\/Tiroteo.jpeg"},"magazineBlocksPostAuthor":{"name":"Redactor","avatar":"https:\/\/pornuestrolaredo.com\/wp-content\/litespeed\/avatar\/dca1d7ec750c399f025f23b0b314f4cf.jpg?ver=1777007253"},"magazineBlocksPostCommentsNumber":false,"magazineBlocksPostExcerpt":"MOSC\u00da.- Un hombre mat\u00f3 a tiros a 17 personas el lunes en una escuela del centro de Rusia","magazineBlocksPostCategories":["El Mundo"],"magazineBlocksPostViewCount":142,"magazineBlocksPostReadTime":2,"magazine_blocks_featured_image_url":{"full":["https:\/\/pornuestrolaredo.com\/wp-content\/uploads\/2022\/09\/Tiroteo.jpeg",1000,666,false],"medium":["https:\/\/pornuestrolaredo.com\/wp-content\/uploads\/2022\/09\/Tiroteo-300x200.jpeg",300,200,true],"thumbnail":["https:\/\/pornuestrolaredo.com\/wp-content\/uploads\/2022\/09\/Tiroteo-150x150.jpeg",150,150,true]},"magazine_blocks_author":{"display_name":"Redactor","author_link":"https:\/\/pornuestrolaredo.com\/?author=1"},"magazine_blocks_comment":0,"magazine_blocks_author_image":"https:\/\/pornuestrolaredo.com\/wp-content\/litespeed\/avatar\/dca1d7ec750c399f025f23b0b314f4cf.jpg?ver=1777007253","magazine_blocks_category":"<a href=\"#\" class=\"category-link category-link-9\">El Mundo<\/a>","jetpack_publicize_connections":[],"featured_image_urls":{"full":["https:\/\/pornuestrolaredo.com\/wp-content\/uploads\/2022\/09\/Tiroteo.jpeg",1000,666,false],"thumbnail":["https:\/\/pornuestrolaredo.com\/wp-content\/uploads\/2022\/09\/Tiroteo-150x150.jpeg",150,150,true],"medium":["https:\/\/pornuestrolaredo.com\/wp-content\/uploads\/2022\/09\/Tiroteo-300x200.jpeg",300,200,true],"medium_large":["https:\/\/pornuestrolaredo.com\/wp-content\/uploads\/2022\/09\/Tiroteo-768x511.jpeg",640,426,true],"large":["https:\/\/pornuestrolaredo.com\/wp-content\/uploads\/2022\/09\/Tiroteo.jpeg",640,426,false],"1536x1536":["https:\/\/pornuestrolaredo.com\/wp-content\/uploads\/2022\/09\/Tiroteo.jpeg",1000,666,false],"2048x2048":["https:\/\/pornuestrolaredo.com\/wp-content\/uploads\/2022\/09\/Tiroteo.jpeg",1000,666,false],"morenews-large":["https:\/\/pornuestrolaredo.com\/wp-content\/uploads\/2022\/09\/Tiroteo.jpeg",825,549,false],"morenews-medium":["https:\/\/pornuestrolaredo.com\/wp-content\/uploads\/2022\/09\/Tiroteo.jpeg",590,393,false]},"author_info":{"info":["Redactor"]},"category_info":"<a href=\"https:\/\/pornuestrolaredo.com\/?cat=9\" rel=\"category\">El Mundo<\/a>","tag_info":"El Mundo","comment_count":"0","jetpack_featured_media_url":"https:\/\/pornuestrolaredo.com\/wp-content\/uploads\/2022\/09\/Tiroteo.jpeg","jetpack_sharing_enabled":true,"_links":{"self":[{"href":"https:\/\/pornuestrolaredo.com\/index.php?rest_route=\/wp\/v2\/posts\/404","targetHints":{"allow":["GET"]}}],"collection":[{"href":"https:\/\/pornuestrolaredo.com\/index.php?rest_route=\/wp\/v2\/posts"}],"about":[{"href":"https:\/\/pornuestrolaredo.com\/index.php?rest_route=\/wp\/v2\/types\/post"}],"author":[{"embeddable":true,"href":"https:\/\/pornuestrolaredo.com\/index.php?rest_route=\/wp\/v2\/users\/1"}],"replies":[{"embeddable":true,"href":"https:\/\/pornuestrolaredo.com\/index.php?rest_route=%2Fwp%2Fv2%2Fcomments&post=404"}],"version-history":[{"count":1,"href":"https:\/\/pornuestrolaredo.com\/index.php?rest_route=\/wp\/v2\/posts\/404\/revisions"}],"predecessor-version":[{"id":406,"href":"https:\/\/pornuestrolaredo.com\/index.php?rest_route=\/wp\/v2\/posts\/404\/revisions\/406"}],"wp:featuredmedia":[{"embeddable":true,"href":"https:\/\/pornuestrolaredo.com\/index.php?rest_route=\/wp\/v2\/media\/405"}],"wp:attachment":[{"href":"https:\/\/pornuestrolaredo.com\/index.php?rest_route=%2Fwp%2Fv2%2Fmedia&parent=404"}],"wp:term":[{"taxonomy":"category","embeddable":true,"href":"https:\/\/pornuestrolaredo.com\/index.php?rest_route=%2Fwp%2Fv2%2Fcategories&post=404"},{"taxonomy":"post_tag","embeddable":true,"href":"https:\/\/pornuestrolaredo.com\/index.php?rest_route=%2Fwp%2Fv2%2Ftags&post=404"}],"curies":[{"name":"wp","href":"https:\/\/api.w.org\/{rel}","templated":true}]}}