{"id":4043,"date":"2024-03-22T18:47:45","date_gmt":"2024-03-22T18:47:45","guid":{"rendered":"https:\/\/pornuestrolaredo.com\/?p=4043"},"modified":"2024-03-22T18:48:44","modified_gmt":"2024-03-22T18:48:44","slug":"fallece-el-comediante-la-bala","status":"publish","type":"post","link":"https:\/\/pornuestrolaredo.com\/?p=4043","title":{"rendered":"Fallece el comediante \u2018La Bala\u2019"},"content":{"rendered":"<p><strong>MONTERREY.-<\/strong> Este viernes falleci\u00f3 el comediante regiomontano, regio Jes\u00fas Roberto Garza, mejor conocido como \u201cLa Bala\u201d. Era un exponente de la comedia nocturna de Monterrey y estuvo varias veces en Nuevo Laredo.<\/p>\n<p>\u201cLa Bala\u201d, de acuerdo con su familia, por la ma\u00f1ana sufri\u00f3 un paro cardiaco mientras estaba en su casa. Ten\u00eda 68 a\u00f1os de edad y graves problemas de salud.<\/p>\n<p>Incluso, comediantes regiomontanos y de los alrededores hab\u00edan realizado eventos a beneficio, ya que su familia enfrentaba problemas econ\u00f3micos para solventar los gastos de la enfermedad que lo aquejaba.<\/p>\n<p>&#8220;La Bala&#8221; se convirti\u00f3 en un \u00edcono de la comedia regia cuando apareci\u00f3 en la d\u00e9cada de los 80 y 90 como imitador de artistas, creando parodias y sobretodo un relator de chistes.<\/p>\n<p>Apareci\u00f3 en varias obras de teatro y realiz\u00f3 programas a nivel nacional.<\/p>\n<p>En los \u00faltimos a\u00f1os estaba semiretirado de los escenarios y hac\u00eda ocasionalmente algunas apariciones.<\/p>\n<p>En Nuevo Laredo se present\u00f3 varias veces, algunas de ellas en el bar del desaparecido Hotel El R\u00edo, donde ahora se ubica HEB.<\/p>\n<p>En una ocasi\u00f3n, durante la inauguraci\u00f3n de un nuevo bar, donde ahora se ubica la Honda, se presentaron las Flans, pero un apag\u00f3n en el edificio estuvo a punto de obligar a suspender el espect\u00e1culo. Trabajadores llevaron energ\u00eda desde otro lugar, pero s\u00f3lo para iluminar. Entonces, \u201cLa Bala\u201d llev\u00f3 su guitarra y acompa\u00f1\u00f3 a las artistas.<\/p>\n","protected":false},"excerpt":{"rendered":"<p>El comediante, &#8220;La Bala&#8221; que estuvo varias veces en el desaparecido Hotel El R\u00edo de Nuevo Laredo, falleci\u00f3 en su casa, en Monterrey<\/p>\n","protected":false},"author":1,"featured_media":4044,"comment_status":"closed","ping_status":"closed","sticky":false,"template":"","format":"standard","meta":{"_crdt_document":"","_jetpack_memberships_contains_paid_content":false,"footnotes":"","jetpack_publicize_message":"","jetpack_publicize_feature_enabled":true,"jetpack_social_post_already_shared":true,"jetpack_social_options":{"image_generator_settings":{"template":"highway","default_image_id":0,"font":"","enabled":false},"version":2},"_wpas_customize_per_network":false},"categories":[34],"tags":[],"class_list":["post-4043","post","type-post","status-publish","format-standard","has-post-thumbnail","hentry","category-farandula"],"magazineBlocksPostFeaturedMedia":{"thumbnail":"https:\/\/pornuestrolaredo.com\/wp-content\/uploads\/2024\/03\/Stereo91-20240322-4-150x150.jpg","medium":"https:\/\/pornuestrolaredo.com\/wp-content\/uploads\/2024\/03\/Stereo91-20240322-4-300x169.jpg","medium_large":"https:\/\/pornuestrolaredo.com\/wp-content\/uploads\/2024\/03\/Stereo91-20240322-4-768x432.jpg","large":"https:\/\/pornuestrolaredo.com\/wp-content\/uploads\/2024\/03\/Stereo91-20240322-4.jpg","1536x1536":"https:\/\/pornuestrolaredo.com\/wp-content\/uploads\/2024\/03\/Stereo91-20240322-4.jpg","2048x2048":"https:\/\/pornuestrolaredo.com\/wp-content\/uploads\/2024\/03\/Stereo91-20240322-4.jpg","morenews-large":"https:\/\/pornuestrolaredo.com\/wp-content\/uploads\/2024\/03\/Stereo91-20240322-4.jpg","morenews-medium":"https:\/\/pornuestrolaredo.com\/wp-content\/uploads\/2024\/03\/Stereo91-20240322-4.jpg"},"magazineBlocksPostAuthor":{"name":"Redactor","avatar":"https:\/\/pornuestrolaredo.com\/wp-content\/litespeed\/avatar\/dca1d7ec750c399f025f23b0b314f4cf.jpg?ver=1777612120"},"magazineBlocksPostCommentsNumber":false,"magazineBlocksPostExcerpt":"El comediante, \"La Bala\" que estuvo varias veces en el desaparecido Hotel El R\u00edo de Nuevo Laredo, falleci\u00f3 en su casa, en Monterrey","magazineBlocksPostCategories":["Far\u00e1ndula"],"magazineBlocksPostViewCount":164,"magazineBlocksPostReadTime":2,"magazine_blocks_featured_image_url":{"full":["https:\/\/pornuestrolaredo.com\/wp-content\/uploads\/2024\/03\/Stereo91-20240322-4.jpg",850,478,false],"medium":["https:\/\/pornuestrolaredo.com\/wp-content\/uploads\/2024\/03\/Stereo91-20240322-4-300x169.jpg",300,169,true],"thumbnail":["https:\/\/pornuestrolaredo.com\/wp-content\/uploads\/2024\/03\/Stereo91-20240322-4-150x150.jpg",150,150,true]},"magazine_blocks_author":{"display_name":"Redactor","author_link":"https:\/\/pornuestrolaredo.com\/?author=1"},"magazine_blocks_comment":0,"magazine_blocks_author_image":"https:\/\/pornuestrolaredo.com\/wp-content\/litespeed\/avatar\/dca1d7ec750c399f025f23b0b314f4cf.jpg?ver=1777612120","magazine_blocks_category":"<a href=\"#\" class=\"category-link category-link-34\">Far\u00e1ndula<\/a>","jetpack_publicize_connections":[],"featured_image_urls":{"full":["https:\/\/pornuestrolaredo.com\/wp-content\/uploads\/2024\/03\/Stereo91-20240322-4.jpg",850,478,false],"thumbnail":["https:\/\/pornuestrolaredo.com\/wp-content\/uploads\/2024\/03\/Stereo91-20240322-4-150x150.jpg",150,150,true],"medium":["https:\/\/pornuestrolaredo.com\/wp-content\/uploads\/2024\/03\/Stereo91-20240322-4-300x169.jpg",300,169,true],"medium_large":["https:\/\/pornuestrolaredo.com\/wp-content\/uploads\/2024\/03\/Stereo91-20240322-4-768x432.jpg",640,360,true],"large":["https:\/\/pornuestrolaredo.com\/wp-content\/uploads\/2024\/03\/Stereo91-20240322-4.jpg",640,360,false],"1536x1536":["https:\/\/pornuestrolaredo.com\/wp-content\/uploads\/2024\/03\/Stereo91-20240322-4.jpg",850,478,false],"2048x2048":["https:\/\/pornuestrolaredo.com\/wp-content\/uploads\/2024\/03\/Stereo91-20240322-4.jpg",850,478,false],"morenews-large":["https:\/\/pornuestrolaredo.com\/wp-content\/uploads\/2024\/03\/Stereo91-20240322-4.jpg",825,464,false],"morenews-medium":["https:\/\/pornuestrolaredo.com\/wp-content\/uploads\/2024\/03\/Stereo91-20240322-4.jpg",590,332,false]},"author_info":{"info":["Redactor"]},"category_info":"<a href=\"https:\/\/pornuestrolaredo.com\/?cat=34\" rel=\"category\">Far\u00e1ndula<\/a>","tag_info":"Far\u00e1ndula","comment_count":"0","jetpack_featured_media_url":"https:\/\/pornuestrolaredo.com\/wp-content\/uploads\/2024\/03\/Stereo91-20240322-4.jpg","jetpack_sharing_enabled":true,"_links":{"self":[{"href":"https:\/\/pornuestrolaredo.com\/index.php?rest_route=\/wp\/v2\/posts\/4043","targetHints":{"allow":["GET"]}}],"collection":[{"href":"https:\/\/pornuestrolaredo.com\/index.php?rest_route=\/wp\/v2\/posts"}],"about":[{"href":"https:\/\/pornuestrolaredo.com\/index.php?rest_route=\/wp\/v2\/types\/post"}],"author":[{"embeddable":true,"href":"https:\/\/pornuestrolaredo.com\/index.php?rest_route=\/wp\/v2\/users\/1"}],"replies":[{"embeddable":true,"href":"https:\/\/pornuestrolaredo.com\/index.php?rest_route=%2Fwp%2Fv2%2Fcomments&post=4043"}],"version-history":[{"count":2,"href":"https:\/\/pornuestrolaredo.com\/index.php?rest_route=\/wp\/v2\/posts\/4043\/revisions"}],"predecessor-version":[{"id":4046,"href":"https:\/\/pornuestrolaredo.com\/index.php?rest_route=\/wp\/v2\/posts\/4043\/revisions\/4046"}],"wp:featuredmedia":[{"embeddable":true,"href":"https:\/\/pornuestrolaredo.com\/index.php?rest_route=\/wp\/v2\/media\/4044"}],"wp:attachment":[{"href":"https:\/\/pornuestrolaredo.com\/index.php?rest_route=%2Fwp%2Fv2%2Fmedia&parent=4043"}],"wp:term":[{"taxonomy":"category","embeddable":true,"href":"https:\/\/pornuestrolaredo.com\/index.php?rest_route=%2Fwp%2Fv2%2Fcategories&post=4043"},{"taxonomy":"post_tag","embeddable":true,"href":"https:\/\/pornuestrolaredo.com\/index.php?rest_route=%2Fwp%2Fv2%2Ftags&post=4043"}],"curies":[{"name":"wp","href":"https:\/\/api.w.org\/{rel}","templated":true}]}}