{"id":4047,"date":"2024-03-22T19:09:44","date_gmt":"2024-03-22T19:09:44","guid":{"rendered":"https:\/\/pornuestrolaredo.com\/?p=4047"},"modified":"2024-03-22T19:09:44","modified_gmt":"2024-03-22T19:09:44","slug":"aumentan-los-precios-4-48-en-marzo","status":"publish","type":"post","link":"https:\/\/pornuestrolaredo.com\/?p=4047","title":{"rendered":"Aumentan los precios 4.48% en marzo"},"content":{"rendered":"<p><strong>CIUDAD DE M\u00c9XICO.-<\/strong> Los precios de los productos y servicios en M\u00e9xico aumentaron 4.48 por ciento en la primera quincena de marzo, un poco por encima de la segunda mitad de febrero cuando lleg\u00f3 a 4.35 por ciento.<\/p>\n<p>El \u00cdndice Nacional de Precios al Consumidor (INPC) se ubic\u00f3 muy por debajo del r\u00e9cord m\u00e1ximo en m\u00e1s de dos d\u00e9cadas de 8.77 por ciento que hab\u00eda tocado en 2022, inform\u00f3 el Inegi.<\/p>\n<p>Analistas anticipaban una tasa del 4.45 por ciento, seg\u00fan un sondeo de Reuters.<\/p>\n<p>Por su parte, la inflaci\u00f3n subyacente -considerada un mejor par\u00e1metro para medir la trayectoria de los precios porque elimina productos de alta volatilidad- aceler\u00f3 inesperadamente a 4.69 por ciento, en su segunda quincena seguida en ascenso.<\/p>\n<p>Banxico, que tiene una meta de inflaci\u00f3n del 3 por ciento, redujo el jueves su tasa referencial por primera vez desde que comenz\u00f3 su endurecimiento monetario a mediados de 2021, en una decisi\u00f3n que si bien estuvo dividida cumpli\u00f3 con las expectativas del mercado.<\/p>\n<p>En su aviso, la autoridad afirm\u00f3 que, pese al ajuste, la postura monetaria continuaba siendo restrictiva y advirti\u00f3 que en futuras decisiones tomar\u00eda en cuenta el panorama inflacionario y los retos que a\u00fan prevalecen, lo que fue interpretado por analistas como que este no ser\u00eda el inicio de un ciclo continuo de recortes.<\/p>\n<p>S\u00f3lo en los primeros 15 d\u00edas de marzo, los precios aumentaron un 0.27 por ciento, mientras que el \u00edndice subyacente arroj\u00f3 una tasa del 0.33 por ciento.<\/p>\n<p>Los rubros que m\u00e1s incrementos sufrieron en la quincena fueron el pollo, el transporte a\u00e9reo y los servicios tur\u00edsticos en paquete, mientras que la cebolla, el gas dom\u00e9stico LP y los nopales fueron los que m\u00e1s descendieron.<\/p>\n","protected":false},"excerpt":{"rendered":"<p>\u00cdndice Nacional de Precios al Consumidor en M\u00e9xico se ubica en la primera quincena de marzo por encima del mismo periodo de febrero<\/p>\n","protected":false},"author":1,"featured_media":4048,"comment_status":"closed","ping_status":"closed","sticky":false,"template":"","format":"standard","meta":{"_crdt_document":"","_jetpack_memberships_contains_paid_content":false,"footnotes":"","jetpack_publicize_message":"","jetpack_publicize_feature_enabled":true,"jetpack_social_post_already_shared":true,"jetpack_social_options":{"image_generator_settings":{"template":"highway","default_image_id":0,"font":"","enabled":false},"version":2},"_wpas_customize_per_network":false},"categories":[33],"tags":[],"class_list":["post-4047","post","type-post","status-publish","format-standard","has-post-thumbnail","hentry","category-mexico"],"magazineBlocksPostFeaturedMedia":{"thumbnail":"https:\/\/pornuestrolaredo.com\/wp-content\/uploads\/2024\/03\/Stereo91-20240322-5-150x150.jpg","medium":"https:\/\/pornuestrolaredo.com\/wp-content\/uploads\/2024\/03\/Stereo91-20240322-5-300x200.jpg","medium_large":"https:\/\/pornuestrolaredo.com\/wp-content\/uploads\/2024\/03\/Stereo91-20240322-5-768x512.jpg","large":"https:\/\/pornuestrolaredo.com\/wp-content\/uploads\/2024\/03\/Stereo91-20240322-5.jpg","1536x1536":"https:\/\/pornuestrolaredo.com\/wp-content\/uploads\/2024\/03\/Stereo91-20240322-5.jpg","2048x2048":"https:\/\/pornuestrolaredo.com\/wp-content\/uploads\/2024\/03\/Stereo91-20240322-5.jpg","morenews-large":"https:\/\/pornuestrolaredo.com\/wp-content\/uploads\/2024\/03\/Stereo91-20240322-5.jpg","morenews-medium":"https:\/\/pornuestrolaredo.com\/wp-content\/uploads\/2024\/03\/Stereo91-20240322-5.jpg"},"magazineBlocksPostAuthor":{"name":"Redactor","avatar":"https:\/\/pornuestrolaredo.com\/wp-content\/litespeed\/avatar\/dca1d7ec750c399f025f23b0b314f4cf.jpg?ver=1777612120"},"magazineBlocksPostCommentsNumber":false,"magazineBlocksPostExcerpt":"\u00cdndice Nacional de Precios al Consumidor en M\u00e9xico se ubica en la primera quincena de marzo por encima del mismo periodo de febrero","magazineBlocksPostCategories":["Mexico"],"magazineBlocksPostViewCount":113,"magazineBlocksPostReadTime":2,"magazine_blocks_featured_image_url":{"full":["https:\/\/pornuestrolaredo.com\/wp-content\/uploads\/2024\/03\/Stereo91-20240322-5.jpg",960,640,false],"medium":["https:\/\/pornuestrolaredo.com\/wp-content\/uploads\/2024\/03\/Stereo91-20240322-5-300x200.jpg",300,200,true],"thumbnail":["https:\/\/pornuestrolaredo.com\/wp-content\/uploads\/2024\/03\/Stereo91-20240322-5-150x150.jpg",150,150,true]},"magazine_blocks_author":{"display_name":"Redactor","author_link":"https:\/\/pornuestrolaredo.com\/?author=1"},"magazine_blocks_comment":0,"magazine_blocks_author_image":"https:\/\/pornuestrolaredo.com\/wp-content\/litespeed\/avatar\/dca1d7ec750c399f025f23b0b314f4cf.jpg?ver=1777612120","magazine_blocks_category":"<a href=\"#\" class=\"category-link category-link-33\">Mexico<\/a>","jetpack_publicize_connections":[],"featured_image_urls":{"full":["https:\/\/pornuestrolaredo.com\/wp-content\/uploads\/2024\/03\/Stereo91-20240322-5.jpg",960,640,false],"thumbnail":["https:\/\/pornuestrolaredo.com\/wp-content\/uploads\/2024\/03\/Stereo91-20240322-5-150x150.jpg",150,150,true],"medium":["https:\/\/pornuestrolaredo.com\/wp-content\/uploads\/2024\/03\/Stereo91-20240322-5-300x200.jpg",300,200,true],"medium_large":["https:\/\/pornuestrolaredo.com\/wp-content\/uploads\/2024\/03\/Stereo91-20240322-5-768x512.jpg",640,427,true],"large":["https:\/\/pornuestrolaredo.com\/wp-content\/uploads\/2024\/03\/Stereo91-20240322-5.jpg",640,427,false],"1536x1536":["https:\/\/pornuestrolaredo.com\/wp-content\/uploads\/2024\/03\/Stereo91-20240322-5.jpg",960,640,false],"2048x2048":["https:\/\/pornuestrolaredo.com\/wp-content\/uploads\/2024\/03\/Stereo91-20240322-5.jpg",960,640,false],"morenews-large":["https:\/\/pornuestrolaredo.com\/wp-content\/uploads\/2024\/03\/Stereo91-20240322-5.jpg",825,550,false],"morenews-medium":["https:\/\/pornuestrolaredo.com\/wp-content\/uploads\/2024\/03\/Stereo91-20240322-5.jpg",590,393,false]},"author_info":{"info":["Redactor"]},"category_info":"<a href=\"https:\/\/pornuestrolaredo.com\/?cat=33\" rel=\"category\">Mexico<\/a>","tag_info":"Mexico","comment_count":"0","jetpack_featured_media_url":"https:\/\/pornuestrolaredo.com\/wp-content\/uploads\/2024\/03\/Stereo91-20240322-5.jpg","jetpack_sharing_enabled":true,"_links":{"self":[{"href":"https:\/\/pornuestrolaredo.com\/index.php?rest_route=\/wp\/v2\/posts\/4047","targetHints":{"allow":["GET"]}}],"collection":[{"href":"https:\/\/pornuestrolaredo.com\/index.php?rest_route=\/wp\/v2\/posts"}],"about":[{"href":"https:\/\/pornuestrolaredo.com\/index.php?rest_route=\/wp\/v2\/types\/post"}],"author":[{"embeddable":true,"href":"https:\/\/pornuestrolaredo.com\/index.php?rest_route=\/wp\/v2\/users\/1"}],"replies":[{"embeddable":true,"href":"https:\/\/pornuestrolaredo.com\/index.php?rest_route=%2Fwp%2Fv2%2Fcomments&post=4047"}],"version-history":[{"count":1,"href":"https:\/\/pornuestrolaredo.com\/index.php?rest_route=\/wp\/v2\/posts\/4047\/revisions"}],"predecessor-version":[{"id":4049,"href":"https:\/\/pornuestrolaredo.com\/index.php?rest_route=\/wp\/v2\/posts\/4047\/revisions\/4049"}],"wp:featuredmedia":[{"embeddable":true,"href":"https:\/\/pornuestrolaredo.com\/index.php?rest_route=\/wp\/v2\/media\/4048"}],"wp:attachment":[{"href":"https:\/\/pornuestrolaredo.com\/index.php?rest_route=%2Fwp%2Fv2%2Fmedia&parent=4047"}],"wp:term":[{"taxonomy":"category","embeddable":true,"href":"https:\/\/pornuestrolaredo.com\/index.php?rest_route=%2Fwp%2Fv2%2Fcategories&post=4047"},{"taxonomy":"post_tag","embeddable":true,"href":"https:\/\/pornuestrolaredo.com\/index.php?rest_route=%2Fwp%2Fv2%2Ftags&post=4047"}],"curies":[{"name":"wp","href":"https:\/\/api.w.org\/{rel}","templated":true}]}}