{"id":407,"date":"2022-09-27T02:53:41","date_gmt":"2022-09-27T02:53:41","guid":{"rendered":"https:\/\/pornuestrolaredo.com\/?p=407"},"modified":"2022-10-04T22:25:31","modified_gmt":"2022-10-04T22:25:31","slug":"el-poderoso-huracan-ian-golpeara-a-cuba","status":"publish","type":"post","link":"https:\/\/pornuestrolaredo.com\/?p=407","title":{"rendered":"El poderoso hurac\u00e1n Ian golpear\u00e1 a Cuba"},"content":{"rendered":"\n<p class=\"wp-block-paragraph\"><strong><em>LA HABANA.- <\/em><\/strong>El hurac\u00e1n Ian se fortalec\u00eda el lunes mientras se acercaba al extremo oeste de Cuba, siguiendo una trayectoria que lo llevar\u00e1 a impactar la costa oeste de Florida como un cicl\u00f3n de categor\u00eda 4 para el mi\u00e9rcoles.<\/p>\n\n\n\n<p class=\"wp-block-paragraph\">Se pronostica que Ian azotar\u00e1 Cuba como hurac\u00e1n de categor\u00eda 3 y luego alcanzar\u00e1 fuerza de un cicl\u00f3n de categor\u00eda 4 con vientos m\u00e1ximos de hasta 225 kil\u00f3metros por hora (140 millas por hora) sobre las aguas c\u00e1lidas del Golfo de M\u00e9xico antes de tocar tierra en Florida.<\/p>\n\n\n\n<p class=\"wp-block-paragraph\">En Cuba, las autoridades evacuaron a 50 mil personas en la provincia de Pinar del R\u00edo, enviaron personal m\u00e9dico y de emergencia, y tomaron medidas para proteger alimentos y otros cultivos en los almacenes, seg\u00fan medios estatales.<\/p>\n\n\n\n<blockquote class=\"wp-block-quote is-layout-flow wp-block-quote-is-layout-flow\"><p>Para Cuba se esperan vientos huracanados extremos, tambi\u00e9n peligrosas marejadas cicl\u00f3nicas y fuertes lluvias\u201d, dijo Daniel Brown, meteor\u00f3logo del Centro Nacional de Huracanes de Estados Unidos (NHC por sus siglas en ingl\u00e9s), a The Associated Press el lunes.<\/p><\/blockquote>\n\n\n\n<p class=\"wp-block-paragraph\">El NHC pronostic\u00f3 que \u00e1reas de la costa oeste de Cuba podr\u00edan registrar marejadas cicl\u00f3nicas de hasta 4.3 metros (14 pies) el lunes por la noche o la madrugada del martes.<\/p>\n\n\n\n<p class=\"wp-block-paragraph\">En La Habana, los pescadores sacaban sus botes del agua a lo largo de su emblem\u00e1tico malec\u00f3n, mientras que los empleados municipales estaban ocupados desazolvando los drenajes en anticipaci\u00f3n a las fuertes lluvias.<\/p>\n\n\n\n<p class=\"wp-block-paragraph\">Adyz Ladr\u00f3n, una residente de La Habana de 35 a\u00f1os, expres\u00f3 su preocupaci\u00f3n ante la posibilidad de un aumento en los niveles del agua.<\/p>\n\n\n\n<blockquote class=\"wp-block-quote is-layout-flow wp-block-quote-is-layout-flow\"><p>Asustada porque la casa se inunda completa, el agua llega alto\u201d, dijo, mientras se colocaba la mano al nivel del pecho.<\/p><\/blockquote>\n\n\n\n<p class=\"wp-block-paragraph\">El lunes por la tarde, Ian avanzaba hacia el noroeste a 20 km\/h (13 mph), y se ubicaba aproximadamente a 250 kil\u00f3metros (155 millas) al sureste del extremo occidental de Cuba. Ten\u00eda vientos m\u00e1ximos sostenidos de unos 155 km\/h (casi 100 mph).<\/p>\n\n\n\n<p class=\"wp-block-paragraph\">El v\u00f3rtice del hurac\u00e1n pas\u00f3 al oeste de las Islas Caim\u00e1n, pero no se reportaron da\u00f1os de consideraci\u00f3n el lunes, y los residentes salieron de nuevo a las calles una vez que pasaron los fuertes vientos.<\/p>\n\n\n\n<p class=\"wp-block-paragraph\">\u201cParece que esquivamos un balazo\u201d, dijo Gary Hollins, residente de Gran Caim\u00e1n. \u201cEstoy contento por eso\u201d.<\/p>\n\n\n\n<p class=\"wp-block-paragraph\">Ian no pasar\u00e1 mucho tiempo sobre Cuba, pero se desacelerar\u00e1 sobre el Golfo de M\u00e9xico, donde aumentar\u00e1 de tama\u00f1o y fuerza, \u201clo que tendr\u00e1 el potencial de producir impactos considerables por el viento y las marejadas cicl\u00f3nicas a lo largo de la costa oeste de Florida\u201d, se\u00f1al\u00f3 el NHC.<\/p>\n\n\n\n<p class=\"wp-block-paragraph\">Tampa y St. Petersburg parec\u00edan tener grandes probabilidades de tener su primer impacto directo de un hurac\u00e1n de categor\u00eda 3 o mayor desde 1921.<\/p>\n\n\n\n<blockquote class=\"wp-block-quote is-layout-flow wp-block-quote-is-layout-flow\"><p>Por favor, tomen en serio esta tormenta. Es algo serio. No es un ensayo\u201d, se\u00f1al\u00f3 el lunes Timothy Dudley, director de manejo de emergencias del condado Hillsborough, durante una conferencia de prensa sobre los preparativos para la tormenta en Tampa.<\/p><\/blockquote>\n\n\n\n<p class=\"wp-block-paragraph\">Se pronostica una marejada de hasta 3 metros (10 pies) y hasta 25 cent\u00edmetros (10 pulgadas) de lluvia en toda la zona de Tampa Bay, con hasta 38 cent\u00edmetros (15 pulgadas) en zonas aisladas. Es suficiente agua para inundar las comunidades costeras bajas.<\/p>\n\n\n\n<p class=\"wp-block-paragraph\">Hasta 300 mil personas podr\u00edan ser evacuadas s\u00f3lo de las zonas bajas del condado Hillsborough, dijo la administradora condal Bonnie Wise. El lunes por la tarde ya iniciaban algunas evacuaciones en las partes m\u00e1s vulnerables, y algunas escuelas y otros lugares instalaron albergues.<\/p>\n\n\n\n<blockquote class=\"wp-block-quote is-layout-flow wp-block-quote-is-layout-flow\"><p>Debemos hacer todo lo que podamos para proteger a nuestros residentes. El tiempo es fundamental\u201d, declar\u00f3 Wise.<\/p><\/blockquote>\n\n\n\n<p class=\"wp-block-paragraph\">En Tampa, los habitantes se formaron durante horas para recoger costales de arena y compraron toda el agua embotellada de los anaqueles. El gobernador de Florida Ron DeSantis declar\u00f3 una emergencia en todo el estado y advirti\u00f3 que la tormenta podr\u00eda impactar una gran franja de la entidad, interrumpiendo el servicio de electricidad y el suministro de gasolina.<\/p>\n\n\n\n<blockquote class=\"wp-block-quote is-layout-flow wp-block-quote-is-layout-flow\"><p>Se tiene una tormenta significativa que podr\u00eda terminar siendo un hurac\u00e1n de categor\u00eda 4\u201d, dijo DeSantis en conferencia de prensa. \u201cEso causar\u00e1 una importante marejada cicl\u00f3nica. Habr\u00e1 inundaciones. Vamos a sentir una gran variedad de impactos\u201d.<\/p><\/blockquote>\n\n\n\n<p class=\"wp-block-paragraph\">DeSantis dijo que el estado suspendi\u00f3 el cobro de peaje en los alrededores de Tampa y moviliz\u00f3 a 5 mil elementos de la Guardia Nacional de Florida, mientras que habr\u00e1 otros 2 mil en estado de alerta en las entidades vecinas.<\/p>\n\n\n\n<p class=\"wp-block-paragraph\">El presidente Joe Biden tambi\u00e9n declar\u00f3 una emergencia, autorizando al Departamento de Seguridad Nacional y la Agencia Federal para el Manejo de Emergencias para coordinar la ayuda contra cat\u00e1strofes y brindar asistencia para la protecci\u00f3n de vidas y propiedades. <\/p>\n\n\n\n<p class=\"wp-block-paragraph\">Sin tomar riesgos, la NASA planeaba retirar su cohete para una misi\u00f3n lunar de la plataforma de lanzamiento y trasladarlo a un hangar del Centro Espacial K<\/p>\n","protected":false},"excerpt":{"rendered":"<p>LA HABANA.- El hurac\u00e1n Ian se fortalec\u00eda el lunes mientras se acercaba al extremo oeste de Cuba, siguiendo<\/p>\n","protected":false},"author":1,"featured_media":408,"comment_status":"closed","ping_status":"closed","sticky":false,"template":"","format":"standard","meta":{"_crdt_document":"","_jetpack_memberships_contains_paid_content":false,"footnotes":"","jetpack_publicize_message":"El meteoro alcanzar\u00e1 la categor\u00eda 4 antes de acercarse a Florida, donde ya comenzaron a evacuar a los residentes de las zonas bajas","jetpack_publicize_feature_enabled":true,"jetpack_social_post_already_shared":true,"jetpack_social_options":{"image_generator_settings":{"template":"highway","default_image_id":0,"font":"","enabled":false},"version":2},"_wpas_customize_per_network":false},"categories":[9],"tags":[],"class_list":["post-407","post","type-post","status-publish","format-standard","has-post-thumbnail","hentry","category-el-mundo"],"magazineBlocksPostFeaturedMedia":{"thumbnail":"https:\/\/pornuestrolaredo.com\/wp-content\/uploads\/2022\/09\/Huracan-1-150x150.jpeg","medium":"https:\/\/pornuestrolaredo.com\/wp-content\/uploads\/2022\/09\/Huracan-1-300x200.jpeg","medium_large":"https:\/\/pornuestrolaredo.com\/wp-content\/uploads\/2022\/09\/Huracan-1-768x512.jpeg","large":"https:\/\/pornuestrolaredo.com\/wp-content\/uploads\/2022\/09\/Huracan-1.jpeg","1536x1536":"https:\/\/pornuestrolaredo.com\/wp-content\/uploads\/2022\/09\/Huracan-1.jpeg","2048x2048":"https:\/\/pornuestrolaredo.com\/wp-content\/uploads\/2022\/09\/Huracan-1.jpeg","morenews-large":"https:\/\/pornuestrolaredo.com\/wp-content\/uploads\/2022\/09\/Huracan-1.jpeg","morenews-medium":"https:\/\/pornuestrolaredo.com\/wp-content\/uploads\/2022\/09\/Huracan-1.jpeg"},"magazineBlocksPostAuthor":{"name":"Redactor","avatar":"https:\/\/pornuestrolaredo.com\/wp-content\/litespeed\/avatar\/dca1d7ec750c399f025f23b0b314f4cf.jpg?ver=1777007253"},"magazineBlocksPostCommentsNumber":false,"magazineBlocksPostExcerpt":"LA HABANA.- El hurac\u00e1n Ian se fortalec\u00eda el lunes mientras se acercaba al extremo oeste de Cuba, siguiendo","magazineBlocksPostCategories":["El Mundo"],"magazineBlocksPostViewCount":138,"magazineBlocksPostReadTime":5,"magazine_blocks_featured_image_url":{"full":["https:\/\/pornuestrolaredo.com\/wp-content\/uploads\/2022\/09\/Huracan-1.jpeg",1000,667,false],"medium":["https:\/\/pornuestrolaredo.com\/wp-content\/uploads\/2022\/09\/Huracan-1-300x200.jpeg",300,200,true],"thumbnail":["https:\/\/pornuestrolaredo.com\/wp-content\/uploads\/2022\/09\/Huracan-1-150x150.jpeg",150,150,true]},"magazine_blocks_author":{"display_name":"Redactor","author_link":"https:\/\/pornuestrolaredo.com\/?author=1"},"magazine_blocks_comment":0,"magazine_blocks_author_image":"https:\/\/pornuestrolaredo.com\/wp-content\/litespeed\/avatar\/dca1d7ec750c399f025f23b0b314f4cf.jpg?ver=1777007253","magazine_blocks_category":"<a href=\"#\" class=\"category-link category-link-9\">El Mundo<\/a>","jetpack_publicize_connections":[],"featured_image_urls":{"full":["https:\/\/pornuestrolaredo.com\/wp-content\/uploads\/2022\/09\/Huracan-1.jpeg",1000,667,false],"thumbnail":["https:\/\/pornuestrolaredo.com\/wp-content\/uploads\/2022\/09\/Huracan-1-150x150.jpeg",150,150,true],"medium":["https:\/\/pornuestrolaredo.com\/wp-content\/uploads\/2022\/09\/Huracan-1-300x200.jpeg",300,200,true],"medium_large":["https:\/\/pornuestrolaredo.com\/wp-content\/uploads\/2022\/09\/Huracan-1-768x512.jpeg",640,427,true],"large":["https:\/\/pornuestrolaredo.com\/wp-content\/uploads\/2022\/09\/Huracan-1.jpeg",640,427,false],"1536x1536":["https:\/\/pornuestrolaredo.com\/wp-content\/uploads\/2022\/09\/Huracan-1.jpeg",1000,667,false],"2048x2048":["https:\/\/pornuestrolaredo.com\/wp-content\/uploads\/2022\/09\/Huracan-1.jpeg",1000,667,false],"morenews-large":["https:\/\/pornuestrolaredo.com\/wp-content\/uploads\/2022\/09\/Huracan-1.jpeg",825,550,false],"morenews-medium":["https:\/\/pornuestrolaredo.com\/wp-content\/uploads\/2022\/09\/Huracan-1.jpeg",590,394,false]},"author_info":{"info":["Redactor"]},"category_info":"<a href=\"https:\/\/pornuestrolaredo.com\/?cat=9\" rel=\"category\">El Mundo<\/a>","tag_info":"El Mundo","comment_count":"0","jetpack_featured_media_url":"https:\/\/pornuestrolaredo.com\/wp-content\/uploads\/2022\/09\/Huracan-1.jpeg","jetpack_sharing_enabled":true,"_links":{"self":[{"href":"https:\/\/pornuestrolaredo.com\/index.php?rest_route=\/wp\/v2\/posts\/407","targetHints":{"allow":["GET"]}}],"collection":[{"href":"https:\/\/pornuestrolaredo.com\/index.php?rest_route=\/wp\/v2\/posts"}],"about":[{"href":"https:\/\/pornuestrolaredo.com\/index.php?rest_route=\/wp\/v2\/types\/post"}],"author":[{"embeddable":true,"href":"https:\/\/pornuestrolaredo.com\/index.php?rest_route=\/wp\/v2\/users\/1"}],"replies":[{"embeddable":true,"href":"https:\/\/pornuestrolaredo.com\/index.php?rest_route=%2Fwp%2Fv2%2Fcomments&post=407"}],"version-history":[{"count":2,"href":"https:\/\/pornuestrolaredo.com\/index.php?rest_route=\/wp\/v2\/posts\/407\/revisions"}],"predecessor-version":[{"id":483,"href":"https:\/\/pornuestrolaredo.com\/index.php?rest_route=\/wp\/v2\/posts\/407\/revisions\/483"}],"wp:featuredmedia":[{"embeddable":true,"href":"https:\/\/pornuestrolaredo.com\/index.php?rest_route=\/wp\/v2\/media\/408"}],"wp:attachment":[{"href":"https:\/\/pornuestrolaredo.com\/index.php?rest_route=%2Fwp%2Fv2%2Fmedia&parent=407"}],"wp:term":[{"taxonomy":"category","embeddable":true,"href":"https:\/\/pornuestrolaredo.com\/index.php?rest_route=%2Fwp%2Fv2%2Fcategories&post=407"},{"taxonomy":"post_tag","embeddable":true,"href":"https:\/\/pornuestrolaredo.com\/index.php?rest_route=%2Fwp%2Fv2%2Ftags&post=407"}],"curies":[{"name":"wp","href":"https:\/\/api.w.org\/{rel}","templated":true}]}}