{"id":4073,"date":"2024-03-29T17:56:38","date_gmt":"2024-03-29T17:56:38","guid":{"rendered":"https:\/\/pornuestrolaredo.com\/?p=4073"},"modified":"2024-03-29T17:56:38","modified_gmt":"2024-03-29T17:56:38","slug":"lleva-eclipse-lecciones-divertidas-a-las-escuelas","status":"publish","type":"post","link":"https:\/\/pornuestrolaredo.com\/?p=4073","title":{"rendered":"Lleva eclipse lecciones divertidas a las escuelas"},"content":{"rendered":"<p><strong><em>CLEVELAND.-<\/em> <\/strong>El alumno de s\u00e9ptimo grado Henry Cohen se meneaba al son del tema de los Beatles \u201cHere Comes the Sun\u201d en el aula de la maestra Nancy Morris, abriendo y cerrando los brazos sobre los planetas pintados en su camiseta.<\/p>\n<p>Henry y sus compa\u00f1eros de clase en la escuela Riverside de Cleveland estaban todos de pie, bailando durante una clase especial vinculada con el eclipse solar total de abril. Otros alumnos de segundo grado, invitados especialmente, estaban sentados de piernas cruzadas en el piso y re\u00edan mientras constru\u00edan modelos de gafas para mirar eclipses. Los pupitres y estantes estaban cubiertos de dioramas con modelos de la tierra, la luna y linternas que hac\u00edan las veces del sol.<\/p>\n<p>Henry dijo que su camiseta reflejaba su fascinaci\u00f3n con el espacio, que considera un \u201cmisterio interesante\u201d. El eclipse \u201ces una posibilidad en un mill\u00f3n y me alegra estar presente para verlo\u201d, dijo.<\/p>\n<p>Para las escuelas en la trayectoria de totalidad del eclipse del 8 de abril, el evento ha dado lugar a lecciones especiales de ciencia, literatura y cultura general. Algunos colegios est\u00e1n organizando a grupos de alumnos para que vean el eclipse, se sobrecojan con la oscuridad en pleno d\u00eda y aprendan sobre el fen\u00f3meno astron\u00f3mico que lo explica.<\/p>\n<p>El distrito escolar de Portville, Nueva York, cerca del l\u00edmite con Pensilvania, se encuentra apenas afuera del trayecto de totalidad. Su plan es llevar a los 500 alumnos del s\u00e9ptimo al 12do grado en bus a un antiguo establo sobre un valle. All\u00ed podr\u00e1n seguir la sombra del eclipse cuando se produzca alrededor de las 3:20 de la tarde hora del este (2020 GMT).<\/p>\n<p>Fue necesario modificar el horario escolar para poder hacerlo, pero el jefe del distrito escolar, Thomas Simon, dijo que los docentes no quer\u00edan perder una oportunidad para el aprendizaje, sobre todo en una \u00e9poca en que los estudiantes conocen buena parte de la vida solamente a trav\u00e9s de las pantallas.<\/p>\n<blockquote><p>Queremos que terminen ese d\u00eda con la sensaci\u00f3n de que son una parte muy peque\u00f1a de un magn\u00edfico planeta en el cual vivimos y que hay cosas verdaderamente fascinantes que podemos experimentar en el mundo natural\u201d, dijo Simon.<\/p><\/blockquote>\n<p>Las escuelas en Cleveland y algunas otras ciudades por donde pasar\u00e1 el eclipse cerrar\u00e1n ese d\u00eda para que los estudiantes no se encuentren en autobuses o en medio de las multitudes que previsiblemente se formar\u00e1n. En Riverside, Morris elabor\u00f3 una serie de actividades pr\u00e1cticas, juegos y modelos para educar e interesar a sus alumnos antes del gran d\u00eda.<\/p>\n<blockquote><p>En verdad, no comprend\u00edan lo importante que es esto hasta que empezamos a hablar sobre ello\u201d, dijo Morris.<\/p><\/blockquote>\n<p>Los curr\u00edculos escolares en materia de ciencias en todos los estados incluyen las fases de la luna y los eclipses, dijo Dennis Schatz, expresidente de la Asociaci\u00f3n Nacional de Ense\u00f1anza de Ciencias. Algunos distritos escolares tienen sus propios planetarios \u2014reliquias de la carrera espacial de la d\u00e9cada de 1960\u2014 donde los estudiantes pueden recibir lecciones de astronom\u00eda.<\/p>\n<p>Pero no hay mejor lecci\u00f3n que el fen\u00f3meno real, dijo Schatz, quien exhorta a los docentes a aprovechar el eclipse como \u201cun buen momento para la educaci\u00f3n\u201d.<\/p>\n<p>Es precisamente lo que piensan hacer las maestras de ciencias Anita Orozco y Katherine Roberts en la escuela Lamplighter de Dallas: llevar\u00e1n a todos sus estudiantes desde el preescolar hasta cuarto grado a verlo afuera. En un taller de ense\u00f1anza en la Universidad de Texas en Dallas les dijeron que ser\u00eda \u201ccasi un crimen\u201d mantener a los estudiantes puertas adentro.<\/p>\n<blockquote><p>Queremos que nuestros estudiantes sientan la fascinaci\u00f3n de la ciencia como la sentimos nosotros\u201d, dijo Roberts. \u201cQueremos que comprendan y sientan el asombro de este magn\u00edfico evento\u201d.<\/p><\/blockquote>\n<p>Manejar a ni\u00f1os tan j\u00f3venes tiene sus dificultades, pero \u201cqueremos que sea un evento\u201d, dijo Orozco.<\/p>\n<p>Al formar a futuros docentes en ciencias, la profesora Noemi Waight, de la Universidad de Buffalo, los alienta a incorporar la manera como la cultura afecta la experiencia del eclipse. Por ejemplo, para los nativos de Am\u00e9rica del Norte, puede ser un hecho sagrado.<\/p>\n<blockquote><p>Es importante que nuestros docentes lo comprendan\u201d, dijo, \u201cas\u00ed cuando ense\u00f1an pueden incorporar todos estos elementos\u201d.<\/p><\/blockquote>\n<p>El Club de Amigos de STEM de la Universidad Estatal de Nueva York Brockport planea realizar actividades relacionadas con el eclipse con los alumnos de cuarto grado del maestro Christopher Albrecht, con la esperanza de contagiarles su pasi\u00f3n por la ciencia, tecnolog\u00eda, ingenier\u00eda y matem\u00e1tica.<\/p>\n<blockquote>\n<blockquote><p>Quiero mostrar a los estudiantes lo que es posible\u201d, dijo Allison Blum, de 20 a\u00f1os, estudiante de f\u00edsica con especialidad en astrof\u00edsica. \u201cSe conocen los trabajos populares, como el de astronauta, pero no se conocen todas las posibilidades de los distintos campos\u201d.<\/p><\/blockquote>\n<p>Albrecht quiere aprovechar el inter\u00e9s de sus alumnos en el eclipse para estimular tambi\u00e9n el amor por la lectura.<\/p>\n<p>Esta es una gran oportunidad para leer mucho con ellos\u201d, dijo Albrecht. Ha escogido los libros \u201cWhat Is a Solar Eclipse?\u201d (\u00bfQu\u00e9 es un eclipse solar?) de Dana Meachen Rau, y \u201cA Few Beautiful Minutes\u201d (Unos Pocos Minutos Bellos) de Kate Allen Fox para leer con su clase en la escuela primaria Hill de Brockport, Nueva York.<\/p><\/blockquote>\n<blockquote><p>Es atrapar su inter\u00e9s, y al mismo tiempo estimular su imaginaci\u00f3n\u201d, asegur\u00f3.<\/p><\/blockquote>\n","protected":false},"excerpt":{"rendered":"<p>El 8 de abril, la Luna ocultar\u00e1 al Sol y durante unos minutos, el d\u00eda se convertir\u00e1 en noche<\/p>\n","protected":false},"author":1,"featured_media":4074,"comment_status":"closed","ping_status":"closed","sticky":false,"template":"","format":"standard","meta":{"_crdt_document":"","_jetpack_memberships_contains_paid_content":false,"footnotes":"","jetpack_publicize_message":"","jetpack_publicize_feature_enabled":true,"jetpack_social_post_already_shared":true,"jetpack_social_options":{"image_generator_settings":{"template":"highway","default_image_id":0,"font":"","enabled":false},"version":2},"_wpas_customize_per_network":false},"categories":[9],"tags":[],"class_list":["post-4073","post","type-post","status-publish","format-standard","has-post-thumbnail","hentry","category-el-mundo"],"magazineBlocksPostFeaturedMedia":{"thumbnail":"https:\/\/pornuestrolaredo.com\/wp-content\/uploads\/2024\/03\/Stereo91-20240329-2-150x150.jpg","medium":"https:\/\/pornuestrolaredo.com\/wp-content\/uploads\/2024\/03\/Stereo91-20240329-2-300x200.jpg","medium_large":"https:\/\/pornuestrolaredo.com\/wp-content\/uploads\/2024\/03\/Stereo91-20240329-2-768x512.jpg","large":"https:\/\/pornuestrolaredo.com\/wp-content\/uploads\/2024\/03\/Stereo91-20240329-2.jpg","1536x1536":"https:\/\/pornuestrolaredo.com\/wp-content\/uploads\/2024\/03\/Stereo91-20240329-2.jpg","2048x2048":"https:\/\/pornuestrolaredo.com\/wp-content\/uploads\/2024\/03\/Stereo91-20240329-2.jpg","morenews-large":"https:\/\/pornuestrolaredo.com\/wp-content\/uploads\/2024\/03\/Stereo91-20240329-2.jpg","morenews-medium":"https:\/\/pornuestrolaredo.com\/wp-content\/uploads\/2024\/03\/Stereo91-20240329-2.jpg"},"magazineBlocksPostAuthor":{"name":"Redactor","avatar":"https:\/\/pornuestrolaredo.com\/wp-content\/litespeed\/avatar\/dca1d7ec750c399f025f23b0b314f4cf.jpg?ver=1777612120"},"magazineBlocksPostCommentsNumber":false,"magazineBlocksPostExcerpt":"El 8 de abril, la Luna ocultar\u00e1 al Sol y durante unos minutos, el d\u00eda se convertir\u00e1 en noche","magazineBlocksPostCategories":["El Mundo"],"magazineBlocksPostViewCount":132,"magazineBlocksPostReadTime":5,"magazine_blocks_featured_image_url":{"full":["https:\/\/pornuestrolaredo.com\/wp-content\/uploads\/2024\/03\/Stereo91-20240329-2.jpg",980,653,false],"medium":["https:\/\/pornuestrolaredo.com\/wp-content\/uploads\/2024\/03\/Stereo91-20240329-2-300x200.jpg",300,200,true],"thumbnail":["https:\/\/pornuestrolaredo.com\/wp-content\/uploads\/2024\/03\/Stereo91-20240329-2-150x150.jpg",150,150,true]},"magazine_blocks_author":{"display_name":"Redactor","author_link":"https:\/\/pornuestrolaredo.com\/?author=1"},"magazine_blocks_comment":0,"magazine_blocks_author_image":"https:\/\/pornuestrolaredo.com\/wp-content\/litespeed\/avatar\/dca1d7ec750c399f025f23b0b314f4cf.jpg?ver=1777612120","magazine_blocks_category":"<a href=\"#\" class=\"category-link category-link-9\">El Mundo<\/a>","jetpack_publicize_connections":[],"featured_image_urls":{"full":["https:\/\/pornuestrolaredo.com\/wp-content\/uploads\/2024\/03\/Stereo91-20240329-2.jpg",980,653,false],"thumbnail":["https:\/\/pornuestrolaredo.com\/wp-content\/uploads\/2024\/03\/Stereo91-20240329-2-150x150.jpg",150,150,true],"medium":["https:\/\/pornuestrolaredo.com\/wp-content\/uploads\/2024\/03\/Stereo91-20240329-2-300x200.jpg",300,200,true],"medium_large":["https:\/\/pornuestrolaredo.com\/wp-content\/uploads\/2024\/03\/Stereo91-20240329-2-768x512.jpg",640,427,true],"large":["https:\/\/pornuestrolaredo.com\/wp-content\/uploads\/2024\/03\/Stereo91-20240329-2.jpg",640,426,false],"1536x1536":["https:\/\/pornuestrolaredo.com\/wp-content\/uploads\/2024\/03\/Stereo91-20240329-2.jpg",980,653,false],"2048x2048":["https:\/\/pornuestrolaredo.com\/wp-content\/uploads\/2024\/03\/Stereo91-20240329-2.jpg",980,653,false],"morenews-large":["https:\/\/pornuestrolaredo.com\/wp-content\/uploads\/2024\/03\/Stereo91-20240329-2.jpg",825,550,false],"morenews-medium":["https:\/\/pornuestrolaredo.com\/wp-content\/uploads\/2024\/03\/Stereo91-20240329-2.jpg",590,393,false]},"author_info":{"info":["Redactor"]},"category_info":"<a href=\"https:\/\/pornuestrolaredo.com\/?cat=9\" rel=\"category\">El Mundo<\/a>","tag_info":"El Mundo","comment_count":"0","jetpack_featured_media_url":"https:\/\/pornuestrolaredo.com\/wp-content\/uploads\/2024\/03\/Stereo91-20240329-2.jpg","jetpack_sharing_enabled":true,"_links":{"self":[{"href":"https:\/\/pornuestrolaredo.com\/index.php?rest_route=\/wp\/v2\/posts\/4073","targetHints":{"allow":["GET"]}}],"collection":[{"href":"https:\/\/pornuestrolaredo.com\/index.php?rest_route=\/wp\/v2\/posts"}],"about":[{"href":"https:\/\/pornuestrolaredo.com\/index.php?rest_route=\/wp\/v2\/types\/post"}],"author":[{"embeddable":true,"href":"https:\/\/pornuestrolaredo.com\/index.php?rest_route=\/wp\/v2\/users\/1"}],"replies":[{"embeddable":true,"href":"https:\/\/pornuestrolaredo.com\/index.php?rest_route=%2Fwp%2Fv2%2Fcomments&post=4073"}],"version-history":[{"count":1,"href":"https:\/\/pornuestrolaredo.com\/index.php?rest_route=\/wp\/v2\/posts\/4073\/revisions"}],"predecessor-version":[{"id":4075,"href":"https:\/\/pornuestrolaredo.com\/index.php?rest_route=\/wp\/v2\/posts\/4073\/revisions\/4075"}],"wp:featuredmedia":[{"embeddable":true,"href":"https:\/\/pornuestrolaredo.com\/index.php?rest_route=\/wp\/v2\/media\/4074"}],"wp:attachment":[{"href":"https:\/\/pornuestrolaredo.com\/index.php?rest_route=%2Fwp%2Fv2%2Fmedia&parent=4073"}],"wp:term":[{"taxonomy":"category","embeddable":true,"href":"https:\/\/pornuestrolaredo.com\/index.php?rest_route=%2Fwp%2Fv2%2Fcategories&post=4073"},{"taxonomy":"post_tag","embeddable":true,"href":"https:\/\/pornuestrolaredo.com\/index.php?rest_route=%2Fwp%2Fv2%2Ftags&post=4073"}],"curies":[{"name":"wp","href":"https:\/\/api.w.org\/{rel}","templated":true}]}}