{"id":4076,"date":"2024-03-29T18:25:27","date_gmt":"2024-03-29T18:25:27","guid":{"rendered":"https:\/\/pornuestrolaredo.com\/?p=4076"},"modified":"2024-03-29T18:25:27","modified_gmt":"2024-03-29T18:25:27","slug":"cuerpos-de-auxilio-listos-para-domingo-de-pascua","status":"publish","type":"post","link":"https:\/\/pornuestrolaredo.com\/?p=4076","title":{"rendered":"Cuerpos de auxilio, listos para Domingo de Pascua"},"content":{"rendered":"<p><strong><em>NUEVO LAREDO.-<\/em><\/strong> Este Domingo de Pascua, el d\u00eda en que las familias se re\u00fanen para compartir juegos, comida y diversi\u00f3n, los cuerpos de seguridad se mantendr\u00e1n listos para atender cualquier emergencia.<\/p>\n<p>Los n\u00fameros de tel\u00e9fono para cualquier emergencia son 867 712 3030, 867 712 2124 o al 867 712 8911. Tambi\u00e9n puede marcar al 911.<\/p>\n<p>Se reportaron listos Protecci\u00f3n Civil, Guardia Municipal y Tr\u00e1nsito y Vialidad para dar  atenci\u00f3n en favor de la poblaci\u00f3n durante festejos por Pascua.<\/p>\n<p>Mediante un comunicado, se aunci\u00f3 que a partir del viernes, la direcci\u00f3n de Tr\u00e1nsito y Vialidad estar\u00e1 instalado para auxiliar a la comunidad en las palapas del CITEV, bulevar Luis Donaldo Colosio, en los parques Viveros y Narciso Mendoza, en el Patinadero y en el Parque Recreativo Pen\u00ednsula el Laguito.<\/p>\n<p>La direcci\u00f3n de Protecci\u00f3n Civil contar\u00e1 con personal operativo, param\u00e9dicos, personal de infanter\u00eda, y equipo de rescate acu\u00e1tico para atender cualquier emegencia. Tambi\u00e9n se har\u00e1n rondines por parques y zonas de esparcimiento.<\/p>\n<p>Adem\u00e1s, se realizar\u00e1 monitoreo carretero para dar atenci\u00f3n a las personas que salen de la ciudad y que as\u00ed lo soliciten.<\/p>\n<p>Para atender cualquier emergencia o para prestar servicios a la ciudadan\u00eda estar\u00e1n trabajando personal de la Academia de Protecci\u00f3n Civil, Voluntarios, personal operativo, bomberos, rescate acu\u00e1tico, personal administrativo, de inspecciones y capacitaciones.<\/p>\n","protected":false},"excerpt":{"rendered":"<p>Desde hoy viernes se realizan operativos de auxilio y apoyo a la ciudadan\u00eda<\/p>\n","protected":false},"author":1,"featured_media":4077,"comment_status":"closed","ping_status":"closed","sticky":false,"template":"","format":"standard","meta":{"_crdt_document":"","_jetpack_memberships_contains_paid_content":false,"footnotes":"","jetpack_publicize_message":"","jetpack_publicize_feature_enabled":true,"jetpack_social_post_already_shared":true,"jetpack_social_options":{"image_generator_settings":{"template":"highway","default_image_id":0,"font":"","enabled":false},"version":2},"_wpas_customize_per_network":false},"categories":[5],"tags":[],"class_list":["post-4076","post","type-post","status-publish","format-standard","has-post-thumbnail","hentry","category-dos-laredos"],"magazineBlocksPostFeaturedMedia":{"thumbnail":"https:\/\/pornuestrolaredo.com\/wp-content\/uploads\/2024\/03\/Stereo91-20240329-3-150x150.jpg","medium":"https:\/\/pornuestrolaredo.com\/wp-content\/uploads\/2024\/03\/Stereo91-20240329-3-300x169.jpg","medium_large":"https:\/\/pornuestrolaredo.com\/wp-content\/uploads\/2024\/03\/Stereo91-20240329-3-768x432.jpg","large":"https:\/\/pornuestrolaredo.com\/wp-content\/uploads\/2024\/03\/Stereo91-20240329-3-1000x563.jpg","1536x1536":"https:\/\/pornuestrolaredo.com\/wp-content\/uploads\/2024\/03\/Stereo91-20240329-3.jpg","2048x2048":"https:\/\/pornuestrolaredo.com\/wp-content\/uploads\/2024\/03\/Stereo91-20240329-3.jpg","morenews-large":"https:\/\/pornuestrolaredo.com\/wp-content\/uploads\/2024\/03\/Stereo91-20240329-3.jpg","morenews-medium":"https:\/\/pornuestrolaredo.com\/wp-content\/uploads\/2024\/03\/Stereo91-20240329-3.jpg"},"magazineBlocksPostAuthor":{"name":"Redactor","avatar":"https:\/\/pornuestrolaredo.com\/wp-content\/litespeed\/avatar\/dca1d7ec750c399f025f23b0b314f4cf.jpg?ver=1777612120"},"magazineBlocksPostCommentsNumber":false,"magazineBlocksPostExcerpt":"Desde hoy viernes se realizan operativos de auxilio y apoyo a la ciudadan\u00eda","magazineBlocksPostCategories":["Dos Laredos"],"magazineBlocksPostViewCount":121,"magazineBlocksPostReadTime":2,"magazine_blocks_featured_image_url":{"full":["https:\/\/pornuestrolaredo.com\/wp-content\/uploads\/2024\/03\/Stereo91-20240329-3.jpg",1280,720,false],"medium":["https:\/\/pornuestrolaredo.com\/wp-content\/uploads\/2024\/03\/Stereo91-20240329-3-300x169.jpg",300,169,true],"thumbnail":["https:\/\/pornuestrolaredo.com\/wp-content\/uploads\/2024\/03\/Stereo91-20240329-3-150x150.jpg",150,150,true]},"magazine_blocks_author":{"display_name":"Redactor","author_link":"https:\/\/pornuestrolaredo.com\/?author=1"},"magazine_blocks_comment":0,"magazine_blocks_author_image":"https:\/\/pornuestrolaredo.com\/wp-content\/litespeed\/avatar\/dca1d7ec750c399f025f23b0b314f4cf.jpg?ver=1777612120","magazine_blocks_category":"<a href=\"#\" class=\"category-link category-link-5\">Dos Laredos<\/a>","jetpack_publicize_connections":[],"featured_image_urls":{"full":["https:\/\/pornuestrolaredo.com\/wp-content\/uploads\/2024\/03\/Stereo91-20240329-3.jpg",1280,720,false],"thumbnail":["https:\/\/pornuestrolaredo.com\/wp-content\/uploads\/2024\/03\/Stereo91-20240329-3-150x150.jpg",150,150,true],"medium":["https:\/\/pornuestrolaredo.com\/wp-content\/uploads\/2024\/03\/Stereo91-20240329-3-300x169.jpg",300,169,true],"medium_large":["https:\/\/pornuestrolaredo.com\/wp-content\/uploads\/2024\/03\/Stereo91-20240329-3-768x432.jpg",640,360,true],"large":["https:\/\/pornuestrolaredo.com\/wp-content\/uploads\/2024\/03\/Stereo91-20240329-3-1000x563.jpg",640,360,true],"1536x1536":["https:\/\/pornuestrolaredo.com\/wp-content\/uploads\/2024\/03\/Stereo91-20240329-3.jpg",1280,720,false],"2048x2048":["https:\/\/pornuestrolaredo.com\/wp-content\/uploads\/2024\/03\/Stereo91-20240329-3.jpg",1280,720,false],"morenews-large":["https:\/\/pornuestrolaredo.com\/wp-content\/uploads\/2024\/03\/Stereo91-20240329-3.jpg",825,464,false],"morenews-medium":["https:\/\/pornuestrolaredo.com\/wp-content\/uploads\/2024\/03\/Stereo91-20240329-3.jpg",590,332,false]},"author_info":{"info":["Redactor"]},"category_info":"<a href=\"https:\/\/pornuestrolaredo.com\/?cat=5\" rel=\"category\">Dos Laredos<\/a>","tag_info":"Dos Laredos","comment_count":"0","jetpack_featured_media_url":"https:\/\/pornuestrolaredo.com\/wp-content\/uploads\/2024\/03\/Stereo91-20240329-3.jpg","jetpack_sharing_enabled":true,"_links":{"self":[{"href":"https:\/\/pornuestrolaredo.com\/index.php?rest_route=\/wp\/v2\/posts\/4076","targetHints":{"allow":["GET"]}}],"collection":[{"href":"https:\/\/pornuestrolaredo.com\/index.php?rest_route=\/wp\/v2\/posts"}],"about":[{"href":"https:\/\/pornuestrolaredo.com\/index.php?rest_route=\/wp\/v2\/types\/post"}],"author":[{"embeddable":true,"href":"https:\/\/pornuestrolaredo.com\/index.php?rest_route=\/wp\/v2\/users\/1"}],"replies":[{"embeddable":true,"href":"https:\/\/pornuestrolaredo.com\/index.php?rest_route=%2Fwp%2Fv2%2Fcomments&post=4076"}],"version-history":[{"count":1,"href":"https:\/\/pornuestrolaredo.com\/index.php?rest_route=\/wp\/v2\/posts\/4076\/revisions"}],"predecessor-version":[{"id":4078,"href":"https:\/\/pornuestrolaredo.com\/index.php?rest_route=\/wp\/v2\/posts\/4076\/revisions\/4078"}],"wp:featuredmedia":[{"embeddable":true,"href":"https:\/\/pornuestrolaredo.com\/index.php?rest_route=\/wp\/v2\/media\/4077"}],"wp:attachment":[{"href":"https:\/\/pornuestrolaredo.com\/index.php?rest_route=%2Fwp%2Fv2%2Fmedia&parent=4076"}],"wp:term":[{"taxonomy":"category","embeddable":true,"href":"https:\/\/pornuestrolaredo.com\/index.php?rest_route=%2Fwp%2Fv2%2Fcategories&post=4076"},{"taxonomy":"post_tag","embeddable":true,"href":"https:\/\/pornuestrolaredo.com\/index.php?rest_route=%2Fwp%2Fv2%2Ftags&post=4076"}],"curies":[{"name":"wp","href":"https:\/\/api.w.org\/{rel}","templated":true}]}}