{"id":4079,"date":"2024-03-29T18:36:41","date_gmt":"2024-03-29T18:36:41","guid":{"rendered":"https:\/\/pornuestrolaredo.com\/?p=4079"},"modified":"2024-03-29T18:36:41","modified_gmt":"2024-03-29T18:36:41","slug":"invitan-a-la-ninez-a-divertidas-actividades","status":"publish","type":"post","link":"https:\/\/pornuestrolaredo.com\/?p=4079","title":{"rendered":"Invitan a la ni\u00f1ez a divertidas actividades"},"content":{"rendered":"<p>NUEVO LAREDO.- Son vacaciones y sus hijos suelen usar mucho esta frase: \u201cEstamos aburridos\u201d. Para esos casos, hay una buena opci\u00f3n: el programa \u201cEn Primavera la Biblioteca te Espera 2024\u201d.<\/p>\n<p>La invitaci\u00f3n es para ni\u00f1as y ni\u00f1os desde los 5 a\u00f1os en adelante y el programa arranca el 1 de abril y terminar\u00e1 el d\u00eda 5.<\/p>\n<p>Hay dos turnos de es programa de la direcci\u00f3n General de Bibliotecas: matutino de lunes a s\u00e1bado de 10:00 de la ma\u00f1ana a 12:00 de la tarde; y vespertino de lunes a viernes de 3:00 a 5:00 de la tarde.<\/p>\n<p>Este es un programa que est\u00e1 establecido a nivel nacional y que llevar\u00e1 a cabo distintas actividades como el de introducir a los ni\u00f1os al universo de la primavera, el mundo de las bicicletas, inventos y experimentos.<\/p>\n<p>Se realizar\u00e1 en todas las bibliotecas de la ciudad: Octavio Paz ubicada en Emiliano Zapata esquina con Venustiano Carranza, colonia Concordia; Emiliano Zapata en Avenida Revoluci\u00f3n, colonia Buena Vista; Jos\u00e9 Ma. Mart\u00ednez en Ayuntamiento Sur y Privada B-2, Sal\u00f3n Polivalente.<\/p>\n<p>Tambi\u00e9n en la Rub\u00e9n Miranda Villalba, ubicada en Lincoln y Justo Sierra 802, colonia Viveros; Jos\u00e9 Vasconcelos en avenida Guerrero entre Arteaga e Independencia, Plaza M\u00e9xico y Fidel Cu\u00e9llar Gonz\u00e1lez ubicada en Doctor Mier esquina con Am\u00e9rica (dentro del Parque Narciso Mendoza).<\/p>\n","protected":false},"excerpt":{"rendered":"<p>El programa \u201cEn Primavera la Biblioteca te Espera 2024\u201d iniciar\u00e1 este 1 de abril y es para menores de 5 a\u00f1os en adelante<\/p>\n","protected":false},"author":1,"featured_media":4080,"comment_status":"closed","ping_status":"closed","sticky":false,"template":"","format":"standard","meta":{"_crdt_document":"","_jetpack_memberships_contains_paid_content":false,"footnotes":"","jetpack_publicize_message":"","jetpack_publicize_feature_enabled":true,"jetpack_social_post_already_shared":true,"jetpack_social_options":{"image_generator_settings":{"template":"highway","default_image_id":0,"font":"","enabled":false},"version":2},"_wpas_customize_per_network":false},"categories":[5],"tags":[],"class_list":["post-4079","post","type-post","status-publish","format-standard","has-post-thumbnail","hentry","category-dos-laredos"],"magazineBlocksPostFeaturedMedia":{"thumbnail":"https:\/\/pornuestrolaredo.com\/wp-content\/uploads\/2024\/03\/Stereo91-20240329-4-150x150.jpg","medium":"https:\/\/pornuestrolaredo.com\/wp-content\/uploads\/2024\/03\/Stereo91-20240329-4-300x200.jpg","medium_large":"https:\/\/pornuestrolaredo.com\/wp-content\/uploads\/2024\/03\/Stereo91-20240329-4-768x512.jpg","large":"https:\/\/pornuestrolaredo.com\/wp-content\/uploads\/2024\/03\/Stereo91-20240329-4.jpg","1536x1536":"https:\/\/pornuestrolaredo.com\/wp-content\/uploads\/2024\/03\/Stereo91-20240329-4.jpg","2048x2048":"https:\/\/pornuestrolaredo.com\/wp-content\/uploads\/2024\/03\/Stereo91-20240329-4.jpg","morenews-large":"https:\/\/pornuestrolaredo.com\/wp-content\/uploads\/2024\/03\/Stereo91-20240329-4.jpg","morenews-medium":"https:\/\/pornuestrolaredo.com\/wp-content\/uploads\/2024\/03\/Stereo91-20240329-4.jpg"},"magazineBlocksPostAuthor":{"name":"Redactor","avatar":"https:\/\/pornuestrolaredo.com\/wp-content\/litespeed\/avatar\/dca1d7ec750c399f025f23b0b314f4cf.jpg?ver=1777612120"},"magazineBlocksPostCommentsNumber":false,"magazineBlocksPostExcerpt":"El programa \u201cEn Primavera la Biblioteca te Espera 2024\u201d iniciar\u00e1 este 1 de abril y es para menores de 5 a\u00f1os en adelante","magazineBlocksPostCategories":["Dos Laredos"],"magazineBlocksPostViewCount":120,"magazineBlocksPostReadTime":2,"magazine_blocks_featured_image_url":{"full":["https:\/\/pornuestrolaredo.com\/wp-content\/uploads\/2024\/03\/Stereo91-20240329-4.jpg",850,567,false],"medium":["https:\/\/pornuestrolaredo.com\/wp-content\/uploads\/2024\/03\/Stereo91-20240329-4-300x200.jpg",300,200,true],"thumbnail":["https:\/\/pornuestrolaredo.com\/wp-content\/uploads\/2024\/03\/Stereo91-20240329-4-150x150.jpg",150,150,true]},"magazine_blocks_author":{"display_name":"Redactor","author_link":"https:\/\/pornuestrolaredo.com\/?author=1"},"magazine_blocks_comment":0,"magazine_blocks_author_image":"https:\/\/pornuestrolaredo.com\/wp-content\/litespeed\/avatar\/dca1d7ec750c399f025f23b0b314f4cf.jpg?ver=1777612120","magazine_blocks_category":"<a href=\"#\" class=\"category-link category-link-5\">Dos Laredos<\/a>","jetpack_publicize_connections":[],"featured_image_urls":{"full":["https:\/\/pornuestrolaredo.com\/wp-content\/uploads\/2024\/03\/Stereo91-20240329-4.jpg",850,567,false],"thumbnail":["https:\/\/pornuestrolaredo.com\/wp-content\/uploads\/2024\/03\/Stereo91-20240329-4-150x150.jpg",150,150,true],"medium":["https:\/\/pornuestrolaredo.com\/wp-content\/uploads\/2024\/03\/Stereo91-20240329-4-300x200.jpg",300,200,true],"medium_large":["https:\/\/pornuestrolaredo.com\/wp-content\/uploads\/2024\/03\/Stereo91-20240329-4-768x512.jpg",640,427,true],"large":["https:\/\/pornuestrolaredo.com\/wp-content\/uploads\/2024\/03\/Stereo91-20240329-4.jpg",640,427,false],"1536x1536":["https:\/\/pornuestrolaredo.com\/wp-content\/uploads\/2024\/03\/Stereo91-20240329-4.jpg",850,567,false],"2048x2048":["https:\/\/pornuestrolaredo.com\/wp-content\/uploads\/2024\/03\/Stereo91-20240329-4.jpg",850,567,false],"morenews-large":["https:\/\/pornuestrolaredo.com\/wp-content\/uploads\/2024\/03\/Stereo91-20240329-4.jpg",825,550,false],"morenews-medium":["https:\/\/pornuestrolaredo.com\/wp-content\/uploads\/2024\/03\/Stereo91-20240329-4.jpg",590,394,false]},"author_info":{"info":["Redactor"]},"category_info":"<a href=\"https:\/\/pornuestrolaredo.com\/?cat=5\" rel=\"category\">Dos Laredos<\/a>","tag_info":"Dos Laredos","comment_count":"0","jetpack_featured_media_url":"https:\/\/pornuestrolaredo.com\/wp-content\/uploads\/2024\/03\/Stereo91-20240329-4.jpg","jetpack_sharing_enabled":true,"_links":{"self":[{"href":"https:\/\/pornuestrolaredo.com\/index.php?rest_route=\/wp\/v2\/posts\/4079","targetHints":{"allow":["GET"]}}],"collection":[{"href":"https:\/\/pornuestrolaredo.com\/index.php?rest_route=\/wp\/v2\/posts"}],"about":[{"href":"https:\/\/pornuestrolaredo.com\/index.php?rest_route=\/wp\/v2\/types\/post"}],"author":[{"embeddable":true,"href":"https:\/\/pornuestrolaredo.com\/index.php?rest_route=\/wp\/v2\/users\/1"}],"replies":[{"embeddable":true,"href":"https:\/\/pornuestrolaredo.com\/index.php?rest_route=%2Fwp%2Fv2%2Fcomments&post=4079"}],"version-history":[{"count":1,"href":"https:\/\/pornuestrolaredo.com\/index.php?rest_route=\/wp\/v2\/posts\/4079\/revisions"}],"predecessor-version":[{"id":4081,"href":"https:\/\/pornuestrolaredo.com\/index.php?rest_route=\/wp\/v2\/posts\/4079\/revisions\/4081"}],"wp:featuredmedia":[{"embeddable":true,"href":"https:\/\/pornuestrolaredo.com\/index.php?rest_route=\/wp\/v2\/media\/4080"}],"wp:attachment":[{"href":"https:\/\/pornuestrolaredo.com\/index.php?rest_route=%2Fwp%2Fv2%2Fmedia&parent=4079"}],"wp:term":[{"taxonomy":"category","embeddable":true,"href":"https:\/\/pornuestrolaredo.com\/index.php?rest_route=%2Fwp%2Fv2%2Fcategories&post=4079"},{"taxonomy":"post_tag","embeddable":true,"href":"https:\/\/pornuestrolaredo.com\/index.php?rest_route=%2Fwp%2Fv2%2Ftags&post=4079"}],"curies":[{"name":"wp","href":"https:\/\/api.w.org\/{rel}","templated":true}]}}