{"id":4092,"date":"2024-04-01T00:12:33","date_gmt":"2024-04-01T00:12:33","guid":{"rendered":"https:\/\/pornuestrolaredo.com\/?p=4092"},"modified":"2024-04-01T00:12:33","modified_gmt":"2024-04-01T00:12:33","slug":"jovenes-chinos-van-al-trabajo-en-pijama","status":"publish","type":"post","link":"https:\/\/pornuestrolaredo.com\/?p=4092","title":{"rendered":"J\u00f3venes chinos van al trabajo \u00a1en pijama!"},"content":{"rendered":"<p><strong>PEK\u00cdN.-<\/strong> Los trabajadores de la Generaci\u00f3n Z en China est\u00e1n marcando tendencia al optar por la comodidad sobre la alta costura en el lugar de trabajo, luciendo cada vez m\u00e1s sus pijamas mientras desempe\u00f1an sus labores diarias.<\/p>\n<p>Este fen\u00f3meno ha ganado popularidad entre los j\u00f3venes profesionales chinos, quienes han adoptado la informalidad de las prendas de dormir como una declaraci\u00f3n de moda y estilo de vida. Cindy Luo, dise\u00f1adora de interiores en Wuhan, provincia de Hubei, es una de las defensoras de esta tendencia, expresando que prefiere vestir c\u00f3modamente mientras trabaja, en lugar de gastar dinero en atuendos formales que considera innecesarios.<\/p>\n<p>El uso de pijamas en el trabajo se ha vuelto tan prominente que incluso se ha convertido en tema de conversaci\u00f3n en redes sociales como Xiaohongshu \u2014el Instagram chino\u2014. All\u00ed, los usuarios comparten fotos de s\u00ed mismos luciendo conjuntos informales y descuidados, desafiando los est\u00e1ndares tradicionales de vestimenta en el \u00e1mbito laboral.<\/p>\n<p>Uno de los puntos \u00e1lgidos de esta tendencia fue cuando un usuario llamado Kendou S public\u00f3 un video en Douyin \u2014la versi\u00f3n china de TikTok\u2014, en el que luc\u00eda un atuendo peculiar compuesto por prendas de pijama combinadas de manera poco convencional. Este video se volvi\u00f3 viral, generando m\u00e1s de 1.4 millones de compartidos y poniendo de manifiesto la popularidad de esta forma de vestir entre la Generaci\u00f3n Z china.<\/p>\n<p>Esta tendencia, considerada contracultural, es interpretada como una respuesta a la percepci\u00f3n de desaceleraci\u00f3n econ\u00f3mica y disminuci\u00f3n de oportunidades laborales en el pa\u00eds. Los j\u00f3venes profesionales est\u00e1n optando por una vida laboral menos estresante y m\u00e1s relajada, reflejada en sus elecciones de vestimenta.<\/p>\n<p>Aunque la vestimenta de negocios en China ha sido tradicionalmente conservadora, esta nueva ola de trabajadores est\u00e1 desafiando las normas establecidas, demostrando que la comodidad y el estilo personal pueden coexistir en el entorno laboral.<\/p>\n<p>Esta tendencia no es exclusiva de China, ya que en otros lugares del mundo, como Estados Unidos, la Generaci\u00f3n Z tambi\u00e9n ha desafiado los est\u00e1ndares de vestimenta en el trabajo, adoptando estilos m\u00e1s informales y expresivos. La era de la formalidad en el trabajo parece estar dando paso a una nueva forma de entender la moda y el confort en el \u00e1mbito laboral.<\/p>\n","protected":false},"excerpt":{"rendered":"<p>Este fen\u00f3meno ha ganado popularidad entre profesionales chinos, quienes han adoptado la informalidad de las prendas de dormir<\/p>\n","protected":false},"author":1,"featured_media":4093,"comment_status":"closed","ping_status":"closed","sticky":false,"template":"","format":"standard","meta":{"_crdt_document":"","_jetpack_memberships_contains_paid_content":false,"footnotes":"","jetpack_publicize_message":"","jetpack_publicize_feature_enabled":true,"jetpack_social_post_already_shared":true,"jetpack_social_options":{"image_generator_settings":{"template":"highway","default_image_id":0,"font":"","enabled":false},"version":2},"_wpas_customize_per_network":false},"categories":[9],"tags":[],"class_list":["post-4092","post","type-post","status-publish","format-standard","has-post-thumbnail","hentry","category-el-mundo"],"magazineBlocksPostFeaturedMedia":{"thumbnail":"https:\/\/pornuestrolaredo.com\/wp-content\/uploads\/2024\/04\/PNL-20240331-2-150x150.jpg","medium":"https:\/\/pornuestrolaredo.com\/wp-content\/uploads\/2024\/04\/PNL-20240331-2-300x114.jpg","medium_large":"https:\/\/pornuestrolaredo.com\/wp-content\/uploads\/2024\/04\/PNL-20240331-2-768x293.jpg","large":"https:\/\/pornuestrolaredo.com\/wp-content\/uploads\/2024\/04\/PNL-20240331-2-1000x381.jpg","1536x1536":"https:\/\/pornuestrolaredo.com\/wp-content\/uploads\/2024\/04\/PNL-20240331-2.jpg","2048x2048":"https:\/\/pornuestrolaredo.com\/wp-content\/uploads\/2024\/04\/PNL-20240331-2.jpg","morenews-large":"https:\/\/pornuestrolaredo.com\/wp-content\/uploads\/2024\/04\/PNL-20240331-2.jpg","morenews-medium":"https:\/\/pornuestrolaredo.com\/wp-content\/uploads\/2024\/04\/PNL-20240331-2.jpg"},"magazineBlocksPostAuthor":{"name":"Redactor","avatar":"https:\/\/pornuestrolaredo.com\/wp-content\/litespeed\/avatar\/dca1d7ec750c399f025f23b0b314f4cf.jpg?ver=1777612120"},"magazineBlocksPostCommentsNumber":false,"magazineBlocksPostExcerpt":"Este fen\u00f3meno ha ganado popularidad entre profesionales chinos, quienes han adoptado la informalidad de las prendas de dormir","magazineBlocksPostCategories":["El Mundo"],"magazineBlocksPostViewCount":106,"magazineBlocksPostReadTime":2,"magazine_blocks_featured_image_url":{"full":["https:\/\/pornuestrolaredo.com\/wp-content\/uploads\/2024\/04\/PNL-20240331-2.jpg",1366,521,false],"medium":["https:\/\/pornuestrolaredo.com\/wp-content\/uploads\/2024\/04\/PNL-20240331-2-300x114.jpg",300,114,true],"thumbnail":["https:\/\/pornuestrolaredo.com\/wp-content\/uploads\/2024\/04\/PNL-20240331-2-150x150.jpg",150,150,true]},"magazine_blocks_author":{"display_name":"Redactor","author_link":"https:\/\/pornuestrolaredo.com\/?author=1"},"magazine_blocks_comment":0,"magazine_blocks_author_image":"https:\/\/pornuestrolaredo.com\/wp-content\/litespeed\/avatar\/dca1d7ec750c399f025f23b0b314f4cf.jpg?ver=1777612120","magazine_blocks_category":"<a href=\"#\" class=\"category-link category-link-9\">El Mundo<\/a>","jetpack_publicize_connections":[],"featured_image_urls":{"full":["https:\/\/pornuestrolaredo.com\/wp-content\/uploads\/2024\/04\/PNL-20240331-2.jpg",1366,521,false],"thumbnail":["https:\/\/pornuestrolaredo.com\/wp-content\/uploads\/2024\/04\/PNL-20240331-2-150x150.jpg",150,150,true],"medium":["https:\/\/pornuestrolaredo.com\/wp-content\/uploads\/2024\/04\/PNL-20240331-2-300x114.jpg",300,114,true],"medium_large":["https:\/\/pornuestrolaredo.com\/wp-content\/uploads\/2024\/04\/PNL-20240331-2-768x293.jpg",640,244,true],"large":["https:\/\/pornuestrolaredo.com\/wp-content\/uploads\/2024\/04\/PNL-20240331-2-1000x381.jpg",640,244,true],"1536x1536":["https:\/\/pornuestrolaredo.com\/wp-content\/uploads\/2024\/04\/PNL-20240331-2.jpg",1366,521,false],"2048x2048":["https:\/\/pornuestrolaredo.com\/wp-content\/uploads\/2024\/04\/PNL-20240331-2.jpg",1366,521,false],"morenews-large":["https:\/\/pornuestrolaredo.com\/wp-content\/uploads\/2024\/04\/PNL-20240331-2.jpg",825,315,false],"morenews-medium":["https:\/\/pornuestrolaredo.com\/wp-content\/uploads\/2024\/04\/PNL-20240331-2.jpg",590,225,false]},"author_info":{"info":["Redactor"]},"category_info":"<a href=\"https:\/\/pornuestrolaredo.com\/?cat=9\" rel=\"category\">El Mundo<\/a>","tag_info":"El Mundo","comment_count":"0","jetpack_featured_media_url":"https:\/\/pornuestrolaredo.com\/wp-content\/uploads\/2024\/04\/PNL-20240331-2.jpg","jetpack_sharing_enabled":true,"_links":{"self":[{"href":"https:\/\/pornuestrolaredo.com\/index.php?rest_route=\/wp\/v2\/posts\/4092","targetHints":{"allow":["GET"]}}],"collection":[{"href":"https:\/\/pornuestrolaredo.com\/index.php?rest_route=\/wp\/v2\/posts"}],"about":[{"href":"https:\/\/pornuestrolaredo.com\/index.php?rest_route=\/wp\/v2\/types\/post"}],"author":[{"embeddable":true,"href":"https:\/\/pornuestrolaredo.com\/index.php?rest_route=\/wp\/v2\/users\/1"}],"replies":[{"embeddable":true,"href":"https:\/\/pornuestrolaredo.com\/index.php?rest_route=%2Fwp%2Fv2%2Fcomments&post=4092"}],"version-history":[{"count":1,"href":"https:\/\/pornuestrolaredo.com\/index.php?rest_route=\/wp\/v2\/posts\/4092\/revisions"}],"predecessor-version":[{"id":4094,"href":"https:\/\/pornuestrolaredo.com\/index.php?rest_route=\/wp\/v2\/posts\/4092\/revisions\/4094"}],"wp:featuredmedia":[{"embeddable":true,"href":"https:\/\/pornuestrolaredo.com\/index.php?rest_route=\/wp\/v2\/media\/4093"}],"wp:attachment":[{"href":"https:\/\/pornuestrolaredo.com\/index.php?rest_route=%2Fwp%2Fv2%2Fmedia&parent=4092"}],"wp:term":[{"taxonomy":"category","embeddable":true,"href":"https:\/\/pornuestrolaredo.com\/index.php?rest_route=%2Fwp%2Fv2%2Fcategories&post=4092"},{"taxonomy":"post_tag","embeddable":true,"href":"https:\/\/pornuestrolaredo.com\/index.php?rest_route=%2Fwp%2Fv2%2Ftags&post=4092"}],"curies":[{"name":"wp","href":"https:\/\/api.w.org\/{rel}","templated":true}]}}