{"id":413,"date":"2022-09-29T18:35:54","date_gmt":"2022-09-29T18:35:54","guid":{"rendered":"https:\/\/pornuestrolaredo.com\/?p=413"},"modified":"2022-09-29T18:35:54","modified_gmt":"2022-09-29T18:35:54","slug":"aprueban-cambiar-horario-en-mexico%ef%bf%bc","status":"publish","type":"post","link":"https:\/\/pornuestrolaredo.com\/?p=413","title":{"rendered":"Aprueban cambiar horario en M\u00e9xico\ufffc"},"content":{"rendered":"\n<p class=\"wp-block-paragraph\"><strong><em>CIUDAD DE M\u00c9XICO.- <\/em><\/strong>La C\u00e1mara de Diputados de Diputados aprob\u00f3 eliminar el horario de verano en el interior del pa\u00eds y establecer uno estacional en la frontera que se rija por el mismo que se maneja en Estados Unidos.<\/p>\n\n\n\n<p class=\"wp-block-paragraph\">Con 445 votos a favor, 8 en contra y 33 abstenciones, diputados aprobaron el dictamen que expide la Ley de los Husos Horarios.<\/p>\n\n\n\n<p class=\"wp-block-paragraph\">El horario de verano que se aplic\u00f3 en todo el pa\u00eds desde el 2001 concluir\u00e1 su vigencia el 30 de octubre pr\u00f3ximo y s\u00f3lo se seguir\u00e1 aplicando en estados fronterizos.<\/p>\n\n\n\n<p class=\"wp-block-paragraph\">En otras palabras, si el Senado lo aprueba, a partir del domingo 30 de octubre el interior del pa\u00eds retrasar\u00e1 &nbsp;sus relojes una hora y en verano del 2023 ya no se adelantar\u00e1.<\/p>\n\n\n\n<p class=\"wp-block-paragraph\">Por el contrario, en los municipios de la frontera norte, no se esperan cambios pues actualmente es igual al de Estados Unidos.<\/p>\n\n\n\n<p class=\"wp-block-paragraph\">El dictamen pas\u00f3 ahora al Senado para su discusi\u00f3n.<\/p>\n\n\n\n<p class=\"wp-block-paragraph\">El proyecto se iba a discutir este mi\u00e9rcoles en el Pleno de San L\u00e1zaro, pero debido a fallas en el servicio de internet en todo el recinto parlamentario, la sesi\u00f3n se suspendi\u00f3 y se reanud\u00f3 la ma\u00f1ana de este jueves.<\/p>\n","protected":false},"excerpt":{"rendered":"<p>CIUDAD DE M\u00c9XICO.- La C\u00e1mara de Diputados de Diputados aprob\u00f3 eliminar el horario de verano en el interior<\/p>\n","protected":false},"author":1,"featured_media":414,"comment_status":"open","ping_status":"open","sticky":false,"template":"","format":"standard","meta":{"_crdt_document":"","_jetpack_memberships_contains_paid_content":false,"footnotes":"","jetpack_publicize_message":"Falta la votaci\u00f3n en el Senado, pero es casi un hecho; en la frontera se mantendr\u00e1n los cambios en cada estaci\u00f3n y de acuerdo con el horario que rige en Estados Unidos","jetpack_publicize_feature_enabled":true,"jetpack_social_post_already_shared":true,"jetpack_social_options":{"image_generator_settings":{"template":"highway","default_image_id":0,"font":"","enabled":false},"version":2},"_wpas_customize_per_network":false},"categories":[9],"tags":[],"class_list":["post-413","post","type-post","status-publish","format-standard","has-post-thumbnail","hentry","category-el-mundo"],"magazineBlocksPostFeaturedMedia":{"thumbnail":"https:\/\/pornuestrolaredo.com\/wp-content\/uploads\/2022\/09\/Stereo91-20220929-2-150x150.jpg","medium":"https:\/\/pornuestrolaredo.com\/wp-content\/uploads\/2022\/09\/Stereo91-20220929-2-300x169.jpg","medium_large":"https:\/\/pornuestrolaredo.com\/wp-content\/uploads\/2022\/09\/Stereo91-20220929-2-768x432.jpg","large":"https:\/\/pornuestrolaredo.com\/wp-content\/uploads\/2022\/09\/Stereo91-20220929-2-1024x576.jpg","1536x1536":"https:\/\/pornuestrolaredo.com\/wp-content\/uploads\/2022\/09\/Stereo91-20220929-2.jpg","2048x2048":"https:\/\/pornuestrolaredo.com\/wp-content\/uploads\/2022\/09\/Stereo91-20220929-2.jpg","morenews-large":"https:\/\/pornuestrolaredo.com\/wp-content\/uploads\/2022\/09\/Stereo91-20220929-2.jpg","morenews-medium":"https:\/\/pornuestrolaredo.com\/wp-content\/uploads\/2022\/09\/Stereo91-20220929-2.jpg"},"magazineBlocksPostAuthor":{"name":"Redactor","avatar":"https:\/\/pornuestrolaredo.com\/wp-content\/litespeed\/avatar\/dca1d7ec750c399f025f23b0b314f4cf.jpg?ver=1777007253"},"magazineBlocksPostCommentsNumber":false,"magazineBlocksPostExcerpt":"CIUDAD DE M\u00c9XICO.- La C\u00e1mara de Diputados de Diputados aprob\u00f3 eliminar el horario de verano en el interior","magazineBlocksPostCategories":["El Mundo"],"magazineBlocksPostViewCount":136,"magazineBlocksPostReadTime":2,"magazine_blocks_featured_image_url":{"full":["https:\/\/pornuestrolaredo.com\/wp-content\/uploads\/2022\/09\/Stereo91-20220929-2.jpg",1200,675,false],"medium":["https:\/\/pornuestrolaredo.com\/wp-content\/uploads\/2022\/09\/Stereo91-20220929-2-300x169.jpg",300,169,true],"thumbnail":["https:\/\/pornuestrolaredo.com\/wp-content\/uploads\/2022\/09\/Stereo91-20220929-2-150x150.jpg",150,150,true]},"magazine_blocks_author":{"display_name":"Redactor","author_link":"https:\/\/pornuestrolaredo.com\/?author=1"},"magazine_blocks_comment":0,"magazine_blocks_author_image":"https:\/\/pornuestrolaredo.com\/wp-content\/litespeed\/avatar\/dca1d7ec750c399f025f23b0b314f4cf.jpg?ver=1777007253","magazine_blocks_category":"<a href=\"#\" class=\"category-link category-link-9\">El Mundo<\/a>","jetpack_publicize_connections":[],"featured_image_urls":{"full":["https:\/\/pornuestrolaredo.com\/wp-content\/uploads\/2022\/09\/Stereo91-20220929-2.jpg",1200,675,false],"thumbnail":["https:\/\/pornuestrolaredo.com\/wp-content\/uploads\/2022\/09\/Stereo91-20220929-2-150x150.jpg",150,150,true],"medium":["https:\/\/pornuestrolaredo.com\/wp-content\/uploads\/2022\/09\/Stereo91-20220929-2-300x169.jpg",300,169,true],"medium_large":["https:\/\/pornuestrolaredo.com\/wp-content\/uploads\/2022\/09\/Stereo91-20220929-2-768x432.jpg",640,360,true],"large":["https:\/\/pornuestrolaredo.com\/wp-content\/uploads\/2022\/09\/Stereo91-20220929-2-1024x576.jpg",640,360,true],"1536x1536":["https:\/\/pornuestrolaredo.com\/wp-content\/uploads\/2022\/09\/Stereo91-20220929-2.jpg",1200,675,false],"2048x2048":["https:\/\/pornuestrolaredo.com\/wp-content\/uploads\/2022\/09\/Stereo91-20220929-2.jpg",1200,675,false],"morenews-large":["https:\/\/pornuestrolaredo.com\/wp-content\/uploads\/2022\/09\/Stereo91-20220929-2.jpg",825,464,false],"morenews-medium":["https:\/\/pornuestrolaredo.com\/wp-content\/uploads\/2022\/09\/Stereo91-20220929-2.jpg",590,332,false]},"author_info":{"info":["Redactor"]},"category_info":"<a href=\"https:\/\/pornuestrolaredo.com\/?cat=9\" rel=\"category\">El Mundo<\/a>","tag_info":"El Mundo","comment_count":"0","jetpack_featured_media_url":"https:\/\/pornuestrolaredo.com\/wp-content\/uploads\/2022\/09\/Stereo91-20220929-2.jpg","jetpack_sharing_enabled":true,"_links":{"self":[{"href":"https:\/\/pornuestrolaredo.com\/index.php?rest_route=\/wp\/v2\/posts\/413","targetHints":{"allow":["GET"]}}],"collection":[{"href":"https:\/\/pornuestrolaredo.com\/index.php?rest_route=\/wp\/v2\/posts"}],"about":[{"href":"https:\/\/pornuestrolaredo.com\/index.php?rest_route=\/wp\/v2\/types\/post"}],"author":[{"embeddable":true,"href":"https:\/\/pornuestrolaredo.com\/index.php?rest_route=\/wp\/v2\/users\/1"}],"replies":[{"embeddable":true,"href":"https:\/\/pornuestrolaredo.com\/index.php?rest_route=%2Fwp%2Fv2%2Fcomments&post=413"}],"version-history":[{"count":1,"href":"https:\/\/pornuestrolaredo.com\/index.php?rest_route=\/wp\/v2\/posts\/413\/revisions"}],"predecessor-version":[{"id":415,"href":"https:\/\/pornuestrolaredo.com\/index.php?rest_route=\/wp\/v2\/posts\/413\/revisions\/415"}],"wp:featuredmedia":[{"embeddable":true,"href":"https:\/\/pornuestrolaredo.com\/index.php?rest_route=\/wp\/v2\/media\/414"}],"wp:attachment":[{"href":"https:\/\/pornuestrolaredo.com\/index.php?rest_route=%2Fwp%2Fv2%2Fmedia&parent=413"}],"wp:term":[{"taxonomy":"category","embeddable":true,"href":"https:\/\/pornuestrolaredo.com\/index.php?rest_route=%2Fwp%2Fv2%2Fcategories&post=413"},{"taxonomy":"post_tag","embeddable":true,"href":"https:\/\/pornuestrolaredo.com\/index.php?rest_route=%2Fwp%2Fv2%2Ftags&post=413"}],"curies":[{"name":"wp","href":"https:\/\/api.w.org\/{rel}","templated":true}]}}