{"id":4132,"date":"2024-04-09T18:53:36","date_gmt":"2024-04-09T18:53:36","guid":{"rendered":"https:\/\/pornuestrolaredo.com\/?p=4132"},"modified":"2024-04-09T18:53:36","modified_gmt":"2024-04-09T18:53:36","slug":"habra-otro-eclipse-en-28-anos","status":"publish","type":"post","link":"https:\/\/pornuestrolaredo.com\/?p=4132","title":{"rendered":"Habr\u00e1 otro eclipse\u2026 en 28 a\u00f1os"},"content":{"rendered":"<p><strong><em>LOS DOS LAREDOS.-<\/em><\/strong> Millones de personas en M\u00e9xico, Estados Unidos y Canad\u00e1 observaron ayer c\u00f3mo en pleno mediod\u00eda el eclipse solar total oscureci\u00f3 el cielo, en algunas ciudades por completo y en otras, como los dos Laredos, no tanto, un espect\u00e1culo estelar que dej\u00f3 momentos inolvidables de emoci\u00f3n y alegr\u00eda.<\/p>\n<p>El eclipse registr\u00f3 el mayor alcance en la historia para un fen\u00f3meno de este tipo en el Continente, con 200 millones de habitantes en toda su \u00e1rea de influencia, incluidos los dos Laredos, Piedras Negras y ciudades grandes como Monterrey, y ahora habr\u00e1 que esperar 28 a\u00f1os, hasta el 30 de marzo del 2052, para vivir otro en M\u00e9xico.<\/p>\n<p>En los dos Laredos, el fen\u00f3meno oscureci\u00f3 en un 97.9 por ciento el cielo y convoc\u00f3 a miles de ciudadanos en calles y puntos p\u00fablicos para observarlo. El Gobierno Municipal ofreci\u00f3 un espacio en el Zool\u00f3gico, en la \u201cPlaza de las Jirafas\u201d.<\/p>\n<p>Fueron 114 personas las que acudieron a presenciar este fen\u00f3meno en el que por minutos, la Luna se interpuso entre el Sol y la Tierra. A los asistentes les proporcionaron lentes especiales para poder apreciar de forma segura el eclipse de sol.<\/p>\n<p>Al mismo tiempo se dio informaci\u00f3n  relevante del evento astron\u00f3mico con  la presencia de un experto quien ampli\u00f3 con datos sobre mitosis y realidades de los eclipses.<\/p>\n<p>Una gran franja de oscuridad total, que inici\u00f3 en Mazatl\u00e1n y avanz\u00f3 a Nazas, Torre\u00f3n y hasta a Piedras Negras, donde dej\u00f3 M\u00e9xico y se intern\u00f3 en Estados Unidos, deleit\u00f3 con una &#8220;noche&#8221; de 4 minutos en promedio.<\/p>\n<p>El &#8220;epicentro&#8221; del eclipse fue Nazas, Durango, donde la oscuridad tuvo su mayor duraci\u00f3n -4 minutos y 28 segundos-, mientras que Torre\u00f3n se convirti\u00f3 en la &#8220;capital&#8221; del fen\u00f3meno, ya que sus condiciones climatol\u00f3gicas lo hicieron ideal para observarlo, por lo que hasta la NASA la eligi\u00f3 para su transmisi\u00f3n mundial.<\/p>\n<p>La NASA no fue la \u00fanica: las autoridades calcularon que s\u00f3lo 50 mil personas, una gran parte visitantes nacionales y extranjeros, vieron el eclipse en el Bosque Urbano, sede del Planetarium, en Torre\u00f3n.<\/p>\n<blockquote><p>Es un espect\u00e1culo total, precioso&#8221;, dijo Josep Masalles, presidente de la Agrupaci\u00f3n Astron\u00f3mica de Barcelona, uno de los 200 astr\u00f3nomos del mundo que estuvieron en Torre\u00f3n.<\/p><\/blockquote>\n<blockquote><p>Que se vaya el Sol no es poca cosa&#8221;, se\u00f1al\u00f3. &#8220;Si no conoci\u00e9ramos su aspecto cient\u00edfico, pues nos dar\u00eda miedo&#8221;.<\/p><\/blockquote>\n<p>Masalles detall\u00f3 que se trata de su eclipse 41, entre ellos 22 totales, pero recalc\u00f3 que la magia de cada uno es inigualable.<\/p>\n","protected":false},"excerpt":{"rendered":"<p>La fecha del pr\u00f3ximo es para el 30 de marzo del 2052, seg\u00fan datos de la NASA<\/p>\n","protected":false},"author":1,"featured_media":4133,"comment_status":"closed","ping_status":"closed","sticky":false,"template":"","format":"standard","meta":{"_crdt_document":"","_jetpack_memberships_contains_paid_content":false,"footnotes":"","jetpack_publicize_message":"","jetpack_publicize_feature_enabled":true,"jetpack_social_post_already_shared":true,"jetpack_social_options":{"image_generator_settings":{"template":"highway","default_image_id":0,"font":"","enabled":false},"version":2},"_wpas_customize_per_network":false},"categories":[5],"tags":[],"class_list":["post-4132","post","type-post","status-publish","format-standard","has-post-thumbnail","hentry","category-dos-laredos"],"magazineBlocksPostFeaturedMedia":{"thumbnail":"https:\/\/pornuestrolaredo.com\/wp-content\/uploads\/2024\/04\/Stereo91-20240409-1-1-150x150.jpeg","medium":"https:\/\/pornuestrolaredo.com\/wp-content\/uploads\/2024\/04\/Stereo91-20240409-1-1-300x200.jpeg","medium_large":"https:\/\/pornuestrolaredo.com\/wp-content\/uploads\/2024\/04\/Stereo91-20240409-1-1-768x512.jpeg","large":"https:\/\/pornuestrolaredo.com\/wp-content\/uploads\/2024\/04\/Stereo91-20240409-1-1-1000x667.jpeg","1536x1536":"https:\/\/pornuestrolaredo.com\/wp-content\/uploads\/2024\/04\/Stereo91-20240409-1-1-1536x1024.jpeg","2048x2048":"https:\/\/pornuestrolaredo.com\/wp-content\/uploads\/2024\/04\/Stereo91-20240409-1-1-2048x1365.jpeg","morenews-large":"https:\/\/pornuestrolaredo.com\/wp-content\/uploads\/2024\/04\/Stereo91-20240409-1-1-scaled.jpeg","morenews-medium":"https:\/\/pornuestrolaredo.com\/wp-content\/uploads\/2024\/04\/Stereo91-20240409-1-1-scaled.jpeg"},"magazineBlocksPostAuthor":{"name":"Redactor","avatar":"https:\/\/pornuestrolaredo.com\/wp-content\/litespeed\/avatar\/dca1d7ec750c399f025f23b0b314f4cf.jpg?ver=1777612120"},"magazineBlocksPostCommentsNumber":false,"magazineBlocksPostExcerpt":"La fecha del pr\u00f3ximo es para el 30 de marzo del 2052, seg\u00fan datos de la NASA","magazineBlocksPostCategories":["Dos Laredos"],"magazineBlocksPostViewCount":121,"magazineBlocksPostReadTime":3,"magazine_blocks_featured_image_url":{"full":["https:\/\/pornuestrolaredo.com\/wp-content\/uploads\/2024\/04\/Stereo91-20240409-1-1-scaled.jpeg",2560,1706,false],"medium":["https:\/\/pornuestrolaredo.com\/wp-content\/uploads\/2024\/04\/Stereo91-20240409-1-1-300x200.jpeg",300,200,true],"thumbnail":["https:\/\/pornuestrolaredo.com\/wp-content\/uploads\/2024\/04\/Stereo91-20240409-1-1-150x150.jpeg",150,150,true]},"magazine_blocks_author":{"display_name":"Redactor","author_link":"https:\/\/pornuestrolaredo.com\/?author=1"},"magazine_blocks_comment":0,"magazine_blocks_author_image":"https:\/\/pornuestrolaredo.com\/wp-content\/litespeed\/avatar\/dca1d7ec750c399f025f23b0b314f4cf.jpg?ver=1777612120","magazine_blocks_category":"<a href=\"#\" class=\"category-link category-link-5\">Dos Laredos<\/a>","jetpack_publicize_connections":[],"featured_image_urls":{"full":["https:\/\/pornuestrolaredo.com\/wp-content\/uploads\/2024\/04\/Stereo91-20240409-1-1-scaled.jpeg",2560,1706,false],"thumbnail":["https:\/\/pornuestrolaredo.com\/wp-content\/uploads\/2024\/04\/Stereo91-20240409-1-1-150x150.jpeg",150,150,true],"medium":["https:\/\/pornuestrolaredo.com\/wp-content\/uploads\/2024\/04\/Stereo91-20240409-1-1-300x200.jpeg",300,200,true],"medium_large":["https:\/\/pornuestrolaredo.com\/wp-content\/uploads\/2024\/04\/Stereo91-20240409-1-1-768x512.jpeg",640,427,true],"large":["https:\/\/pornuestrolaredo.com\/wp-content\/uploads\/2024\/04\/Stereo91-20240409-1-1-1000x667.jpeg",640,427,true],"1536x1536":["https:\/\/pornuestrolaredo.com\/wp-content\/uploads\/2024\/04\/Stereo91-20240409-1-1-1536x1024.jpeg",1536,1024,true],"2048x2048":["https:\/\/pornuestrolaredo.com\/wp-content\/uploads\/2024\/04\/Stereo91-20240409-1-1-2048x1365.jpeg",2048,1365,true],"morenews-large":["https:\/\/pornuestrolaredo.com\/wp-content\/uploads\/2024\/04\/Stereo91-20240409-1-1-scaled.jpeg",825,550,false],"morenews-medium":["https:\/\/pornuestrolaredo.com\/wp-content\/uploads\/2024\/04\/Stereo91-20240409-1-1-scaled.jpeg",590,393,false]},"author_info":{"info":["Redactor"]},"category_info":"<a href=\"https:\/\/pornuestrolaredo.com\/?cat=5\" rel=\"category\">Dos Laredos<\/a>","tag_info":"Dos Laredos","comment_count":"0","jetpack_featured_media_url":"https:\/\/pornuestrolaredo.com\/wp-content\/uploads\/2024\/04\/Stereo91-20240409-1-1-scaled.jpeg","jetpack_sharing_enabled":true,"_links":{"self":[{"href":"https:\/\/pornuestrolaredo.com\/index.php?rest_route=\/wp\/v2\/posts\/4132","targetHints":{"allow":["GET"]}}],"collection":[{"href":"https:\/\/pornuestrolaredo.com\/index.php?rest_route=\/wp\/v2\/posts"}],"about":[{"href":"https:\/\/pornuestrolaredo.com\/index.php?rest_route=\/wp\/v2\/types\/post"}],"author":[{"embeddable":true,"href":"https:\/\/pornuestrolaredo.com\/index.php?rest_route=\/wp\/v2\/users\/1"}],"replies":[{"embeddable":true,"href":"https:\/\/pornuestrolaredo.com\/index.php?rest_route=%2Fwp%2Fv2%2Fcomments&post=4132"}],"version-history":[{"count":1,"href":"https:\/\/pornuestrolaredo.com\/index.php?rest_route=\/wp\/v2\/posts\/4132\/revisions"}],"predecessor-version":[{"id":4134,"href":"https:\/\/pornuestrolaredo.com\/index.php?rest_route=\/wp\/v2\/posts\/4132\/revisions\/4134"}],"wp:featuredmedia":[{"embeddable":true,"href":"https:\/\/pornuestrolaredo.com\/index.php?rest_route=\/wp\/v2\/media\/4133"}],"wp:attachment":[{"href":"https:\/\/pornuestrolaredo.com\/index.php?rest_route=%2Fwp%2Fv2%2Fmedia&parent=4132"}],"wp:term":[{"taxonomy":"category","embeddable":true,"href":"https:\/\/pornuestrolaredo.com\/index.php?rest_route=%2Fwp%2Fv2%2Fcategories&post=4132"},{"taxonomy":"post_tag","embeddable":true,"href":"https:\/\/pornuestrolaredo.com\/index.php?rest_route=%2Fwp%2Fv2%2Ftags&post=4132"}],"curies":[{"name":"wp","href":"https:\/\/api.w.org\/{rel}","templated":true}]}}