{"id":4144,"date":"2024-04-13T04:07:49","date_gmt":"2024-04-13T04:07:49","guid":{"rendered":"https:\/\/pornuestrolaredo.com\/?p=4144"},"modified":"2024-04-13T04:07:49","modified_gmt":"2024-04-13T04:07:49","slug":"denuncia-mexico-a-ecuador-ante-la-onu","status":"publish","type":"post","link":"https:\/\/pornuestrolaredo.com\/?p=4144","title":{"rendered":"Denuncia M\u00e9xico a Ecuador ante la ONU"},"content":{"rendered":"<p><strong><em>CIUDAD DE M\u00c9XICO.-<\/em><\/strong> M\u00e9xico denunci\u00f3 el viernes a Ecuador ante la oficina del secretario general de Naciones Unidas, Ant\u00f3nio Guterres, por la irrupci\u00f3n de la polic\u00eda ecuatoriana en su embajada en Quito para detener a un exvicepresidente, condenado por corrupci\u00f3n, que hab\u00eda recibido asilo.<\/p>\n<p>La Secretar\u00eda de Relaciones Exteriores mexicana anunci\u00f3 en un comunicado que el representante de M\u00e9xico ante la ONU, H\u00e9ctor Vasconcelos y Cruz, entreg\u00f3 al secretario general adjunto de asuntos jur\u00eddicos de la organizaci\u00f3n un escrito dirigido a Guterres para reportar las \u201cgraves violaciones\u201d en las que incurri\u00f3 Ecuador el 5 de abril por el ingreso violento de sus fuerzas de seguridad en la sede diplom\u00e1tica.<\/p>\n<p>M\u00e9xico solicit\u00f3 al secretario general de la ONU que la denuncia, que incluy\u00f3 evidencia fotogr\u00e1fica as\u00ed como una relator\u00eda t\u00e9cnica de los hechos, sea distribuida entre los miembros de la organizaci\u00f3n e incorporada en la agenda de la Asamblea General bajo el tema \u201cExamen de medidas eficaces para mejorar la protecci\u00f3n y la seguridad de misiones y los representantes diplom\u00e1ticos y consulares\u201d.<\/p>\n<p>La denuncia forma parte de las acciones que emprendi\u00f3 el gobierno mexicano contra Ecuador, tras denunciar al pa\u00eds el jueves en la Corte Internacional de Justicia.<\/p>\n<p>A una semana del choque entre ambos pa\u00edses, que supuso la captura del exvicepresidente Jorge Glas y la posterior ruptura de relaciones diplom\u00e1tica de M\u00e9xico con Ecuador, la soluci\u00f3n parece remota mientras se siguen sumando las condenas internacionales contra el gobierno de Daniel Noboa.<\/p>\n<p>Al ser cuestionado en su conferencia matutina si M\u00e9xico estar\u00eda dispuesto a reanudar las relaciones diplom\u00e1ticas en caso de que las autoridades ecuatorianas entregaran a Glas \u2014quien est\u00e1 en prisi\u00f3n preventiva en una c\u00e1rcel de m\u00e1xima seguridad en Guayaquil\u2014, el presidente mexicano, Andr\u00e9s Manuel L\u00f3pez Obrador, neg\u00f3 el viernes de plano la posibilidad de cambios en la postura de su gobierno.<\/p>\n<blockquote><p>No es (que) nos env\u00edan, como lo est\u00e1bamos solicitando, en calidad de asilado al vicepresidente y ya lo otro, este, se olvid\u00f3. No, lo que queremos es que no haya repetici\u00f3n\u201d, sostuvo L\u00f3pez Obrador.<\/p><\/blockquote>\n<p>Su gobierno concedi\u00f3 a Glas el asilo diplom\u00e1tico un d\u00eda antes de la irrupci\u00f3n en la embajada y en medio de momentos de tensi\u00f3n, a ra\u00edz de unas declaraciones de L\u00f3pez Obrador sobre las pasadas elecciones ecuatorianas de octubre.<\/p>\n<p>M\u00e9xico present\u00f3 en la Corte Internacional de Justicia una denuncia contra Ecuador por la acci\u00f3n violenta que realizaron sus fuerzas policiales en su sede diplom\u00e1tica y solicit\u00f3 la suspensi\u00f3n del pa\u00eds andino de la ONU hasta que emita una disculpa por sus actos que han considerados como una \u201cviolaci\u00f3n flagrante\u201d al Derecho internacional.<\/p>\n<p>Como parte de la demanda, el gobierno mexicano tambi\u00e9n pidi\u00f3 que se declare a la Corte Internacional de Justicia como el \u00f3rgano adecuado para determinar la responsabilidad de un Estado a fin de iniciar el proceso de expulsi\u00f3n de la ONU cuando realicen acciones similares a las de Ecuador y que los miembros del Consejo de Seguridad de Naciones Unidas no puedan ejercer su derecho de veto en esos casos.<\/p>\n<p>El martes, la Organizaci\u00f3n de Estados Americanos conden\u00f3 la irrupci\u00f3n a la fuerza en la embajada mexicana en Quito y reiter\u00f3 que todos los Estados tienen la obligaci\u00f3n de respetar las misiones diplom\u00e1ticas. No obstante, en su resoluci\u00f3n tambi\u00e9n consider\u00f3, \u201csin perjuicio de las inmunidades\u201d, que las personas que gocen de los privilegios deben respetar las leyes y reglamentos del Estado receptor sin inmiscuirse en asuntos internos de ese Estado.<\/p>\n<p>Record\u00f3, adem\u00e1s, que los locales de las misiones diplom\u00e1ticas tampoco deber\u00e1n ser usados \u201cde manera incompatible\u201d con las funciones de la misma.<\/p>\n<p>Ecuador ha defendido su actuaci\u00f3n cuestionando que el gobierno mexicano concediera el asilo a Glas, quien tiene dos condenas en su contra y una investigaci\u00f3n abierta por corrupci\u00f3n.<\/p>\n<p>L\u00f3pez Obrador expres\u00f3 el viernes que adem\u00e1s de la disculpa y el compromiso de no repetici\u00f3n de parte de Ecuador, \u201clo que queremos es que se convierta en doctrina la decisi\u00f3n de Naciones Unidas de expulsar a cualquier Estado miembro que viole el Derecho internacional y que viole la soberan\u00eda de los pa\u00edses y de sus embajadas\u201d.<\/p>\n<p>El mandatario aprovech\u00f3 para agradecer el pronunciamiento que emiti\u00f3 el jueves la Canciller\u00eda de Canad\u00e1 de condena por las acciones de Ecuador.<\/p>\n<p>Canad\u00e1 se\u00f1al\u00f3 en un comunicado que el ingreso de los agentes ecuatorianos en la sede diplom\u00e1tica mexicana represent\u00f3 una \u201cclara violaci\u00f3n de la Convenci\u00f3n de Viena\u201d y record\u00f3 que el gobierno anfitri\u00f3n debe tomar todas las medidas apropiadas para \u201cimpedir cualquier ataque\u201d contra los diplom\u00e1ticos y \u201crespetar la inviolabilidad de las misiones diplom\u00e1ticas\u201d.<\/p>\n<p>El gobierno canadiense inst\u00f3 a M\u00e9xico y Ecuador a entablar un di\u00e1logo para resolver las diferencias.<\/p>\n<p>El pasado martes L\u00f3pez Obrador se quej\u00f3 de los \u201cpronunciamientos muy ambiguos\u201d que realizaron Canad\u00e1 y Estados Unidos en el caso.<\/p>\n<p>Tras esa declaraci\u00f3n, el gobierno de Joe Biden rectific\u00f3 su postura y anunci\u00f3 una condena m\u00e1s fuerte luego de que M\u00e9xico difundiera unos videos que mostraron el momento del allanamiento, en donde se ve que, tras empujar y someter al jefe de la secci\u00f3n consular mexicana, Roberto Canseco, se llevaron detenido a Glas, que resid\u00eda all\u00ed desde diciembre para evitar enfrentar a la justicia ecuatoriana.<\/p>\n<p>Una treintena de pa\u00edses de la regi\u00f3n y Europa y ocho organismos internacionales, entre ellos la OEA, han rechazado la acci\u00f3n del gobierno de Noboa.<\/p>\n<p>La mandataria hondure\u00f1a Xiomara Castro, quien tiene la presidencia pro tempore de la Comunidad de Estados Latinoamericanos y Caribe\u00f1os (CELAC), anunci\u00f3 el jueves que por petici\u00f3n de M\u00e9xico se decidi\u00f3 reprogramar para el 16 de abril la cumbre del bloque en la que se analizar\u00e1 la crisis diplom\u00e1tica. El encuentro se hab\u00eda pautado inicialmente para el 12 de abril.<\/p>\n","protected":false},"excerpt":{"rendered":"<p>Acusa que la irrupci\u00f3n de fuerzas policiacas en la embajada mexicana fue una grave violaci\u00f3n al derecho internacional <\/p>\n","protected":false},"author":1,"featured_media":4145,"comment_status":"closed","ping_status":"closed","sticky":false,"template":"","format":"standard","meta":{"_crdt_document":"","_jetpack_memberships_contains_paid_content":false,"footnotes":"","jetpack_publicize_message":"","jetpack_publicize_feature_enabled":true,"jetpack_social_post_already_shared":true,"jetpack_social_options":{"image_generator_settings":{"template":"highway","default_image_id":0,"font":"","enabled":false},"version":2},"_wpas_customize_per_network":false},"categories":[33],"tags":[],"class_list":["post-4144","post","type-post","status-publish","format-standard","has-post-thumbnail","hentry","category-mexico"],"magazineBlocksPostFeaturedMedia":{"thumbnail":"https:\/\/pornuestrolaredo.com\/wp-content\/uploads\/2024\/04\/Stereo91-20240411-1-150x150.jpg","medium":"https:\/\/pornuestrolaredo.com\/wp-content\/uploads\/2024\/04\/Stereo91-20240411-1-300x184.jpg","medium_large":"https:\/\/pornuestrolaredo.com\/wp-content\/uploads\/2024\/04\/Stereo91-20240411-1-768x472.jpg","large":"https:\/\/pornuestrolaredo.com\/wp-content\/uploads\/2024\/04\/Stereo91-20240411-1.jpg","1536x1536":"https:\/\/pornuestrolaredo.com\/wp-content\/uploads\/2024\/04\/Stereo91-20240411-1.jpg","2048x2048":"https:\/\/pornuestrolaredo.com\/wp-content\/uploads\/2024\/04\/Stereo91-20240411-1.jpg","morenews-large":"https:\/\/pornuestrolaredo.com\/wp-content\/uploads\/2024\/04\/Stereo91-20240411-1.jpg","morenews-medium":"https:\/\/pornuestrolaredo.com\/wp-content\/uploads\/2024\/04\/Stereo91-20240411-1.jpg"},"magazineBlocksPostAuthor":{"name":"Redactor","avatar":"https:\/\/pornuestrolaredo.com\/wp-content\/litespeed\/avatar\/dca1d7ec750c399f025f23b0b314f4cf.jpg?ver=1777612120"},"magazineBlocksPostCommentsNumber":false,"magazineBlocksPostExcerpt":"Acusa que la irrupci\u00f3n de fuerzas policiacas en la embajada mexicana fue una grave violaci\u00f3n al derecho internacional ","magazineBlocksPostCategories":["Mexico"],"magazineBlocksPostViewCount":133,"magazineBlocksPostReadTime":6,"magazine_blocks_featured_image_url":{"full":["https:\/\/pornuestrolaredo.com\/wp-content\/uploads\/2024\/04\/Stereo91-20240411-1.jpg",980,602,false],"medium":["https:\/\/pornuestrolaredo.com\/wp-content\/uploads\/2024\/04\/Stereo91-20240411-1-300x184.jpg",300,184,true],"thumbnail":["https:\/\/pornuestrolaredo.com\/wp-content\/uploads\/2024\/04\/Stereo91-20240411-1-150x150.jpg",150,150,true]},"magazine_blocks_author":{"display_name":"Redactor","author_link":"https:\/\/pornuestrolaredo.com\/?author=1"},"magazine_blocks_comment":0,"magazine_blocks_author_image":"https:\/\/pornuestrolaredo.com\/wp-content\/litespeed\/avatar\/dca1d7ec750c399f025f23b0b314f4cf.jpg?ver=1777612120","magazine_blocks_category":"<a href=\"#\" class=\"category-link category-link-33\">Mexico<\/a>","jetpack_publicize_connections":[],"featured_image_urls":{"full":["https:\/\/pornuestrolaredo.com\/wp-content\/uploads\/2024\/04\/Stereo91-20240411-1.jpg",980,602,false],"thumbnail":["https:\/\/pornuestrolaredo.com\/wp-content\/uploads\/2024\/04\/Stereo91-20240411-1-150x150.jpg",150,150,true],"medium":["https:\/\/pornuestrolaredo.com\/wp-content\/uploads\/2024\/04\/Stereo91-20240411-1-300x184.jpg",300,184,true],"medium_large":["https:\/\/pornuestrolaredo.com\/wp-content\/uploads\/2024\/04\/Stereo91-20240411-1-768x472.jpg",640,393,true],"large":["https:\/\/pornuestrolaredo.com\/wp-content\/uploads\/2024\/04\/Stereo91-20240411-1.jpg",640,393,false],"1536x1536":["https:\/\/pornuestrolaredo.com\/wp-content\/uploads\/2024\/04\/Stereo91-20240411-1.jpg",980,602,false],"2048x2048":["https:\/\/pornuestrolaredo.com\/wp-content\/uploads\/2024\/04\/Stereo91-20240411-1.jpg",980,602,false],"morenews-large":["https:\/\/pornuestrolaredo.com\/wp-content\/uploads\/2024\/04\/Stereo91-20240411-1.jpg",825,507,false],"morenews-medium":["https:\/\/pornuestrolaredo.com\/wp-content\/uploads\/2024\/04\/Stereo91-20240411-1.jpg",590,362,false]},"author_info":{"info":["Redactor"]},"category_info":"<a href=\"https:\/\/pornuestrolaredo.com\/?cat=33\" rel=\"category\">Mexico<\/a>","tag_info":"Mexico","comment_count":"0","jetpack_featured_media_url":"https:\/\/pornuestrolaredo.com\/wp-content\/uploads\/2024\/04\/Stereo91-20240411-1.jpg","jetpack_sharing_enabled":true,"_links":{"self":[{"href":"https:\/\/pornuestrolaredo.com\/index.php?rest_route=\/wp\/v2\/posts\/4144","targetHints":{"allow":["GET"]}}],"collection":[{"href":"https:\/\/pornuestrolaredo.com\/index.php?rest_route=\/wp\/v2\/posts"}],"about":[{"href":"https:\/\/pornuestrolaredo.com\/index.php?rest_route=\/wp\/v2\/types\/post"}],"author":[{"embeddable":true,"href":"https:\/\/pornuestrolaredo.com\/index.php?rest_route=\/wp\/v2\/users\/1"}],"replies":[{"embeddable":true,"href":"https:\/\/pornuestrolaredo.com\/index.php?rest_route=%2Fwp%2Fv2%2Fcomments&post=4144"}],"version-history":[{"count":1,"href":"https:\/\/pornuestrolaredo.com\/index.php?rest_route=\/wp\/v2\/posts\/4144\/revisions"}],"predecessor-version":[{"id":4146,"href":"https:\/\/pornuestrolaredo.com\/index.php?rest_route=\/wp\/v2\/posts\/4144\/revisions\/4146"}],"wp:featuredmedia":[{"embeddable":true,"href":"https:\/\/pornuestrolaredo.com\/index.php?rest_route=\/wp\/v2\/media\/4145"}],"wp:attachment":[{"href":"https:\/\/pornuestrolaredo.com\/index.php?rest_route=%2Fwp%2Fv2%2Fmedia&parent=4144"}],"wp:term":[{"taxonomy":"category","embeddable":true,"href":"https:\/\/pornuestrolaredo.com\/index.php?rest_route=%2Fwp%2Fv2%2Fcategories&post=4144"},{"taxonomy":"post_tag","embeddable":true,"href":"https:\/\/pornuestrolaredo.com\/index.php?rest_route=%2Fwp%2Fv2%2Ftags&post=4144"}],"curies":[{"name":"wp","href":"https:\/\/api.w.org\/{rel}","templated":true}]}}