{"id":4147,"date":"2024-04-13T17:17:57","date_gmt":"2024-04-13T17:17:57","guid":{"rendered":"https:\/\/pornuestrolaredo.com\/?p=4147"},"modified":"2024-04-13T17:17:57","modified_gmt":"2024-04-13T17:17:57","slug":"resurge-sarampion-reinician-campana-de-vacunacion","status":"publish","type":"post","link":"https:\/\/pornuestrolaredo.com\/?p=4147","title":{"rendered":"Resurge sarampi\u00f3n; reinician campa\u00f1a de vacunaci\u00f3n"},"content":{"rendered":"<p><strong><em>CIUDAD DE M\u00c9XICO.- <\/em><\/strong>El sector salud ech\u00f3 a andar la Campa\u00f1a de Recuperaci\u00f3n de Coberturas de Vacunaci\u00f3n, con \u00e9nfasis en la prevenci\u00f3n del sarampi\u00f3n, rub\u00e9ola y poliomielitis.<\/p>\n<p>En el Instituto Nacional de Pediatr\u00eda, autoridades resaltaron que habr\u00e1 dosis para la poblaci\u00f3n que lo requiera y solicite.<\/p>\n<p>Ruy L\u00f3pez Ridaura, subsecretario de Prevenci\u00f3n y Promoci\u00f3n de la Salud, inform\u00f3 que no hay casos nativos de sarampi\u00f3n y que est\u00e1n controlados los que se originaron a partir de un menor que lleg\u00f3 a M\u00e9xico con la enfermedad<\/p>\n<p>Indic\u00f3 que la campa\u00f1a de vacunaci\u00f3n inici\u00f3 el 1 de abril, pero se busca acelerar su difusi\u00f3n para poder llegar a las metas de cobertura.<\/p>\n<p>&#8220;Iniciamos ya el primero de abril, llevamos ya m\u00e1s de 10 d\u00edas en esta campa\u00f1a, s\u00ed nos hace reconocer que est\u00e1 apenas arrancando, que va lenta y por eso el mensaje principal de este acto es aceleremos, tenemos que cubrir una meta muy importante de recuperaci\u00f3n de coberturas en toda la poblaci\u00f3n&#8221;, destac\u00f3 ante directivos de las instituciones de salud del pa\u00eds y personal m\u00e9dico presente.<\/p>\n<p>Resalt\u00f3 la coordinaci\u00f3n y unidad del sistema de salud para llevar a cabo la campa\u00f1a, con la aplicaci\u00f3n de 9 millones de dosis disponibles.<\/p>\n<p>Dijo que el Servicio Nacional de Salud P\u00fablica se pondr\u00e1 a prueba con la campa\u00f1a de cobertura, la cual termina el 31 de mayo.<\/p>\n<blockquote><p>Es un servicio que apenas est\u00e1 empezando, ahora la prioridad es esta, tenemos que hacer que esta campa\u00f1a de recuperaci\u00f3n de coberturas sea un \u00e9xito.<\/p><\/blockquote>\n<blockquote><p>Entonces, por eso tambi\u00e9n invito a ustedes como instituciones, a los operadores en las entidades federativas y especialmente a nosotros como subsecretar\u00eda participemos activamente en esta campa\u00f1a de cobertura&#8221;, plante\u00f3.<\/p><\/blockquote>\n<p>Se debe llegar a coberturas de m\u00e1s del 90 o 95 por ciento para lograr el objetivo de eliminar enfermedades, a\u00f1adi\u00f3.<\/p>\n<p>Dijo que a partir del acto de este d\u00eda habr\u00e1 un &#8220;acelerad\u00f3n&#8221; en la campa\u00f1a para lograr cubrir la meta.<\/p>\n<p>El funcionario llam\u00f3 a los operadores de la campa\u00f1a a intensificar la promoci\u00f3n de la misma y hacer que la gente vuelva a las cl\u00ednicas a atenderse.<\/p>\n<p>Jos\u00e9 Luis D\u00edaz Ortega, director general del Centro Nacional para la Salud de la Infancia y la Adolescencia, indic\u00f3 que la poblaci\u00f3n debe tener claro que en M\u00e9xico no hay polio ni sarampi\u00f3n.<\/p>\n","protected":false},"excerpt":{"rendered":"<p>Aseguran que los casos que se registraron son por un ni\u00f1o que lleg\u00f3 desde fuera de M\u00e9xico<\/p>\n","protected":false},"author":1,"featured_media":4148,"comment_status":"closed","ping_status":"closed","sticky":false,"template":"","format":"standard","meta":{"_crdt_document":"","_jetpack_memberships_contains_paid_content":false,"footnotes":"","jetpack_publicize_message":"","jetpack_publicize_feature_enabled":true,"jetpack_social_post_already_shared":true,"jetpack_social_options":{"image_generator_settings":{"template":"highway","default_image_id":0,"font":"","enabled":false},"version":2},"_wpas_customize_per_network":false},"categories":[33],"tags":[],"class_list":["post-4147","post","type-post","status-publish","format-standard","has-post-thumbnail","hentry","category-mexico"],"magazineBlocksPostFeaturedMedia":{"thumbnail":"https:\/\/pornuestrolaredo.com\/wp-content\/uploads\/2024\/04\/Stereo91-20240413-1-150x150.jpg","medium":"https:\/\/pornuestrolaredo.com\/wp-content\/uploads\/2024\/04\/Stereo91-20240413-1-300x200.jpg","medium_large":"https:\/\/pornuestrolaredo.com\/wp-content\/uploads\/2024\/04\/Stereo91-20240413-1-768x512.jpg","large":"https:\/\/pornuestrolaredo.com\/wp-content\/uploads\/2024\/04\/Stereo91-20240413-1.jpg","1536x1536":"https:\/\/pornuestrolaredo.com\/wp-content\/uploads\/2024\/04\/Stereo91-20240413-1.jpg","2048x2048":"https:\/\/pornuestrolaredo.com\/wp-content\/uploads\/2024\/04\/Stereo91-20240413-1.jpg","morenews-large":"https:\/\/pornuestrolaredo.com\/wp-content\/uploads\/2024\/04\/Stereo91-20240413-1.jpg","morenews-medium":"https:\/\/pornuestrolaredo.com\/wp-content\/uploads\/2024\/04\/Stereo91-20240413-1.jpg"},"magazineBlocksPostAuthor":{"name":"Redactor","avatar":"https:\/\/pornuestrolaredo.com\/wp-content\/litespeed\/avatar\/dca1d7ec750c399f025f23b0b314f4cf.jpg?ver=1777612120"},"magazineBlocksPostCommentsNumber":false,"magazineBlocksPostExcerpt":"Aseguran que los casos que se registraron son por un ni\u00f1o que lleg\u00f3 desde fuera de M\u00e9xico","magazineBlocksPostCategories":["Mexico"],"magazineBlocksPostViewCount":104,"magazineBlocksPostReadTime":3,"magazine_blocks_featured_image_url":{"full":["https:\/\/pornuestrolaredo.com\/wp-content\/uploads\/2024\/04\/Stereo91-20240413-1.jpg",960,640,false],"medium":["https:\/\/pornuestrolaredo.com\/wp-content\/uploads\/2024\/04\/Stereo91-20240413-1-300x200.jpg",300,200,true],"thumbnail":["https:\/\/pornuestrolaredo.com\/wp-content\/uploads\/2024\/04\/Stereo91-20240413-1-150x150.jpg",150,150,true]},"magazine_blocks_author":{"display_name":"Redactor","author_link":"https:\/\/pornuestrolaredo.com\/?author=1"},"magazine_blocks_comment":0,"magazine_blocks_author_image":"https:\/\/pornuestrolaredo.com\/wp-content\/litespeed\/avatar\/dca1d7ec750c399f025f23b0b314f4cf.jpg?ver=1777612120","magazine_blocks_category":"<a href=\"#\" class=\"category-link category-link-33\">Mexico<\/a>","jetpack_publicize_connections":[],"featured_image_urls":{"full":["https:\/\/pornuestrolaredo.com\/wp-content\/uploads\/2024\/04\/Stereo91-20240413-1.jpg",960,640,false],"thumbnail":["https:\/\/pornuestrolaredo.com\/wp-content\/uploads\/2024\/04\/Stereo91-20240413-1-150x150.jpg",150,150,true],"medium":["https:\/\/pornuestrolaredo.com\/wp-content\/uploads\/2024\/04\/Stereo91-20240413-1-300x200.jpg",300,200,true],"medium_large":["https:\/\/pornuestrolaredo.com\/wp-content\/uploads\/2024\/04\/Stereo91-20240413-1-768x512.jpg",640,427,true],"large":["https:\/\/pornuestrolaredo.com\/wp-content\/uploads\/2024\/04\/Stereo91-20240413-1.jpg",640,427,false],"1536x1536":["https:\/\/pornuestrolaredo.com\/wp-content\/uploads\/2024\/04\/Stereo91-20240413-1.jpg",960,640,false],"2048x2048":["https:\/\/pornuestrolaredo.com\/wp-content\/uploads\/2024\/04\/Stereo91-20240413-1.jpg",960,640,false],"morenews-large":["https:\/\/pornuestrolaredo.com\/wp-content\/uploads\/2024\/04\/Stereo91-20240413-1.jpg",825,550,false],"morenews-medium":["https:\/\/pornuestrolaredo.com\/wp-content\/uploads\/2024\/04\/Stereo91-20240413-1.jpg",590,393,false]},"author_info":{"info":["Redactor"]},"category_info":"<a href=\"https:\/\/pornuestrolaredo.com\/?cat=33\" rel=\"category\">Mexico<\/a>","tag_info":"Mexico","comment_count":"0","jetpack_featured_media_url":"https:\/\/pornuestrolaredo.com\/wp-content\/uploads\/2024\/04\/Stereo91-20240413-1.jpg","jetpack_sharing_enabled":true,"_links":{"self":[{"href":"https:\/\/pornuestrolaredo.com\/index.php?rest_route=\/wp\/v2\/posts\/4147","targetHints":{"allow":["GET"]}}],"collection":[{"href":"https:\/\/pornuestrolaredo.com\/index.php?rest_route=\/wp\/v2\/posts"}],"about":[{"href":"https:\/\/pornuestrolaredo.com\/index.php?rest_route=\/wp\/v2\/types\/post"}],"author":[{"embeddable":true,"href":"https:\/\/pornuestrolaredo.com\/index.php?rest_route=\/wp\/v2\/users\/1"}],"replies":[{"embeddable":true,"href":"https:\/\/pornuestrolaredo.com\/index.php?rest_route=%2Fwp%2Fv2%2Fcomments&post=4147"}],"version-history":[{"count":1,"href":"https:\/\/pornuestrolaredo.com\/index.php?rest_route=\/wp\/v2\/posts\/4147\/revisions"}],"predecessor-version":[{"id":4149,"href":"https:\/\/pornuestrolaredo.com\/index.php?rest_route=\/wp\/v2\/posts\/4147\/revisions\/4149"}],"wp:featuredmedia":[{"embeddable":true,"href":"https:\/\/pornuestrolaredo.com\/index.php?rest_route=\/wp\/v2\/media\/4148"}],"wp:attachment":[{"href":"https:\/\/pornuestrolaredo.com\/index.php?rest_route=%2Fwp%2Fv2%2Fmedia&parent=4147"}],"wp:term":[{"taxonomy":"category","embeddable":true,"href":"https:\/\/pornuestrolaredo.com\/index.php?rest_route=%2Fwp%2Fv2%2Fcategories&post=4147"},{"taxonomy":"post_tag","embeddable":true,"href":"https:\/\/pornuestrolaredo.com\/index.php?rest_route=%2Fwp%2Fv2%2Ftags&post=4147"}],"curies":[{"name":"wp","href":"https:\/\/api.w.org\/{rel}","templated":true}]}}