{"id":4150,"date":"2024-04-13T18:03:50","date_gmt":"2024-04-13T18:03:50","guid":{"rendered":"https:\/\/pornuestrolaredo.com\/?p=4150"},"modified":"2024-04-13T18:03:50","modified_gmt":"2024-04-13T18:03:50","slug":"avistan-ballena-enredada-en-una-cuerda","status":"publish","type":"post","link":"https:\/\/pornuestrolaredo.com\/?p=4150","title":{"rendered":"Avistan ballena enredada en una cuerda"},"content":{"rendered":"<p><strong><em>PORTLAND, Maine.-<\/em><\/strong> Una ballena franca del Atl\u00e1ntico Norte fue vista enredada en una cuerda frente a Nueva Inglaterra, empeorando un a\u00f1o ya devastador para los animales en extinci\u00f3n, dijeron autoridades estadounidenses.<\/p>\n<p>Las ballenas francas son menos de 360 y son vulnerables a enredarse en redes de pesca y a colisionar con barcos. La ballena enredada fue avistada el martes a unos 80 kil\u00f3metros (50 millas) al sur de Block Island en Rhode Island, dijo la Administraci\u00f3n Nacional Oce\u00e1nica y Atmosf\u00e9rica de Estados Unidos (NOAA).<\/p>\n<p>La ballena tiene cuerdas saliendo de ambos lados de su boca y ha estado lejos de la costa, lo que dificulta la ayuda de los rescatistas, dijo la NOAA en un comunicado.<\/p>\n<blockquote><p>Dada la gran distancia desde la costa, los expertos no pudieron viajar de manera segura a la \u00faltima ubicaci\u00f3n conocida de la ballena durante el d\u00eda para intentar un rescate\u201d, dice el comunicado. \u201cNOAA Fisheries y nuestros socios monitorear\u00e1n esta ballena e intentar\u00e1n responder al enredo, si es posible, seg\u00fan lo permitan las condiciones clim\u00e1ticas y de seguridad\u201d.<\/p><\/blockquote>\n<p>Varias ballenas francas han muerto este a\u00f1o frente a Georgia y Massachusetts, y los grupos ambientalistas temen que la especie pueda estar a punto de extinguirse. La poblaci\u00f3n del animal cay\u00f3 un 25% entre 2010 y 2020.<\/p>\n<p>Una ballena encontrada muerta en Martha\u2019s Vineyard, Massachusetts, en enero mostr\u00f3 evidencia de lesiones por enredarse en aparejos de pesca. Los grupos ambientalistas han pedido reglas m\u00e1s estrictas para protegerlas.<\/p>\n<p>Las ballenas alguna vez fueron numerosas frente a la costa este, pero fueron diezmadas durante la \u00e9poca de caza y han tardado en recuperarse. Han estado protegidas a nivel federal durante d\u00e9cadas.<\/p>\n<p>Migran cada a\u00f1o desde las zonas de parto frente a Florida y Georgia hasta las zonas de alimentaci\u00f3n frente a Nueva Inglaterra y Canad\u00e1. El viaje se ha vuelto peligroso en los \u00faltimos a\u00f1os porque sus fuentes de alimento parecen moverse a medida que las aguas se calientan. Ese cambio hace que las ballenas se desv\u00eden de las \u00e1reas protegidas del oc\u00e9ano y se vuelvan vulnerables a enredos y colisiones, han dicho los cient\u00edficos.<\/p>\n","protected":false},"excerpt":{"rendered":"<p>Las francas son enormes animales de los que hay ya muy pocos, apenas 360 en todo el mundo<\/p>\n","protected":false},"author":1,"featured_media":4151,"comment_status":"closed","ping_status":"closed","sticky":false,"template":"","format":"standard","meta":{"_crdt_document":"","_jetpack_memberships_contains_paid_content":false,"footnotes":"","jetpack_publicize_message":"","jetpack_publicize_feature_enabled":true,"jetpack_social_post_already_shared":true,"jetpack_social_options":{"image_generator_settings":{"template":"highway","default_image_id":0,"font":"","enabled":false},"version":2},"_wpas_customize_per_network":false},"categories":[9],"tags":[],"class_list":["post-4150","post","type-post","status-publish","format-standard","has-post-thumbnail","hentry","category-el-mundo"],"magazineBlocksPostFeaturedMedia":{"thumbnail":"https:\/\/pornuestrolaredo.com\/wp-content\/uploads\/2024\/04\/Stereo91-20240413-3-150x150.jpeg","medium":"https:\/\/pornuestrolaredo.com\/wp-content\/uploads\/2024\/04\/Stereo91-20240413-3-300x186.jpeg","medium_large":"https:\/\/pornuestrolaredo.com\/wp-content\/uploads\/2024\/04\/Stereo91-20240413-3-768x475.jpeg","large":"https:\/\/pornuestrolaredo.com\/wp-content\/uploads\/2024\/04\/Stereo91-20240413-3.jpeg","1536x1536":"https:\/\/pornuestrolaredo.com\/wp-content\/uploads\/2024\/04\/Stereo91-20240413-3.jpeg","2048x2048":"https:\/\/pornuestrolaredo.com\/wp-content\/uploads\/2024\/04\/Stereo91-20240413-3.jpeg","morenews-large":"https:\/\/pornuestrolaredo.com\/wp-content\/uploads\/2024\/04\/Stereo91-20240413-3.jpeg","morenews-medium":"https:\/\/pornuestrolaredo.com\/wp-content\/uploads\/2024\/04\/Stereo91-20240413-3.jpeg"},"magazineBlocksPostAuthor":{"name":"Redactor","avatar":"https:\/\/pornuestrolaredo.com\/wp-content\/litespeed\/avatar\/dca1d7ec750c399f025f23b0b314f4cf.jpg?ver=1777612120"},"magazineBlocksPostCommentsNumber":false,"magazineBlocksPostExcerpt":"Las francas son enormes animales de los que hay ya muy pocos, apenas 360 en todo el mundo","magazineBlocksPostCategories":["El Mundo"],"magazineBlocksPostViewCount":119,"magazineBlocksPostReadTime":2,"magazine_blocks_featured_image_url":{"full":["https:\/\/pornuestrolaredo.com\/wp-content\/uploads\/2024\/04\/Stereo91-20240413-3.jpeg",980,606,false],"medium":["https:\/\/pornuestrolaredo.com\/wp-content\/uploads\/2024\/04\/Stereo91-20240413-3-300x186.jpeg",300,186,true],"thumbnail":["https:\/\/pornuestrolaredo.com\/wp-content\/uploads\/2024\/04\/Stereo91-20240413-3-150x150.jpeg",150,150,true]},"magazine_blocks_author":{"display_name":"Redactor","author_link":"https:\/\/pornuestrolaredo.com\/?author=1"},"magazine_blocks_comment":0,"magazine_blocks_author_image":"https:\/\/pornuestrolaredo.com\/wp-content\/litespeed\/avatar\/dca1d7ec750c399f025f23b0b314f4cf.jpg?ver=1777612120","magazine_blocks_category":"<a href=\"#\" class=\"category-link category-link-9\">El Mundo<\/a>","jetpack_publicize_connections":[],"featured_image_urls":{"full":["https:\/\/pornuestrolaredo.com\/wp-content\/uploads\/2024\/04\/Stereo91-20240413-3.jpeg",980,606,false],"thumbnail":["https:\/\/pornuestrolaredo.com\/wp-content\/uploads\/2024\/04\/Stereo91-20240413-3-150x150.jpeg",150,150,true],"medium":["https:\/\/pornuestrolaredo.com\/wp-content\/uploads\/2024\/04\/Stereo91-20240413-3-300x186.jpeg",300,186,true],"medium_large":["https:\/\/pornuestrolaredo.com\/wp-content\/uploads\/2024\/04\/Stereo91-20240413-3-768x475.jpeg",640,396,true],"large":["https:\/\/pornuestrolaredo.com\/wp-content\/uploads\/2024\/04\/Stereo91-20240413-3.jpeg",640,396,false],"1536x1536":["https:\/\/pornuestrolaredo.com\/wp-content\/uploads\/2024\/04\/Stereo91-20240413-3.jpeg",980,606,false],"2048x2048":["https:\/\/pornuestrolaredo.com\/wp-content\/uploads\/2024\/04\/Stereo91-20240413-3.jpeg",980,606,false],"morenews-large":["https:\/\/pornuestrolaredo.com\/wp-content\/uploads\/2024\/04\/Stereo91-20240413-3.jpeg",825,510,false],"morenews-medium":["https:\/\/pornuestrolaredo.com\/wp-content\/uploads\/2024\/04\/Stereo91-20240413-3.jpeg",590,365,false]},"author_info":{"info":["Redactor"]},"category_info":"<a href=\"https:\/\/pornuestrolaredo.com\/?cat=9\" rel=\"category\">El Mundo<\/a>","tag_info":"El Mundo","comment_count":"0","jetpack_featured_media_url":"https:\/\/pornuestrolaredo.com\/wp-content\/uploads\/2024\/04\/Stereo91-20240413-3.jpeg","jetpack_sharing_enabled":true,"_links":{"self":[{"href":"https:\/\/pornuestrolaredo.com\/index.php?rest_route=\/wp\/v2\/posts\/4150","targetHints":{"allow":["GET"]}}],"collection":[{"href":"https:\/\/pornuestrolaredo.com\/index.php?rest_route=\/wp\/v2\/posts"}],"about":[{"href":"https:\/\/pornuestrolaredo.com\/index.php?rest_route=\/wp\/v2\/types\/post"}],"author":[{"embeddable":true,"href":"https:\/\/pornuestrolaredo.com\/index.php?rest_route=\/wp\/v2\/users\/1"}],"replies":[{"embeddable":true,"href":"https:\/\/pornuestrolaredo.com\/index.php?rest_route=%2Fwp%2Fv2%2Fcomments&post=4150"}],"version-history":[{"count":1,"href":"https:\/\/pornuestrolaredo.com\/index.php?rest_route=\/wp\/v2\/posts\/4150\/revisions"}],"predecessor-version":[{"id":4152,"href":"https:\/\/pornuestrolaredo.com\/index.php?rest_route=\/wp\/v2\/posts\/4150\/revisions\/4152"}],"wp:featuredmedia":[{"embeddable":true,"href":"https:\/\/pornuestrolaredo.com\/index.php?rest_route=\/wp\/v2\/media\/4151"}],"wp:attachment":[{"href":"https:\/\/pornuestrolaredo.com\/index.php?rest_route=%2Fwp%2Fv2%2Fmedia&parent=4150"}],"wp:term":[{"taxonomy":"category","embeddable":true,"href":"https:\/\/pornuestrolaredo.com\/index.php?rest_route=%2Fwp%2Fv2%2Fcategories&post=4150"},{"taxonomy":"post_tag","embeddable":true,"href":"https:\/\/pornuestrolaredo.com\/index.php?rest_route=%2Fwp%2Fv2%2Ftags&post=4150"}],"curies":[{"name":"wp","href":"https:\/\/api.w.org\/{rel}","templated":true}]}}