{"id":4166,"date":"2024-04-14T16:07:07","date_gmt":"2024-04-14T16:07:07","guid":{"rendered":"https:\/\/pornuestrolaredo.com\/?p=4166"},"modified":"2024-04-14T16:07:07","modified_gmt":"2024-04-14T16:07:07","slug":"llama-el-papa-a-buscar-la-paz-en-medio-oriente","status":"publish","type":"post","link":"https:\/\/pornuestrolaredo.com\/?p=4166","title":{"rendered":"Llama el Papa a buscar la paz en Medio Oriente"},"content":{"rendered":"<p><strong><em>CIUDAD DEL VATICANO.-<\/em><\/strong> El papa Francisco llam\u00f3 este domingo a Ir\u00e1n e Israel a evitar acciones que alienten &#8220;una espiral de violencia&#8221; que podr\u00eda sumir a Medio Oriente en un conflicto m\u00e1s profundo.<\/p>\n<p>Al dirigirse a los fieles congregados en la Plaza de San Pedro, Francisco dijo que hab\u00eda seguido con preocupaci\u00f3n y dolor las noticias sobre el ataque iran\u00ed con drones y misiles contra Israel.<\/p>\n<blockquote><p>Hago un llamamiento de coraz\u00f3n para que se detenga cualquier acci\u00f3n que pueda alimentar una espiral de violencia con el riesgo de arrastrar a Oriente Medio a un conflicto a\u00fan mayor&#8221;, dijo.<\/p><\/blockquote>\n<blockquote><p>Nadie debe amenazar la existencia de los dem\u00e1s. Por el contrario, todas las naciones deben defender la paz y ayudar a israel\u00edes y palestinos a vivir en dos Estados, uno al lado del otro, en condiciones de seguridad&#8221;, a\u00f1adi\u00f3.<\/p><\/blockquote>\n<p>El papa pidi\u00f3 un alto el fuego en Gaza y negociaciones que permitan proporcionar ayuda humanitaria a su poblaci\u00f3n y ayudar a liberar a los rehenes israel\u00edes secuestrados por Ham\u00e1s en su ataque del 7 de octubre contra Israel.<\/p>\n<blockquote><p>Basta de guerra, basta de ataques, basta de violencia. S\u00ed al di\u00e1logo, s\u00ed a la paz&#8221;, dijo.<\/p><\/blockquote>\n","protected":false},"excerpt":{"rendered":"<p>Dijo que sigui\u00f3 con preocupaci\u00f3n las noticias sobre el ataque iran\u00ed con drones y misiles contra Israel<\/p>\n","protected":false},"author":1,"featured_media":4167,"comment_status":"closed","ping_status":"closed","sticky":false,"template":"","format":"standard","meta":{"_crdt_document":"","_jetpack_memberships_contains_paid_content":false,"footnotes":"","jetpack_publicize_message":"","jetpack_publicize_feature_enabled":true,"jetpack_social_post_already_shared":true,"jetpack_social_options":{"image_generator_settings":{"template":"highway","default_image_id":0,"font":"","enabled":false},"version":2},"_wpas_customize_per_network":false},"categories":[9],"tags":[],"class_list":["post-4166","post","type-post","status-publish","format-standard","has-post-thumbnail","hentry","category-el-mundo"],"magazineBlocksPostFeaturedMedia":{"thumbnail":"https:\/\/pornuestrolaredo.com\/wp-content\/uploads\/2024\/04\/Stereo91-20240414-3-150x150.jpeg","medium":"https:\/\/pornuestrolaredo.com\/wp-content\/uploads\/2024\/04\/Stereo91-20240414-3-300x183.jpeg","medium_large":"https:\/\/pornuestrolaredo.com\/wp-content\/uploads\/2024\/04\/Stereo91-20240414-3-768x468.jpeg","large":"https:\/\/pornuestrolaredo.com\/wp-content\/uploads\/2024\/04\/Stereo91-20240414-3.jpeg","1536x1536":"https:\/\/pornuestrolaredo.com\/wp-content\/uploads\/2024\/04\/Stereo91-20240414-3.jpeg","2048x2048":"https:\/\/pornuestrolaredo.com\/wp-content\/uploads\/2024\/04\/Stereo91-20240414-3.jpeg","morenews-large":"https:\/\/pornuestrolaredo.com\/wp-content\/uploads\/2024\/04\/Stereo91-20240414-3.jpeg","morenews-medium":"https:\/\/pornuestrolaredo.com\/wp-content\/uploads\/2024\/04\/Stereo91-20240414-3.jpeg"},"magazineBlocksPostAuthor":{"name":"Redactor","avatar":"https:\/\/pornuestrolaredo.com\/wp-content\/litespeed\/avatar\/dca1d7ec750c399f025f23b0b314f4cf.jpg?ver=1777612120"},"magazineBlocksPostCommentsNumber":false,"magazineBlocksPostExcerpt":"Dijo que sigui\u00f3 con preocupaci\u00f3n las noticias sobre el ataque iran\u00ed con drones y misiles contra Israel","magazineBlocksPostCategories":["El Mundo"],"magazineBlocksPostViewCount":108,"magazineBlocksPostReadTime":2,"magazine_blocks_featured_image_url":{"full":["https:\/\/pornuestrolaredo.com\/wp-content\/uploads\/2024\/04\/Stereo91-20240414-3.jpeg",830,506,false],"medium":["https:\/\/pornuestrolaredo.com\/wp-content\/uploads\/2024\/04\/Stereo91-20240414-3-300x183.jpeg",300,183,true],"thumbnail":["https:\/\/pornuestrolaredo.com\/wp-content\/uploads\/2024\/04\/Stereo91-20240414-3-150x150.jpeg",150,150,true]},"magazine_blocks_author":{"display_name":"Redactor","author_link":"https:\/\/pornuestrolaredo.com\/?author=1"},"magazine_blocks_comment":0,"magazine_blocks_author_image":"https:\/\/pornuestrolaredo.com\/wp-content\/litespeed\/avatar\/dca1d7ec750c399f025f23b0b314f4cf.jpg?ver=1777612120","magazine_blocks_category":"<a href=\"#\" class=\"category-link category-link-9\">El Mundo<\/a>","jetpack_publicize_connections":[],"featured_image_urls":{"full":["https:\/\/pornuestrolaredo.com\/wp-content\/uploads\/2024\/04\/Stereo91-20240414-3.jpeg",830,506,false],"thumbnail":["https:\/\/pornuestrolaredo.com\/wp-content\/uploads\/2024\/04\/Stereo91-20240414-3-150x150.jpeg",150,150,true],"medium":["https:\/\/pornuestrolaredo.com\/wp-content\/uploads\/2024\/04\/Stereo91-20240414-3-300x183.jpeg",300,183,true],"medium_large":["https:\/\/pornuestrolaredo.com\/wp-content\/uploads\/2024\/04\/Stereo91-20240414-3-768x468.jpeg",640,390,true],"large":["https:\/\/pornuestrolaredo.com\/wp-content\/uploads\/2024\/04\/Stereo91-20240414-3.jpeg",640,390,false],"1536x1536":["https:\/\/pornuestrolaredo.com\/wp-content\/uploads\/2024\/04\/Stereo91-20240414-3.jpeg",830,506,false],"2048x2048":["https:\/\/pornuestrolaredo.com\/wp-content\/uploads\/2024\/04\/Stereo91-20240414-3.jpeg",830,506,false],"morenews-large":["https:\/\/pornuestrolaredo.com\/wp-content\/uploads\/2024\/04\/Stereo91-20240414-3.jpeg",825,503,false],"morenews-medium":["https:\/\/pornuestrolaredo.com\/wp-content\/uploads\/2024\/04\/Stereo91-20240414-3.jpeg",590,360,false]},"author_info":{"info":["Redactor"]},"category_info":"<a href=\"https:\/\/pornuestrolaredo.com\/?cat=9\" rel=\"category\">El Mundo<\/a>","tag_info":"El Mundo","comment_count":"0","jetpack_featured_media_url":"https:\/\/pornuestrolaredo.com\/wp-content\/uploads\/2024\/04\/Stereo91-20240414-3.jpeg","jetpack_sharing_enabled":true,"_links":{"self":[{"href":"https:\/\/pornuestrolaredo.com\/index.php?rest_route=\/wp\/v2\/posts\/4166","targetHints":{"allow":["GET"]}}],"collection":[{"href":"https:\/\/pornuestrolaredo.com\/index.php?rest_route=\/wp\/v2\/posts"}],"about":[{"href":"https:\/\/pornuestrolaredo.com\/index.php?rest_route=\/wp\/v2\/types\/post"}],"author":[{"embeddable":true,"href":"https:\/\/pornuestrolaredo.com\/index.php?rest_route=\/wp\/v2\/users\/1"}],"replies":[{"embeddable":true,"href":"https:\/\/pornuestrolaredo.com\/index.php?rest_route=%2Fwp%2Fv2%2Fcomments&post=4166"}],"version-history":[{"count":1,"href":"https:\/\/pornuestrolaredo.com\/index.php?rest_route=\/wp\/v2\/posts\/4166\/revisions"}],"predecessor-version":[{"id":4168,"href":"https:\/\/pornuestrolaredo.com\/index.php?rest_route=\/wp\/v2\/posts\/4166\/revisions\/4168"}],"wp:featuredmedia":[{"embeddable":true,"href":"https:\/\/pornuestrolaredo.com\/index.php?rest_route=\/wp\/v2\/media\/4167"}],"wp:attachment":[{"href":"https:\/\/pornuestrolaredo.com\/index.php?rest_route=%2Fwp%2Fv2%2Fmedia&parent=4166"}],"wp:term":[{"taxonomy":"category","embeddable":true,"href":"https:\/\/pornuestrolaredo.com\/index.php?rest_route=%2Fwp%2Fv2%2Fcategories&post=4166"},{"taxonomy":"post_tag","embeddable":true,"href":"https:\/\/pornuestrolaredo.com\/index.php?rest_route=%2Fwp%2Fv2%2Ftags&post=4166"}],"curies":[{"name":"wp","href":"https:\/\/api.w.org\/{rel}","templated":true}]}}