{"id":4172,"date":"2024-04-15T02:01:44","date_gmt":"2024-04-15T02:01:44","guid":{"rendered":"https:\/\/pornuestrolaredo.com\/?p=4172"},"modified":"2024-04-15T02:01:44","modified_gmt":"2024-04-15T02:01:44","slug":"quiere-israel-responder-a-ataque-de-iran","status":"publish","type":"post","link":"https:\/\/pornuestrolaredo.com\/?p=4172","title":{"rendered":"Quiere Israel responder a ataque de Ir\u00e1n"},"content":{"rendered":"<p><strong><em>JERUSAL\u00c9N.-<\/em><\/strong> El Gabinete de Guerra del Primer Ministro israel\u00ed, Benjam\u00edn Netanyahu, est\u00e1 a favor de tomar represalias contra Ir\u00e1n por su ataque masivo con drones y misiles, pero est\u00e1 dividido sobre el momento y la escala de cualquier respuesta de este tipo, dijeron funcionarios israel\u00edes este domingo.<\/p>\n<p>El Gabinete de cinco miembros, en el que Netanyahu, el Ministro de Defensa Yoav Gallant y el Ministro del Gabinete Benny Gantz tienen poder de decisi\u00f3n, se reuni\u00f3 este 14 de abril y se esperaba que lo hiciera de nuevo para seguir debatiendo.<\/p>\n<p>Estados Unidos anunci\u00f3 este domingo que rechaza sumarse a un eventual contrataque israel\u00ed a Ir\u00e1n, al tiempo que el Presidente Joe Biden advirti\u00f3 al Primer Ministro de Israel, Benjam\u00edn Netanyahu, que &#8220;piense cuidadosamente&#8221; sobre cualquier escalada.<\/p>\n<p>La Casa Blanca dijo que Biden no quer\u00eda una guerra m\u00e1s amplia despu\u00e9s de ayudar a su aliado clave a repeler un ataque masivo con drones y misiles de Teher\u00e1n, en represalia por una presunta ofensiva israel\u00ed que mat\u00f3 a siete funcionarios iran\u00edes en Damasco el 1 de abril.<\/p>\n<blockquote><p>No queremos que esto se intensifique&#8221;, afirm\u00f3 el portavoz del Consejo de Seguridad Nacional de la Casa Blanca, John Kirby, en el programa &#8220;Meet the Press&#8221; de la cadena NBC.<\/p><\/blockquote>\n<blockquote><p>No buscamos una guerra m\u00e1s amplia con Ir\u00e1n&#8221;.<\/p><\/blockquote>\n","protected":false},"excerpt":{"rendered":"<p>Hay divisi\u00f3n del Gabinete de Guerra sobre c\u00faando y a qu\u00e9 escala atacar terrotorio iran\u00ed; EU dijo que no quer\u00eda una guerra m\u00e1s amplia<\/p>\n","protected":false},"author":1,"featured_media":4173,"comment_status":"closed","ping_status":"closed","sticky":false,"template":"","format":"standard","meta":{"_crdt_document":"","_jetpack_memberships_contains_paid_content":false,"footnotes":"","jetpack_publicize_message":"","jetpack_publicize_feature_enabled":true,"jetpack_social_post_already_shared":true,"jetpack_social_options":{"image_generator_settings":{"template":"highway","default_image_id":0,"font":"","enabled":false},"version":2},"_wpas_customize_per_network":false},"categories":[9],"tags":[],"class_list":["post-4172","post","type-post","status-publish","format-standard","has-post-thumbnail","hentry","category-el-mundo"],"magazineBlocksPostFeaturedMedia":{"thumbnail":"https:\/\/pornuestrolaredo.com\/wp-content\/uploads\/2024\/04\/Stereo91-20240414-5-150x150.jpg","medium":"https:\/\/pornuestrolaredo.com\/wp-content\/uploads\/2024\/04\/Stereo91-20240414-5-300x179.jpg","medium_large":"https:\/\/pornuestrolaredo.com\/wp-content\/uploads\/2024\/04\/Stereo91-20240414-5-768x458.jpg","large":"https:\/\/pornuestrolaredo.com\/wp-content\/uploads\/2024\/04\/Stereo91-20240414-5.jpg","1536x1536":"https:\/\/pornuestrolaredo.com\/wp-content\/uploads\/2024\/04\/Stereo91-20240414-5.jpg","2048x2048":"https:\/\/pornuestrolaredo.com\/wp-content\/uploads\/2024\/04\/Stereo91-20240414-5.jpg","morenews-large":"https:\/\/pornuestrolaredo.com\/wp-content\/uploads\/2024\/04\/Stereo91-20240414-5.jpg","morenews-medium":"https:\/\/pornuestrolaredo.com\/wp-content\/uploads\/2024\/04\/Stereo91-20240414-5.jpg"},"magazineBlocksPostAuthor":{"name":"Redactor","avatar":"https:\/\/pornuestrolaredo.com\/wp-content\/litespeed\/avatar\/dca1d7ec750c399f025f23b0b314f4cf.jpg?ver=1777612120"},"magazineBlocksPostCommentsNumber":false,"magazineBlocksPostExcerpt":"Hay divisi\u00f3n del Gabinete de Guerra sobre c\u00faando y a qu\u00e9 escala atacar terrotorio iran\u00ed; EU dijo que no quer\u00eda una guerra m\u00e1s amplia","magazineBlocksPostCategories":["El Mundo"],"magazineBlocksPostViewCount":125,"magazineBlocksPostReadTime":2,"magazine_blocks_featured_image_url":{"full":["https:\/\/pornuestrolaredo.com\/wp-content\/uploads\/2024\/04\/Stereo91-20240414-5.jpg",960,573,false],"medium":["https:\/\/pornuestrolaredo.com\/wp-content\/uploads\/2024\/04\/Stereo91-20240414-5-300x179.jpg",300,179,true],"thumbnail":["https:\/\/pornuestrolaredo.com\/wp-content\/uploads\/2024\/04\/Stereo91-20240414-5-150x150.jpg",150,150,true]},"magazine_blocks_author":{"display_name":"Redactor","author_link":"https:\/\/pornuestrolaredo.com\/?author=1"},"magazine_blocks_comment":0,"magazine_blocks_author_image":"https:\/\/pornuestrolaredo.com\/wp-content\/litespeed\/avatar\/dca1d7ec750c399f025f23b0b314f4cf.jpg?ver=1777612120","magazine_blocks_category":"<a href=\"#\" class=\"category-link category-link-9\">El Mundo<\/a>","jetpack_publicize_connections":[],"featured_image_urls":{"full":["https:\/\/pornuestrolaredo.com\/wp-content\/uploads\/2024\/04\/Stereo91-20240414-5.jpg",960,573,false],"thumbnail":["https:\/\/pornuestrolaredo.com\/wp-content\/uploads\/2024\/04\/Stereo91-20240414-5-150x150.jpg",150,150,true],"medium":["https:\/\/pornuestrolaredo.com\/wp-content\/uploads\/2024\/04\/Stereo91-20240414-5-300x179.jpg",300,179,true],"medium_large":["https:\/\/pornuestrolaredo.com\/wp-content\/uploads\/2024\/04\/Stereo91-20240414-5-768x458.jpg",640,382,true],"large":["https:\/\/pornuestrolaredo.com\/wp-content\/uploads\/2024\/04\/Stereo91-20240414-5.jpg",640,382,false],"1536x1536":["https:\/\/pornuestrolaredo.com\/wp-content\/uploads\/2024\/04\/Stereo91-20240414-5.jpg",960,573,false],"2048x2048":["https:\/\/pornuestrolaredo.com\/wp-content\/uploads\/2024\/04\/Stereo91-20240414-5.jpg",960,573,false],"morenews-large":["https:\/\/pornuestrolaredo.com\/wp-content\/uploads\/2024\/04\/Stereo91-20240414-5.jpg",825,492,false],"morenews-medium":["https:\/\/pornuestrolaredo.com\/wp-content\/uploads\/2024\/04\/Stereo91-20240414-5.jpg",590,352,false]},"author_info":{"info":["Redactor"]},"category_info":"<a href=\"https:\/\/pornuestrolaredo.com\/?cat=9\" rel=\"category\">El Mundo<\/a>","tag_info":"El Mundo","comment_count":"0","jetpack_featured_media_url":"https:\/\/pornuestrolaredo.com\/wp-content\/uploads\/2024\/04\/Stereo91-20240414-5.jpg","jetpack_sharing_enabled":true,"_links":{"self":[{"href":"https:\/\/pornuestrolaredo.com\/index.php?rest_route=\/wp\/v2\/posts\/4172","targetHints":{"allow":["GET"]}}],"collection":[{"href":"https:\/\/pornuestrolaredo.com\/index.php?rest_route=\/wp\/v2\/posts"}],"about":[{"href":"https:\/\/pornuestrolaredo.com\/index.php?rest_route=\/wp\/v2\/types\/post"}],"author":[{"embeddable":true,"href":"https:\/\/pornuestrolaredo.com\/index.php?rest_route=\/wp\/v2\/users\/1"}],"replies":[{"embeddable":true,"href":"https:\/\/pornuestrolaredo.com\/index.php?rest_route=%2Fwp%2Fv2%2Fcomments&post=4172"}],"version-history":[{"count":1,"href":"https:\/\/pornuestrolaredo.com\/index.php?rest_route=\/wp\/v2\/posts\/4172\/revisions"}],"predecessor-version":[{"id":4174,"href":"https:\/\/pornuestrolaredo.com\/index.php?rest_route=\/wp\/v2\/posts\/4172\/revisions\/4174"}],"wp:featuredmedia":[{"embeddable":true,"href":"https:\/\/pornuestrolaredo.com\/index.php?rest_route=\/wp\/v2\/media\/4173"}],"wp:attachment":[{"href":"https:\/\/pornuestrolaredo.com\/index.php?rest_route=%2Fwp%2Fv2%2Fmedia&parent=4172"}],"wp:term":[{"taxonomy":"category","embeddable":true,"href":"https:\/\/pornuestrolaredo.com\/index.php?rest_route=%2Fwp%2Fv2%2Fcategories&post=4172"},{"taxonomy":"post_tag","embeddable":true,"href":"https:\/\/pornuestrolaredo.com\/index.php?rest_route=%2Fwp%2Fv2%2Ftags&post=4172"}],"curies":[{"name":"wp","href":"https:\/\/api.w.org\/{rel}","templated":true}]}}